{"id":5830,"count":2,"description":"","link":"https:\/\/www.ilmondodeitreni.it\/blog\/?tag=jozsef-kerekgyarto","name":"J\u00f3zsef Ker\u00e9kgy\u00e1rt\u00f3","slug":"jozsef-kerekgyarto","taxonomy":"post_tag","meta":[],"_links":{"self":[{"href":"https:\/\/www.ilmondodeitreni.it\/blog\/index.php?rest_route=\/wp\/v2\/tags\/5830","targetHints":{"allow":["GET"]}}],"collection":[{"href":"https:\/\/www.ilmondodeitreni.it\/blog\/index.php?rest_route=\/wp\/v2\/tags"}],"about":[{"href":"https:\/\/www.ilmondodeitreni.it\/blog\/index.php?rest_route=\/wp\/v2\/taxonomies\/post_tag"}],"wp:post_type":[{"href":"https:\/\/www.ilmondodeitreni.it\/blog\/index.php?rest_route=%2Fwp%2Fv2%2Fposts&tags=5830"}],"curies":[{"name":"wp","href":"https:\/\/api.w.org\/{rel}","templated":true}]}}