{"id":9916,"date":"2019-10-27T03:07:07","date_gmt":"2019-10-27T02:07:07","guid":{"rendered":"http:\/\/www.ilmondodeitreni.it\/blog\/?p=9916"},"modified":"2019-10-26T23:10:08","modified_gmt":"2019-10-26T21:10:08","slug":"collegamenti-diretti-verso-malpensa-primo-bilancio-positivo","status":"publish","type":"post","link":"https:\/\/www.ilmondodeitreni.it\/blog\/?p=9916","title":{"rendered":"Collegamenti diretti verso Malpensa: primo bilancio positivo"},"content":{"rendered":"<p style=\"text-align: justify;\"><a href=\"http:\/\/www.ilmondodeitreni.it\/blog\/wp-content\/uploads\/2019\/02\/11224_luzernverkehrshaus.jpg\"><img loading=\"lazy\" decoding=\"async\" class=\"alignleft size-thumbnail wp-image-8607\" src=\"http:\/\/www.ilmondodeitreni.it\/blog\/wp-content\/uploads\/2019\/02\/11224_luzernverkehrshaus-160x120.jpg\" alt=\"\" width=\"160\" height=\"120\" srcset=\"https:\/\/www.ilmondodeitreni.it\/blog\/wp-content\/uploads\/2019\/02\/11224_luzernverkehrshaus-160x120.jpg 160w, https:\/\/www.ilmondodeitreni.it\/blog\/wp-content\/uploads\/2019\/02\/11224_luzernverkehrshaus-200x150.jpg 200w, https:\/\/www.ilmondodeitreni.it\/blog\/wp-content\/uploads\/2019\/02\/11224_luzernverkehrshaus.jpg 640w, https:\/\/www.ilmondodeitreni.it\/blog\/wp-content\/uploads\/2019\/02\/11224_luzernverkehrshaus-150x113.jpg 150w\" sizes=\"auto, (max-width: 160px) 100vw, 160px\" \/><\/a>Il prolungamento della linea TILO S50 da Varese a Malpensa Aeroporto \u00e8 stata la principale novit\u00e0 del cambio orario di giugno 2019. Grazie ai collegamenti a cadenza oraria e alla capillarit\u00e0 del servizio, con la presenza di 22 fermate tra Bellinzona e Varese, molte persone possono oggi raggiungere lo scalo internazionale direttamente dal proprio comune di domicilio. Il primo treno parte da Bellinzona alle 05.00, mentre da Malpensa l\u2019ultima partenza \u00e8 alle 23.00. I primi quattro mesi d\u2019esercizio hanno evidenziato un buon riscontro da parte della clientela, con una media di 800 persone trasportate al giorno (400 per direzione). Cifre che soddisfano le aspettative di TILO. In base alle prime stime il loro numero dovrebbe crescere nel corso dei prossimi mesi. L\u2019esercizio ferroviario tra giugno e settembre \u00e8 stato relativamente stabile. Degli oltre 2&#8217;000 treni programmati dal Ticino a Malpensa e viceversa, il 99% \u00e8 circolato regolarmente. La puntualit\u00e0 si \u00e8 rivelata molto stabile, con l\u201988% dei treni giunti a destinazione con un margine massimo di 5 minuti di ritardo ed il 98% entro i 15 minuti. Anche la linea tra Mendrisio e Varese, inaugurata ad inizio 2018, conferma i buoni risultati iniziali. Nel corso dei primi mesi di esercizio della nuova tratta erano stati registrati circa 3&#8217;000 passeggeri al giorno tra Varese e Mendrisio. La cifra \u00e8 cresciuta costantemente: a settembre 2019 si \u00e8 attestata a 4&#8217;700 passeggeri al giorno, con un aumento del 57% rispetto al gennaio 2018.<\/p>\n","protected":false},"excerpt":{"rendered":"<p>Il prolungamento della linea TILO S50 da Varese a Malpensa Aeroporto \u00e8 stata la principale novit\u00e0 del cambio orario di giugno 2019. Grazie ai collegamenti a cadenza oraria e alla capillarit\u00e0 del servizio, con la presenza di 22 fermate tra Bellinzona e Varese, molte persone possono oggi raggiungere lo scalo internazionale direttamente dal proprio comune di domicilio. Il primo treno parte da Bellinzona alle 05.00, mentre da Malpensa l\u2019ultima partenza\u2026<\/p>\n<p class=\"continue-reading-button\"> <a class=\"continue-reading-link\" href=\"https:\/\/www.ilmondodeitreni.it\/blog\/?p=9916\">Continua la lettura<i class=\"crycon-right-dir\"><\/i><\/a><\/p>\n","protected":false},"author":5,"featured_media":0,"comment_status":"open","ping_status":"open","sticky":false,"template":"","format":"standard","meta":{"footnotes":""},"categories":[2],"tags":[5,35,237,37,86],"class_list":["post-9916","post","type-post","status-publish","format-standard","hentry","category-news","tag-ferrovie","tag-ffs","tag-mendrisio","tag-svizzera","tag-tilo"],"_links":{"self":[{"href":"https:\/\/www.ilmondodeitreni.it\/blog\/index.php?rest_route=\/wp\/v2\/posts\/9916","targetHints":{"allow":["GET"]}}],"collection":[{"href":"https:\/\/www.ilmondodeitreni.it\/blog\/index.php?rest_route=\/wp\/v2\/posts"}],"about":[{"href":"https:\/\/www.ilmondodeitreni.it\/blog\/index.php?rest_route=\/wp\/v2\/types\/post"}],"author":[{"embeddable":true,"href":"https:\/\/www.ilmondodeitreni.it\/blog\/index.php?rest_route=\/wp\/v2\/users\/5"}],"replies":[{"embeddable":true,"href":"https:\/\/www.ilmondodeitreni.it\/blog\/index.php?rest_route=%2Fwp%2Fv2%2Fcomments&post=9916"}],"version-history":[{"count":1,"href":"https:\/\/www.ilmondodeitreni.it\/blog\/index.php?rest_route=\/wp\/v2\/posts\/9916\/revisions"}],"predecessor-version":[{"id":9917,"href":"https:\/\/www.ilmondodeitreni.it\/blog\/index.php?rest_route=\/wp\/v2\/posts\/9916\/revisions\/9917"}],"wp:attachment":[{"href":"https:\/\/www.ilmondodeitreni.it\/blog\/index.php?rest_route=%2Fwp%2Fv2%2Fmedia&parent=9916"}],"wp:term":[{"taxonomy":"category","embeddable":true,"href":"https:\/\/www.ilmondodeitreni.it\/blog\/index.php?rest_route=%2Fwp%2Fv2%2Fcategories&post=9916"},{"taxonomy":"post_tag","embeddable":true,"href":"https:\/\/www.ilmondodeitreni.it\/blog\/index.php?rest_route=%2Fwp%2Fv2%2Ftags&post=9916"}],"curies":[{"name":"wp","href":"https:\/\/api.w.org\/{rel}","templated":true}]}}