{"id":9907,"date":"2019-10-26T21:00:33","date_gmt":"2019-10-26T19:00:33","guid":{"rendered":"http:\/\/www.ilmondodeitreni.it\/blog\/?p=9907"},"modified":"2019-10-26T21:00:33","modified_gmt":"2019-10-26T19:00:33","slug":"manutenzione-della-metropolitana-di-genova-nella-notte-tra-martedi-29-e-mercoledi-30-ottobre","status":"publish","type":"post","link":"https:\/\/www.ilmondodeitreni.it\/blog\/?p=9907","title":{"rendered":"Manutenzione della metropolitana di Genova nella notte tra marted\u00ec 29 e mercoled\u00ec 30 ottobre"},"content":{"rendered":"<p style=\"text-align: justify;\"><a href=\"http:\/\/www.ilmondodeitreni.it\/blog\/wp-content\/uploads\/2018\/03\/IMG_20180316_092339.jpg\"><img loading=\"lazy\" decoding=\"async\" class=\"alignleft size-thumbnail wp-image-7199\" src=\"http:\/\/www.ilmondodeitreni.it\/blog\/wp-content\/uploads\/2018\/03\/IMG_20180316_092339-160x90.jpg\" alt=\"\" width=\"160\" height=\"90\" srcset=\"https:\/\/www.ilmondodeitreni.it\/blog\/wp-content\/uploads\/2018\/03\/IMG_20180316_092339-160x90.jpg 160w, https:\/\/www.ilmondodeitreni.it\/blog\/wp-content\/uploads\/2018\/03\/IMG_20180316_092339-640x359.jpg 640w, https:\/\/www.ilmondodeitreni.it\/blog\/wp-content\/uploads\/2018\/03\/IMG_20180316_092339-768x431.jpg 768w, https:\/\/www.ilmondodeitreni.it\/blog\/wp-content\/uploads\/2018\/03\/IMG_20180316_092339-1024x575.jpg 1024w, https:\/\/www.ilmondodeitreni.it\/blog\/wp-content\/uploads\/2018\/03\/IMG_20180316_092339-300x168.jpg 300w\" sizes=\"auto, (max-width: 160px) 100vw, 160px\" \/><\/a>AMT informa che <strong>dalle ore 21.30 di marted\u00ec 29 alle ore 5.00 di mercoled\u00ec 30 ottobre<\/strong>&nbsp;dovranno essere effettuate attivit\u00e0 di manutenzione in metropolitana. Contestualmente all\u2019effettuazione degli interventi, il servizio della metro dovr\u00e0 essere sospeso: le ultime partenze saranno alle&nbsp;<strong>ore 21.17 da Brignole<\/strong>&nbsp;per Brin e alle&nbsp;<strong>ore 21.10 da Brin per Brignole<\/strong>. Alle ore 5.00 di mercoled\u00ec 30 ottobre riprender\u00e0 il normale servizio diurno della metropolitana.<\/p>\n<p style=\"text-align: justify;\">Il collegamento serale con la Valpolcevera \u00e8 garantito dalla&nbsp;<strong>linea 9<\/strong>&nbsp;(Caricamento &#8211; Brin &#8211; Pontedecimo) in servizio dalle 20.15 all\u20191.20 di notte.<\/p>\n","protected":false},"excerpt":{"rendered":"<p>AMT informa che dalle ore 21.30 di marted\u00ec 29 alle ore 5.00 di mercoled\u00ec 30 ottobre&nbsp;dovranno essere effettuate attivit\u00e0 di manutenzione in metropolitana. Contestualmente all\u2019effettuazione degli interventi, il servizio della metro dovr\u00e0 essere sospeso: le ultime partenze saranno alle&nbsp;ore 21.17 da Brignole&nbsp;per Brin e alle&nbsp;ore 21.10 da Brin per Brignole. Alle ore 5.00 di mercoled\u00ec 30 ottobre riprender\u00e0 il normale servizio diurno della metropolitana. Il collegamento serale con la Valpolcevera\u2026<\/p>\n<p class=\"continue-reading-button\"> <a class=\"continue-reading-link\" href=\"https:\/\/www.ilmondodeitreni.it\/blog\/?p=9907\">Continua la lettura<i class=\"crycon-right-dir\"><\/i><\/a><\/p>\n","protected":false},"author":2,"featured_media":0,"comment_status":"open","ping_status":"open","sticky":false,"template":"","format":"standard","meta":{"footnotes":""},"categories":[2],"tags":[124,41,42],"class_list":["post-9907","post","type-post","status-publish","format-standard","hentry","category-news","tag-amt","tag-genova","tag-metropolitana"],"_links":{"self":[{"href":"https:\/\/www.ilmondodeitreni.it\/blog\/index.php?rest_route=\/wp\/v2\/posts\/9907","targetHints":{"allow":["GET"]}}],"collection":[{"href":"https:\/\/www.ilmondodeitreni.it\/blog\/index.php?rest_route=\/wp\/v2\/posts"}],"about":[{"href":"https:\/\/www.ilmondodeitreni.it\/blog\/index.php?rest_route=\/wp\/v2\/types\/post"}],"author":[{"embeddable":true,"href":"https:\/\/www.ilmondodeitreni.it\/blog\/index.php?rest_route=\/wp\/v2\/users\/2"}],"replies":[{"embeddable":true,"href":"https:\/\/www.ilmondodeitreni.it\/blog\/index.php?rest_route=%2Fwp%2Fv2%2Fcomments&post=9907"}],"version-history":[{"count":1,"href":"https:\/\/www.ilmondodeitreni.it\/blog\/index.php?rest_route=\/wp\/v2\/posts\/9907\/revisions"}],"predecessor-version":[{"id":9908,"href":"https:\/\/www.ilmondodeitreni.it\/blog\/index.php?rest_route=\/wp\/v2\/posts\/9907\/revisions\/9908"}],"wp:attachment":[{"href":"https:\/\/www.ilmondodeitreni.it\/blog\/index.php?rest_route=%2Fwp%2Fv2%2Fmedia&parent=9907"}],"wp:term":[{"taxonomy":"category","embeddable":true,"href":"https:\/\/www.ilmondodeitreni.it\/blog\/index.php?rest_route=%2Fwp%2Fv2%2Fcategories&post=9907"},{"taxonomy":"post_tag","embeddable":true,"href":"https:\/\/www.ilmondodeitreni.it\/blog\/index.php?rest_route=%2Fwp%2Fv2%2Ftags&post=9907"}],"curies":[{"name":"wp","href":"https:\/\/api.w.org\/{rel}","templated":true}]}}