{"id":9857,"date":"2019-10-16T16:55:06","date_gmt":"2019-10-16T14:55:06","guid":{"rendered":"http:\/\/www.ilmondodeitreni.it\/blog\/?p=9857"},"modified":"2019-10-16T16:55:06","modified_gmt":"2019-10-16T14:55:06","slug":"mobilita-inaugurata-la-nuova-stazione-di-stava","status":"publish","type":"post","link":"https:\/\/www.ilmondodeitreni.it\/blog\/?p=9857","title":{"rendered":"Mobilit\u00e0: inaugurata la nuova stazione di Stava"},"content":{"rendered":"<p style=\"text-align: justify;\"><a href=\"http:\/\/www.ilmondodeitreni.it\/blog\/wp-content\/uploads\/2019\/10\/1044953__sad_casanova.jpg\"><img loading=\"lazy\" decoding=\"async\" class=\"alignleft size-thumbnail wp-image-9850\" src=\"http:\/\/www.ilmondodeitreni.it\/blog\/wp-content\/uploads\/2019\/10\/1044953__sad_casanova-160x107.jpg\" alt=\"\" width=\"160\" height=\"107\" srcset=\"https:\/\/www.ilmondodeitreni.it\/blog\/wp-content\/uploads\/2019\/10\/1044953__sad_casanova-160x107.jpg 160w, https:\/\/www.ilmondodeitreni.it\/blog\/wp-content\/uploads\/2019\/10\/1044953__sad_casanova-640x427.jpg 640w, https:\/\/www.ilmondodeitreni.it\/blog\/wp-content\/uploads\/2019\/10\/1044953__sad_casanova-768x512.jpg 768w, https:\/\/www.ilmondodeitreni.it\/blog\/wp-content\/uploads\/2019\/10\/1044953__sad_casanova-1024x683.jpg 1024w, https:\/\/www.ilmondodeitreni.it\/blog\/wp-content\/uploads\/2019\/10\/1044953__sad_casanova-225x150.jpg 225w, https:\/\/www.ilmondodeitreni.it\/blog\/wp-content\/uploads\/2019\/10\/1044953__sad_casanova-150x100.jpg 150w, https:\/\/www.ilmondodeitreni.it\/blog\/wp-content\/uploads\/2019\/10\/1044953__sad_casanova.jpg 1140w\" sizes=\"auto, (max-width: 160px) 100vw, 160px\" \/><\/a>La&nbsp;<strong>stazione ferroviaria di Stava<\/strong>, nel Comune di Naturno, che in passato era la fermata a richiesta in corrispondenza della Val Senales, \u00e8 oggi un vero e proprio&nbsp;<strong>punto nodale<\/strong> della mobilit\u00e0 sia per quanto riguarda i treni che gli autobus nella prospettiva dell\u2019elettrificazione della linea della Val Venosta. Ieri, 15 ottobre, si \u00e8 svolta la cerimonia di inaugurazione della struttura alla presenza dell\u2019assessore provinciale alla mobilit\u00e0, <strong>Daniel Alfreider<\/strong>, del sindaco&nbsp;<strong>Andreas Heidegger<\/strong>, del presidente della Comunit\u00e0 comprensoriale,&nbsp;<strong>Alois Peter Kr\u00f6ll<\/strong>, del presidente e del direttore della STA, rispettivamente&nbsp;<strong>Martin Ausserdorfer<\/strong>&nbsp;e&nbsp;<strong>Joachim Dejaco<\/strong>. Nel suo intervento l\u2019assessore provinciale&nbsp;<strong>Daniel Alfreider<\/strong>&nbsp;ha definito la nuova stazione di Stava come una vera e propria struttura modello dotata di parcheggi, collegamenti degli autobus ed accesso alla pista ciclabile. \u201cLa nuova stazione rappresenta un&nbsp;<strong>modello per una migliore mobilit\u00e0<\/strong> che favorisce il passaggio dai mezzi privati a quelli pubblici ed in particolare alla ferrovia. La mobilit\u00e0 sostenibile riguarda tutti i cittadini\u201d ha affermato Alfreider. Analoghi concetti sono stati quindi sottolineati e ribaditi dalle altre autorit\u00e0 presenti. Nell\u2019 ambito dei lavori di ristrutturazione \u00e8 stato lasciato inalterato l\u2019edificio storico della stazione ed ulteriormente valorizzato grazie ad un\u2019ampia superficie verde. \u00c8 stato ristrutturato ex novo il sottopasso per i pedoni dotato di ascensore che consente un accesso sicuro e privo di <strong>barriere architettoniche<\/strong> ai binari. La pensilina \u00e8 stata allungata sino agli attuali 125 metri adeguandola alle esigenze dei treni composti da sei vagoni che circoleranno lungo la linea della Val Venosta dopo l\u2019elettrificazione. Per il momento si fermeranno nella nuova stazione di Stava i treni regionali, dopo l\u2019elettrificazione anche questa stazione verr\u00e0 inserita nel collegamento dei mezzi pubblici con cadenza ogni mezz\u2019ora. I ciclisti potranno accedere alla stazione direttamente dalla pista ciclabile e potranno parcheggiarvi il loro mezzo. I pedoni possono raggiungere la stazione grazie al nuovo marciapiede o attraverso la pista ciclabile. Nell\u2019ambito della ristrutturazione \u00e8 stato sistemato anche il piazzale antistante la stazione dove gi\u00e0 ora vi \u00e8 il capolinea degli autobus della linea 261 (Senales-Naturno-Tabl\u00e0-Stava) e della linea 267 (Laces-Castelbello-Stava).<\/p>\n","protected":false},"excerpt":{"rendered":"<p>La&nbsp;stazione ferroviaria di Stava, nel Comune di Naturno, che in passato era la fermata a richiesta in corrispondenza della Val Senales, \u00e8 oggi un vero e proprio&nbsp;punto nodale della mobilit\u00e0 sia per quanto riguarda i treni che gli autobus nella prospettiva dell\u2019elettrificazione della linea della Val Venosta. Ieri, 15 ottobre, si \u00e8 svolta la cerimonia di inaugurazione della struttura alla presenza dell\u2019assessore provinciale alla mobilit\u00e0, Daniel Alfreider, del sindaco&nbsp;Andreas Heidegger,\u2026<\/p>\n<p class=\"continue-reading-button\"> <a class=\"continue-reading-link\" href=\"https:\/\/www.ilmondodeitreni.it\/blog\/?p=9857\">Continua la lettura<i class=\"crycon-right-dir\"><\/i><\/a><\/p>\n","protected":false},"author":7,"featured_media":0,"comment_status":"open","ping_status":"open","sticky":false,"template":"","format":"standard","meta":{"footnotes":""},"categories":[2],"tags":[6478,4358,6476,6477,5335,2735,6374,69,5343,5401,4210],"class_list":["post-9857","post","type-post","status-publish","format-standard","hentry","category-news","tag-alois-peter-kroll","tag-alto-adige","tag-andreas-heidegger","tag-comune-di-naturno","tag-daniel-alfreider","tag-joachim-dejaco","tag-martin-ausserdorfer","tag-mobilita","tag-sta","tag-stava","tag-val-venosta"],"_links":{"self":[{"href":"https:\/\/www.ilmondodeitreni.it\/blog\/index.php?rest_route=\/wp\/v2\/posts\/9857","targetHints":{"allow":["GET"]}}],"collection":[{"href":"https:\/\/www.ilmondodeitreni.it\/blog\/index.php?rest_route=\/wp\/v2\/posts"}],"about":[{"href":"https:\/\/www.ilmondodeitreni.it\/blog\/index.php?rest_route=\/wp\/v2\/types\/post"}],"author":[{"embeddable":true,"href":"https:\/\/www.ilmondodeitreni.it\/blog\/index.php?rest_route=\/wp\/v2\/users\/7"}],"replies":[{"embeddable":true,"href":"https:\/\/www.ilmondodeitreni.it\/blog\/index.php?rest_route=%2Fwp%2Fv2%2Fcomments&post=9857"}],"version-history":[{"count":1,"href":"https:\/\/www.ilmondodeitreni.it\/blog\/index.php?rest_route=\/wp\/v2\/posts\/9857\/revisions"}],"predecessor-version":[{"id":9858,"href":"https:\/\/www.ilmondodeitreni.it\/blog\/index.php?rest_route=\/wp\/v2\/posts\/9857\/revisions\/9858"}],"wp:attachment":[{"href":"https:\/\/www.ilmondodeitreni.it\/blog\/index.php?rest_route=%2Fwp%2Fv2%2Fmedia&parent=9857"}],"wp:term":[{"taxonomy":"category","embeddable":true,"href":"https:\/\/www.ilmondodeitreni.it\/blog\/index.php?rest_route=%2Fwp%2Fv2%2Fcategories&post=9857"},{"taxonomy":"post_tag","embeddable":true,"href":"https:\/\/www.ilmondodeitreni.it\/blog\/index.php?rest_route=%2Fwp%2Fv2%2Ftags&post=9857"}],"curies":[{"name":"wp","href":"https:\/\/api.w.org\/{rel}","templated":true}]}}