{"id":9841,"date":"2019-10-09T10:20:25","date_gmt":"2019-10-09T08:20:25","guid":{"rendered":"http:\/\/www.ilmondodeitreni.it\/blog\/?p=9841"},"modified":"2019-10-08T22:25:00","modified_gmt":"2019-10-08T20:25:00","slug":"sta-approvata-la-nuova-convenzione-con-la-provincia-di-bolzano","status":"publish","type":"post","link":"https:\/\/www.ilmondodeitreni.it\/blog\/?p=9841","title":{"rendered":"STA, approvata la nuova convenzione con la Provincia di Bolzano"},"content":{"rendered":"<p style=\"text-align: justify;\"><a href=\"http:\/\/www.ilmondodeitreni.it\/blog\/wp-content\/uploads\/2018\/11\/1014812.jpg\"><img loading=\"lazy\" decoding=\"async\" class=\"alignleft size-thumbnail wp-image-8159\" src=\"http:\/\/www.ilmondodeitreni.it\/blog\/wp-content\/uploads\/2018\/11\/1014812-160x84.jpg\" alt=\"\" width=\"160\" height=\"84\" srcset=\"https:\/\/www.ilmondodeitreni.it\/blog\/wp-content\/uploads\/2018\/11\/1014812-160x84.jpg 160w, https:\/\/www.ilmondodeitreni.it\/blog\/wp-content\/uploads\/2018\/11\/1014812-640x338.jpg 640w, https:\/\/www.ilmondodeitreni.it\/blog\/wp-content\/uploads\/2018\/11\/1014812-768x405.jpg 768w, https:\/\/www.ilmondodeitreni.it\/blog\/wp-content\/uploads\/2018\/11\/1014812-250x132.jpg 250w, https:\/\/www.ilmondodeitreni.it\/blog\/wp-content\/uploads\/2018\/11\/1014812-150x79.jpg 150w, https:\/\/www.ilmondodeitreni.it\/blog\/wp-content\/uploads\/2018\/11\/1014812.jpg 800w\" sizes=\"auto, (max-width: 160px) 100vw, 160px\" \/><\/a>STA &#8211; Strutture Trasporto Alto Adige \u00e8 una societ\u00e0 inhouse della Provincia con la quale \u00e8 in atto una convenzione di servizio in scadenza a fine anno. La Giunta provinciale ha approvato&nbsp; lo scorso 8 ottobre la nuova convenzione che partir\u00e0 dal 1\u00b0 gennaio 2020 per terminare il 30 aprile 2030. La societ\u00e0 \u00e8 il nucleo operativo della Provincia nei settori del trasporto pubblico locale e della mobilit\u00e0 sostenibile. Si occupa dello sviluppo, della progettazione e della realizzazione di progetti e servizi per il trasporto pubblico locale, con misure per lo sviluppo di una mobilit\u00e0 pubblica di elevata qualit\u00e0 e sostenibile in Alto Adige puntando a potenziare le linee ferroviarie e le autolinee. Tra i suoi compiti vi \u00e8 la promozione del trasporto pubblico e le attivit\u00e0 di sensibilizzazione al riguardo. &#8220;Intendiamo garantire un trasporto pubblico moderno e innovativo migliorando e sviluppando sempre pi\u00f9 la rete di servizi di collegamento dai centri abitati e produttivi fino alle zone pi\u00f9 periferiche della nostra provincia&#8221;, afferma l\u2019assessore provinciale alla mobilit\u00e0 Daniel Alfreider sottolineando che &#8220;per concretizzare questo obiettivo continueremo a fare affidamento su STA quale partner competente e fidato&#8221;. La STA &#8211; Strutture Trasporto Alto Adige Spa, all\u2019inizio societ\u00e0 amministratrice degli immobili nel settore trasporti, ha assunto negli anni la gestione della linea ferroviaria della val Venosta e del Safety Park di Vadena. Coordina, inoltre, il settore Green Mobility dal 2015, e dal 2018 il settore sistemi informativi e tariffari.<\/p>\n","protected":false},"excerpt":{"rendered":"<p>STA &#8211; Strutture Trasporto Alto Adige \u00e8 una societ\u00e0 inhouse della Provincia con la quale \u00e8 in atto una convenzione di servizio in scadenza a fine anno. La Giunta provinciale ha approvato&nbsp; lo scorso 8 ottobre la nuova convenzione che partir\u00e0 dal 1\u00b0 gennaio 2020 per terminare il 30 aprile 2030. La societ\u00e0 \u00e8 il nucleo operativo della Provincia nei settori del trasporto pubblico locale e della mobilit\u00e0 sostenibile. Si\u2026<\/p>\n<p class=\"continue-reading-button\"> <a class=\"continue-reading-link\" href=\"https:\/\/www.ilmondodeitreni.it\/blog\/?p=9841\">Continua la lettura<i class=\"crycon-right-dir\"><\/i><\/a><\/p>\n","protected":false},"author":10,"featured_media":0,"comment_status":"open","ping_status":"open","sticky":false,"template":"","format":"standard","meta":{"footnotes":""},"categories":[2],"tags":[5335,6461,6348,4816,6462,5029],"class_list":["post-9841","post","type-post","status-publish","format-standard","hentry","category-news","tag-daniel-alfreider","tag-ferroviaria-della-val-venosta","tag-green-mobility","tag-provincia-di-bolzano","tag-safety-park-di-vadena","tag-sta-strutture-trasporto-alto-adige"],"_links":{"self":[{"href":"https:\/\/www.ilmondodeitreni.it\/blog\/index.php?rest_route=\/wp\/v2\/posts\/9841","targetHints":{"allow":["GET"]}}],"collection":[{"href":"https:\/\/www.ilmondodeitreni.it\/blog\/index.php?rest_route=\/wp\/v2\/posts"}],"about":[{"href":"https:\/\/www.ilmondodeitreni.it\/blog\/index.php?rest_route=\/wp\/v2\/types\/post"}],"author":[{"embeddable":true,"href":"https:\/\/www.ilmondodeitreni.it\/blog\/index.php?rest_route=\/wp\/v2\/users\/10"}],"replies":[{"embeddable":true,"href":"https:\/\/www.ilmondodeitreni.it\/blog\/index.php?rest_route=%2Fwp%2Fv2%2Fcomments&post=9841"}],"version-history":[{"count":1,"href":"https:\/\/www.ilmondodeitreni.it\/blog\/index.php?rest_route=\/wp\/v2\/posts\/9841\/revisions"}],"predecessor-version":[{"id":9842,"href":"https:\/\/www.ilmondodeitreni.it\/blog\/index.php?rest_route=\/wp\/v2\/posts\/9841\/revisions\/9842"}],"wp:attachment":[{"href":"https:\/\/www.ilmondodeitreni.it\/blog\/index.php?rest_route=%2Fwp%2Fv2%2Fmedia&parent=9841"}],"wp:term":[{"taxonomy":"category","embeddable":true,"href":"https:\/\/www.ilmondodeitreni.it\/blog\/index.php?rest_route=%2Fwp%2Fv2%2Fcategories&post=9841"},{"taxonomy":"post_tag","embeddable":true,"href":"https:\/\/www.ilmondodeitreni.it\/blog\/index.php?rest_route=%2Fwp%2Fv2%2Ftags&post=9841"}],"curies":[{"name":"wp","href":"https:\/\/api.w.org\/{rel}","templated":true}]}}