{"id":9837,"date":"2019-10-08T15:46:50","date_gmt":"2019-10-08T13:46:50","guid":{"rendered":"http:\/\/www.ilmondodeitreni.it\/blog\/?p=9837"},"modified":"2019-10-07T21:54:37","modified_gmt":"2019-10-07T19:54:37","slug":"manutenzione-della-metropolitana-di-genova-nella-notte-tra-mercoledi-9-e-giovedi-10-ottobre","status":"publish","type":"post","link":"https:\/\/www.ilmondodeitreni.it\/blog\/?p=9837","title":{"rendered":"Manutenzione della metropolitana di Genova nella notte tra mercoled\u00ec 9 e gioved\u00ec 10 ottobre"},"content":{"rendered":"<p style=\"text-align: justify;\"><a href=\"http:\/\/www.ilmondodeitreni.it\/blog\/wp-content\/uploads\/2018\/11\/GVB_Alstom_Metropolis.jpg\"><img loading=\"lazy\" decoding=\"async\" class=\"alignleft size-thumbnail wp-image-8185\" src=\"http:\/\/www.ilmondodeitreni.it\/blog\/wp-content\/uploads\/2018\/11\/GVB_Alstom_Metropolis-160x107.jpg\" alt=\"\" width=\"160\" height=\"107\" srcset=\"https:\/\/www.ilmondodeitreni.it\/blog\/wp-content\/uploads\/2018\/11\/GVB_Alstom_Metropolis-160x107.jpg 160w, https:\/\/www.ilmondodeitreni.it\/blog\/wp-content\/uploads\/2018\/11\/GVB_Alstom_Metropolis-640x427.jpg 640w, https:\/\/www.ilmondodeitreni.it\/blog\/wp-content\/uploads\/2018\/11\/GVB_Alstom_Metropolis-768x512.jpg 768w, https:\/\/www.ilmondodeitreni.it\/blog\/wp-content\/uploads\/2018\/11\/GVB_Alstom_Metropolis.jpg 1024w, https:\/\/www.ilmondodeitreni.it\/blog\/wp-content\/uploads\/2018\/11\/GVB_Alstom_Metropolis-225x150.jpg 225w, https:\/\/www.ilmondodeitreni.it\/blog\/wp-content\/uploads\/2018\/11\/GVB_Alstom_Metropolis-150x100.jpg 150w\" sizes=\"auto, (max-width: 160px) 100vw, 160px\" \/><\/a>AMT informa che&nbsp;<strong>dalle ore 21.30 di mercoled\u00ec 9 alle ore 5.00 di gioved\u00ec 10 ottobre<\/strong>&nbsp;dovranno essere effettuate attivit\u00e0 di manutenzione in metropolitana. Contestualmente all\u2019effettuazione degli interventi, il servizio della metro dovr\u00e0 essere sospeso: le ultime partenze saranno alle&nbsp;<strong>ore 21.17 da Brignole<\/strong>&nbsp;per Brin e alle&nbsp;<strong>ore 21.10 da Brin per Brignole<\/strong>. Alle ore 5.00 di gioved\u00ec 10 ottobre riprender\u00e0 il normale servizio diurno della metropolitana. Il collegamento serale con la Valpolcevera \u00e8 garantito dalla&nbsp;<strong>linea 9<\/strong>&nbsp;(Caricamento &#8211; Brin &#8211; Pontedecimo) in servizio dalle 20.15 all\u20191.20 di notte.<\/p>\n","protected":false},"excerpt":{"rendered":"<p>AMT informa che&nbsp;dalle ore 21.30 di mercoled\u00ec 9 alle ore 5.00 di gioved\u00ec 10 ottobre&nbsp;dovranno essere effettuate attivit\u00e0 di manutenzione in metropolitana. Contestualmente all\u2019effettuazione degli interventi, il servizio della metro dovr\u00e0 essere sospeso: le ultime partenze saranno alle&nbsp;ore 21.17 da Brignole&nbsp;per Brin e alle&nbsp;ore 21.10 da Brin per Brignole. Alle ore 5.00 di gioved\u00ec 10 ottobre riprender\u00e0 il normale servizio diurno della metropolitana. Il collegamento serale con la Valpolcevera \u00e8\u2026<\/p>\n<p class=\"continue-reading-button\"> <a class=\"continue-reading-link\" href=\"https:\/\/www.ilmondodeitreni.it\/blog\/?p=9837\">Continua la lettura<i class=\"crycon-right-dir\"><\/i><\/a><\/p>\n","protected":false},"author":9,"featured_media":0,"comment_status":"open","ping_status":"open","sticky":false,"template":"","format":"standard","meta":{"footnotes":""},"categories":[2],"tags":[124,41,42],"class_list":["post-9837","post","type-post","status-publish","format-standard","hentry","category-news","tag-amt","tag-genova","tag-metropolitana"],"_links":{"self":[{"href":"https:\/\/www.ilmondodeitreni.it\/blog\/index.php?rest_route=\/wp\/v2\/posts\/9837","targetHints":{"allow":["GET"]}}],"collection":[{"href":"https:\/\/www.ilmondodeitreni.it\/blog\/index.php?rest_route=\/wp\/v2\/posts"}],"about":[{"href":"https:\/\/www.ilmondodeitreni.it\/blog\/index.php?rest_route=\/wp\/v2\/types\/post"}],"author":[{"embeddable":true,"href":"https:\/\/www.ilmondodeitreni.it\/blog\/index.php?rest_route=\/wp\/v2\/users\/9"}],"replies":[{"embeddable":true,"href":"https:\/\/www.ilmondodeitreni.it\/blog\/index.php?rest_route=%2Fwp%2Fv2%2Fcomments&post=9837"}],"version-history":[{"count":1,"href":"https:\/\/www.ilmondodeitreni.it\/blog\/index.php?rest_route=\/wp\/v2\/posts\/9837\/revisions"}],"predecessor-version":[{"id":9838,"href":"https:\/\/www.ilmondodeitreni.it\/blog\/index.php?rest_route=\/wp\/v2\/posts\/9837\/revisions\/9838"}],"wp:attachment":[{"href":"https:\/\/www.ilmondodeitreni.it\/blog\/index.php?rest_route=%2Fwp%2Fv2%2Fmedia&parent=9837"}],"wp:term":[{"taxonomy":"category","embeddable":true,"href":"https:\/\/www.ilmondodeitreni.it\/blog\/index.php?rest_route=%2Fwp%2Fv2%2Fcategories&post=9837"},{"taxonomy":"post_tag","embeddable":true,"href":"https:\/\/www.ilmondodeitreni.it\/blog\/index.php?rest_route=%2Fwp%2Fv2%2Ftags&post=9837"}],"curies":[{"name":"wp","href":"https:\/\/api.w.org\/{rel}","templated":true}]}}