{"id":980,"date":"2014-12-24T12:00:06","date_gmt":"2014-12-24T11:00:06","guid":{"rendered":"http:\/\/www.ilmondodeitreni.it\/blog\/?p=980"},"modified":"2014-12-23T15:04:59","modified_gmt":"2014-12-23T14:04:59","slug":"trentino-in-arrivo-sei-nuovi-treni-firmato-contratto-tra-provincia-e-trenitalia","status":"publish","type":"post","link":"https:\/\/www.ilmondodeitreni.it\/blog\/?p=980","title":{"rendered":"Trentino: in arrivo sei nuovi treni. Firmato contratto tra Provincia e Trenitalia"},"content":{"rendered":"<p style=\"text-align: justify;\"><a href=\"http:\/\/www.ilmondodeitreni.it\/blog\/wp-content\/uploads\/2014\/11\/E464464termini1.jpg\"><img loading=\"lazy\" decoding=\"async\" class=\"alignleft size-thumbnail wp-image-194\" src=\"http:\/\/www.ilmondodeitreni.it\/blog\/wp-content\/uploads\/2014\/11\/E464464termini1-150x150.jpg\" alt=\"E464464termini\" width=\"150\" height=\"150\" \/><\/a>Il rinnovo ci permette di risparmiare e di investire per migliorare la qualit\u00e0 dei nostri trasporti\u201d. Cosi l\u2019assessore provinciale Mauro Gilmozzi ha commentato il nuovo contratto, a valere dal gennaio 2016 ma con benefici economici gi\u00e0 da gennaio 2015, fra la Provincia autonoma di Trento e Treintalia per il servizio ferroviario regionale. \u201cGrazie a questa operazione \u2013 ha spiegato Gilmozzi \u2013 \u00a0riusciamo ad ottenere alcune cose importanti, come l\u2019acquisto di sei nuovi treni e la copertura finanziaria per migliorare, senza aumentare le tariffe, i trasporti pubblici, sia quelli in house che quelli privati e per sistemare le barriere antirumore nel cuore della citt\u00e0 di Trento, ovvero nell\u2019area che va dalla stazione a via Lavisotto\u201d. &#8220;Con i nuovi treni &#8211; ha aggiunto l&#8217;assessore Gilmozzi &#8211; pi\u00f9 del 70% delle corse sul fondovalle lungo la linea del Brennero \u00a0(la competenza provinciale va da Trento a Verona) avverranno con mezzi nuovi e considerato che Bolzano sta facendo un&#8217;operazione analoga, entro 5 anni contiamo di avere il 100% di nuovi treni per servire questa tratta&#8221;.<br \/>\nIl prossimo 31 dicembre scadr\u00e0 il contratto di servizio, stipulato 6 anni fa, che regola l\u2019affidamento a Trenitalia di una parte del servizio ferroviario regionale di competenza della Provincia Autonoma di Trento. Il contratto di servizio \u00e8 l\u2019unica modalit\u00e0 prevista dalla normativa europea per regolare in piena trasparenza e chiarezza le obbligazioni delle imprese ferroviarie ed i pagamenti effettuati dalla Provincia per finanziare il servizio di trasporto pubblico ferroviario. Il nuovo contratto di servizio, che partir\u00e0 con il primo gennaio 2016 (e riflessi economici gi\u00e0 per il 2015) avr\u00e0 una durata di 9 anni e decorrer\u00e0 dal termine di un periodo di proroga dell\u2019attuale contratto, necessario per garantire i 12 mesi di preinformazione richiesti dalla legge. Sar\u00e0 confermato il tipo Net Cost del contratto, con rischio commerciale sugli introiti tariffari in capo a Trenitalia. In relazione alle condizioni indicate, non solo la Provincia beneficia di una riduzione media<\/p>\n","protected":false},"excerpt":{"rendered":"<p>Il rinnovo ci permette di risparmiare e di investire per migliorare la qualit\u00e0 dei nostri trasporti\u201d. Cosi l\u2019assessore provinciale Mauro Gilmozzi ha commentato il nuovo contratto, a valere dal gennaio 2016 ma con benefici economici gi\u00e0 da gennaio 2015, fra la Provincia autonoma di Trento e Treintalia per il servizio ferroviario regionale. \u201cGrazie a questa operazione \u2013 ha spiegato Gilmozzi \u2013 \u00a0riusciamo ad ottenere alcune cose importanti, come l\u2019acquisto di\u2026<\/p>\n<p class=\"continue-reading-button\"> <a class=\"continue-reading-link\" href=\"https:\/\/www.ilmondodeitreni.it\/blog\/?p=980\">Continua la lettura<i class=\"crycon-right-dir\"><\/i><\/a><\/p>\n","protected":false},"author":1,"featured_media":0,"comment_status":"open","ping_status":"open","sticky":false,"template":"","format":"standard","meta":{"footnotes":""},"categories":[2],"tags":[636,5,634,637,23,635],"class_list":["post-980","post","type-post","status-publish","format-standard","hentry","category-news","tag-brennero","tag-ferrovie","tag-mauro-gilmozzi","tag-provincia-autonoma-di-trento","tag-trenitalia","tag-trento"],"_links":{"self":[{"href":"https:\/\/www.ilmondodeitreni.it\/blog\/index.php?rest_route=\/wp\/v2\/posts\/980","targetHints":{"allow":["GET"]}}],"collection":[{"href":"https:\/\/www.ilmondodeitreni.it\/blog\/index.php?rest_route=\/wp\/v2\/posts"}],"about":[{"href":"https:\/\/www.ilmondodeitreni.it\/blog\/index.php?rest_route=\/wp\/v2\/types\/post"}],"author":[{"embeddable":true,"href":"https:\/\/www.ilmondodeitreni.it\/blog\/index.php?rest_route=\/wp\/v2\/users\/1"}],"replies":[{"embeddable":true,"href":"https:\/\/www.ilmondodeitreni.it\/blog\/index.php?rest_route=%2Fwp%2Fv2%2Fcomments&post=980"}],"version-history":[{"count":1,"href":"https:\/\/www.ilmondodeitreni.it\/blog\/index.php?rest_route=\/wp\/v2\/posts\/980\/revisions"}],"predecessor-version":[{"id":981,"href":"https:\/\/www.ilmondodeitreni.it\/blog\/index.php?rest_route=\/wp\/v2\/posts\/980\/revisions\/981"}],"wp:attachment":[{"href":"https:\/\/www.ilmondodeitreni.it\/blog\/index.php?rest_route=%2Fwp%2Fv2%2Fmedia&parent=980"}],"wp:term":[{"taxonomy":"category","embeddable":true,"href":"https:\/\/www.ilmondodeitreni.it\/blog\/index.php?rest_route=%2Fwp%2Fv2%2Fcategories&post=980"},{"taxonomy":"post_tag","embeddable":true,"href":"https:\/\/www.ilmondodeitreni.it\/blog\/index.php?rest_route=%2Fwp%2Fv2%2Ftags&post=980"}],"curies":[{"name":"wp","href":"https:\/\/api.w.org\/{rel}","templated":true}]}}