{"id":9729,"date":"2019-09-11T23:15:04","date_gmt":"2019-09-11T21:15:04","guid":{"rendered":"http:\/\/www.ilmondodeitreni.it\/blog\/?p=9729"},"modified":"2019-09-11T23:11:02","modified_gmt":"2019-09-11T21:11:02","slug":"sette-nuovi-treni-per-lalto-adige-e-leuregio","status":"publish","type":"post","link":"https:\/\/www.ilmondodeitreni.it\/blog\/?p=9729","title":{"rendered":"Sette nuovi treni per l&#8217;Alto Adige e l&#8217;Euregio"},"content":{"rendered":"<p style=\"text-align: justify;\"><a href=\"http:\/\/www.ilmondodeitreni.it\/blog\/wp-content\/uploads\/2019\/06\/1014812.jpg\"><img loading=\"lazy\" decoding=\"async\" class=\"alignleft size-thumbnail wp-image-9325\" src=\"http:\/\/www.ilmondodeitreni.it\/blog\/wp-content\/uploads\/2019\/06\/1014812-160x84.jpg\" alt=\"\" width=\"160\" height=\"84\" srcset=\"https:\/\/www.ilmondodeitreni.it\/blog\/wp-content\/uploads\/2019\/06\/1014812-160x84.jpg 160w, https:\/\/www.ilmondodeitreni.it\/blog\/wp-content\/uploads\/2019\/06\/1014812-640x338.jpg 640w, https:\/\/www.ilmondodeitreni.it\/blog\/wp-content\/uploads\/2019\/06\/1014812-768x405.jpg 768w, https:\/\/www.ilmondodeitreni.it\/blog\/wp-content\/uploads\/2019\/06\/1014812-250x132.jpg 250w, https:\/\/www.ilmondodeitreni.it\/blog\/wp-content\/uploads\/2019\/06\/1014812-150x79.jpg 150w, https:\/\/www.ilmondodeitreni.it\/blog\/wp-content\/uploads\/2019\/06\/1014812.jpg 800w\" sizes=\"auto, (max-width: 160px) 100vw, 160px\" \/><\/a>Promuovere una mobilit\u00e0 sicura e pulita, favorire il trasferimento del traffico su rotaia e rafforzare i collegamenti transfrontalieri nell&#8217;area dell\u2019Euregio: questi gli obiettivi dell&#8217;acquisto di 7&nbsp;<strong>nuovi treni<\/strong>&nbsp;da parte della Provincia di Bolzano che verranno prodotti nella sua sede europea dall\u2019azienda canadese Bombardier. L&#8217;acquisto dei treni avverr\u00e0 tramite la partecipata della Provincia&nbsp;<strong>STA &#8211; Strutture Trasporto Alto Adige<\/strong>. Nel corso di una conferenza stampa tenutasi oggi (11 settembre) a Bolzano, l&#8217;assessore alla mobilit\u00e0 Daniel Alfreider, il presidente di STA Martin Ausserdorfer e il rappresentante italiano della Bombardier, <strong>Marco Biffoni<\/strong>, hanno presentato i dettagli dell&#8217;acquisto dei 7&nbsp;<strong>Bombardier Talent3<\/strong>.&nbsp; &#8220;L&#8217;acquisto di 7 nuovi convogli, che saranno realizzati entro un paio d&#8217;anni, \u00e8 un passo importante nella nostra strategia per una&nbsp;<strong>mobilit\u00e0 alpina sostenibile<\/strong>. Come altoatesini, attribuiamo grande importanza ai collegamenti ferroviari transfrontalieri affinch\u00e9 il treno diventi l&#8217;alternativa migliore all&#8217;auto privata in tutta l&#8217;Euregio&#8221;, ha spiegato Daniel&nbsp;<strong>Alfreider.<\/strong>&nbsp;Il passaggio da gomma a rotaia \u00e8 importante anche per il trasporto locale, e con il potenziamento dei collegamenti ferroviari in tutta l&#8217;Euregio si potr\u00e0 diminuire il traffico lungo l\u2019asse del Brennero. \u201cLa modernizzazione del parco mezzi significa maggiore qualit\u00e0 e una mobilit\u00e0 pi\u00f9 efficiente per gli altoatesini e per i turisti&#8221;, ha detto Alfreider, sottolineando che grazie ai nuovi treni la maggior parte del&nbsp;<strong>traffico ferroviario<\/strong> locale potr\u00e0 essere sviluppato con materiale rotabile moderno. Il presidente di STA,&nbsp;<strong>Martin Ausserdorfer<\/strong>,&nbsp;ricordando le 10 milioni di obliterazioni&nbsp;ogni&nbsp;anno del trasporto ferroviario in Alto Adige,&nbsp;ha spiegato che i nuovi convogli sono 7 treni elettrici Talent3, il cui acquisto \u00e8 stato eseguito tramite una gara d&#8217;appalto europea nell&#8217;ottobre 2018 con un investimento totale di 64,16 milioni di euro, 3,7 dei quali sono gi\u00e0 stati stanziati dal&nbsp;<strong>Fondo statale per lo sviluppo e la coesione<\/strong>. Il bando di gara comprende anche la possibilit\u00e0 di acquistare altri 25 veicoli supplementari, la manutenzione regolare dei treni e la consegna di pezzi di ricambio. Anche il Land Tirolo ha acquistato 6 nuovi treni Talent che potranno viaggeranno nel&nbsp;<strong>traffico ferroviario<\/strong> transfrontaliero e, di conseguenza, anche in Alto Adige.&nbsp; <strong>Marco Biffoni<\/strong>, Direttore commerciale Italia di&nbsp;<strong>Bombardier<\/strong>&nbsp;Transportation, ha aggiunto che l\u2019azienda canadese vuole \u201caiutare l&#8217;Alto Adige e STA ad attuare i loro piani di mobilit\u00e0 a lungo termine. I&nbsp;<strong>treni regionali<\/strong>&nbsp;Talent3, con il loro design, l\u2019affidabilit\u00e0 e la grande capacit\u00e0 di posti a sedere, offriranno un&#8217;ottima esperienza di viaggio per i passeggeri e i turisti in visita in Alto Adige\u201d. I nuovi&nbsp;<strong>treni Talent3<\/strong>&nbsp;sono dotati di un sistema di trazione multipla combinato con il sistema di segnalamento europeo ETCS, possono viaggiare lungo le reti italiane, austriache, e anche attraverso il futuro&nbsp;<strong>tunnel di base del Brennero<\/strong>, raggiungendo una velocit\u00e0 massima di 160 km\/h in totale sicurezza.&nbsp;I treni possono contare su 300 posti a sedere con spazi dedicati al trasporto bici e alle attrezzature per gli sport invernali, massima accessibilit\u00e0 e&nbsp;nessun tipo di barriera architettonica. Da sottolineare, inoltre, la connessione internet 3G e 4G, e le prese elettriche ai sedili.<\/p>\n","protected":false},"excerpt":{"rendered":"<p>Promuovere una mobilit\u00e0 sicura e pulita, favorire il trasferimento del traffico su rotaia e rafforzare i collegamenti transfrontalieri nell&#8217;area dell\u2019Euregio: questi gli obiettivi dell&#8217;acquisto di 7&nbsp;nuovi treni&nbsp;da parte della Provincia di Bolzano che verranno prodotti nella sua sede europea dall\u2019azienda canadese Bombardier. L&#8217;acquisto dei treni avverr\u00e0 tramite la partecipata della Provincia&nbsp;STA &#8211; Strutture Trasporto Alto Adige. Nel corso di una conferenza stampa tenutasi oggi (11 settembre) a Bolzano, l&#8217;assessore alla\u2026<\/p>\n<p class=\"continue-reading-button\"> <a class=\"continue-reading-link\" href=\"https:\/\/www.ilmondodeitreni.it\/blog\/?p=9729\">Continua la lettura<i class=\"crycon-right-dir\"><\/i><\/a><\/p>\n","protected":false},"author":1,"featured_media":0,"comment_status":"open","ping_status":"open","sticky":false,"template":"","format":"standard","meta":{"footnotes":""},"categories":[2],"tags":[98,5335,5,6373,6374,4816,5029,6375,6072],"class_list":["post-9729","post","type-post","status-publish","format-standard","hentry","category-news","tag-bombardier","tag-daniel-alfreider","tag-ferrovie","tag-marco-biffoni","tag-martin-ausserdorfer","tag-provincia-di-bolzano","tag-sta-strutture-trasporto-alto-adige","tag-talent3","tag-tunnel-di-base-del-brennero"],"_links":{"self":[{"href":"https:\/\/www.ilmondodeitreni.it\/blog\/index.php?rest_route=\/wp\/v2\/posts\/9729","targetHints":{"allow":["GET"]}}],"collection":[{"href":"https:\/\/www.ilmondodeitreni.it\/blog\/index.php?rest_route=\/wp\/v2\/posts"}],"about":[{"href":"https:\/\/www.ilmondodeitreni.it\/blog\/index.php?rest_route=\/wp\/v2\/types\/post"}],"author":[{"embeddable":true,"href":"https:\/\/www.ilmondodeitreni.it\/blog\/index.php?rest_route=\/wp\/v2\/users\/1"}],"replies":[{"embeddable":true,"href":"https:\/\/www.ilmondodeitreni.it\/blog\/index.php?rest_route=%2Fwp%2Fv2%2Fcomments&post=9729"}],"version-history":[{"count":1,"href":"https:\/\/www.ilmondodeitreni.it\/blog\/index.php?rest_route=\/wp\/v2\/posts\/9729\/revisions"}],"predecessor-version":[{"id":9730,"href":"https:\/\/www.ilmondodeitreni.it\/blog\/index.php?rest_route=\/wp\/v2\/posts\/9729\/revisions\/9730"}],"wp:attachment":[{"href":"https:\/\/www.ilmondodeitreni.it\/blog\/index.php?rest_route=%2Fwp%2Fv2%2Fmedia&parent=9729"}],"wp:term":[{"taxonomy":"category","embeddable":true,"href":"https:\/\/www.ilmondodeitreni.it\/blog\/index.php?rest_route=%2Fwp%2Fv2%2Fcategories&post=9729"},{"taxonomy":"post_tag","embeddable":true,"href":"https:\/\/www.ilmondodeitreni.it\/blog\/index.php?rest_route=%2Fwp%2Fv2%2Ftags&post=9729"}],"curies":[{"name":"wp","href":"https:\/\/api.w.org\/{rel}","templated":true}]}}