{"id":9693,"date":"2019-09-01T15:35:54","date_gmt":"2019-09-01T13:35:54","guid":{"rendered":"http:\/\/www.ilmondodeitreni.it\/blog\/?p=9693"},"modified":"2019-09-04T15:48:35","modified_gmt":"2019-09-04T13:48:35","slug":"la-ferrovia-genova-casella-compie-90-anni-tanti-auguri-trenino","status":"publish","type":"post","link":"https:\/\/www.ilmondodeitreni.it\/blog\/?p=9693","title":{"rendered":"La Ferrovia Genova Casella compie 90 anni, tanti auguri trenino!"},"content":{"rendered":"<p class=\"s9\" style=\"text-align: justify;\"><span class=\"s7\"><a href=\"http:\/\/www.ilmondodeitreni.it\/blog\/wp-content\/uploads\/2014\/11\/fgc_cappuccio141212.jpg\"><img loading=\"lazy\" decoding=\"async\" class=\"alignleft size-thumbnail wp-image-38\" src=\"http:\/\/www.ilmondodeitreni.it\/blog\/wp-content\/uploads\/2014\/11\/fgc_cappuccio141212-150x150.jpg\" alt=\"\" width=\"150\" height=\"150\"\/><\/a>90 anni e ambire<\/span><span class=\"s8\">&nbsp;a compierne&nbsp;<\/span><span class=\"s8\">pi\u00f9 che<\/span><span class=\"s8\">&nbsp;altrettanti.<\/span><span class=\"s8\">Inaugurata nel&nbsp;<\/span><span class=\"s7\">1929<\/span><span class=\"s8\">,&nbsp;<\/span><span class=\"s8\">oggi, domenica 1<\/span><span class=\"s8\">\u00b0<\/span><span class=\"s8\">&nbsp;settembre 2019,&nbsp;<\/span><span class=\"s8\">la&nbsp;<\/span><span class=\"s7\">ferrovia Genova<\/span><span class=\"s7\">&nbsp;&#8211;<\/span><span class=\"s7\">&nbsp;Casella<\/span>&nbsp;<span class=\"s8\">spegne ben 90 candeline:&nbsp;<\/span><span class=\"s8\">un traguardo considerevole per il treno&nbsp;<\/span><span class=\"s8\">storico che da quasi un secolo<\/span><span class=\"s8\">&nbsp;porta genovesi e turisti alla scoperta delle&nbsp;<\/span><span class=\"s7\">tre v<\/span><span class=\"s7\">alli<\/span><span class=\"s8\">, Bisagno, Polcevera e Scrivia<\/span><span class=\"s8\">tra panorami mozzafiato, tracciati tortuosi e scorci unici<\/span><span class=\"s8\">. <\/span><span class=\"s8\">La<\/span><span class=\"s8\">&nbsp;ricorrenza \u00e8 stata&nbsp;<\/span><span class=\"s8\">preceduta<\/span><span class=\"s8\">&nbsp;nei mesi scorsi da una&nbsp;<\/span><span class=\"s7\">nuova livrea celebrativa<\/span>&nbsp;<span class=\"s8\">che, dedicata al 90\u00b0 compleanno,&nbsp;<\/span><span class=\"s8\">ha \u201cvestito\u201d alcune elettromotrici e<\/span><span class=\"s8\">&nbsp;carrozze del treno<\/span><span class=\"s8\">&nbsp;fino alla grande festa di oggi.&nbsp;<\/span><span class=\"s8\">Un evento c<\/span><span class=\"s8\">he&nbsp;<\/span><span class=\"s8\">coinvolge<\/span>&nbsp;<span class=\"s8\">Regione Liguria, Comuni di Genova, Serra Ricc\u00f2, Sant\u2019Olcese e Casella, AMT,&nbsp;<\/span><span class=\"s8\">l\u2019<\/span><span class=\"s8\">azienda che ne gestisce il servi<\/span><span class=\"s8\">zio, con la collaborazione di<\/span><span class=\"s8\">&nbsp;Came<\/span><span class=\"s8\">ra di Commercio di Genova e&nbsp;<\/span><span class=\"s8\">Associazione Amici della Ferrovia Genova Casella.<\/span><\/p>\n<p class=\"s9\" style=\"text-align: justify;\"><span class=\"s8\">Nell\u2019ambito della festa \u00e8 stata organizzata anche una mostra fotografica,&nbsp;<\/span><span class=\"s8\">allestita su una delle c<\/span><span class=\"s8\">arrozze storiche della ferrovia<\/span><span class=\"s8\">&nbsp;adattata per l\u2019occasione a spazio espositivo, presso la stazione di Manin. Un\u2019occasione per r<\/span><span class=\"s8\">ipercorrere le tappe di ieri e&nbsp;<\/span><span class=\"s8\">immaginare quelle di domani, fatte soprattutto&nbsp;<\/span><span class=\"s8\">di tecnologie all\u2019avanguardia applicate<\/span><span class=\"s8\">&nbsp;al trasporto. In questi ultimi anni, infatti, la ferrovia si \u00e8 trasformata grazie ai finanziamenti che Regione Liguria ha stanziato per il rinnovamento tecnologico dell\u2019impianto, sia delle vetture che della linea. Tu<\/span><span class=\"s8\">tte le elettromotrici sono&nbsp;<\/span><span class=\"s8\">dotate dei sistemi Vigilante attivo e Simon<\/span><span class=\"s8\">&nbsp;e&nbsp;<\/span><span class=\"s8\">il tempo di percorrenza su tutta la tratta \u00e8&nbsp;<\/span><span class=\"s8\">oggi&nbsp;<\/span><span class=\"s8\">inferiore all\u2019ora.<\/span>&nbsp;<span class=\"s8\">Altri progetti sono stati avviati: il revamping di 4 elettromotrici e l\u2019adeguamento del deposito di Casella che, nel corso del 2020, diventer\u00e0 la seconda officina della ferrovia.<\/span><\/p>\n<p class=\"s9\" style=\"text-align: justify;\"><span class=\"s8\">\u201cBuon compleanno al Trenino di Casella&nbsp;<\/span><span class=\"s8\">&#8211;<\/span><span class=\"s8\">&nbsp;afferma il presidente della Regione Liguria&nbsp;<\/span><span class=\"s7\">Giovanni Toti<\/span>&nbsp;<span class=\"s8\">&#8211;<\/span><span class=\"s8\">un\u2019infrastruttura in cui abbiamo creduto fin dal nostro insediamento. Grazie agli investimenti realizzati da Regione, sono stati sbloccati i lavori di ripristino della linea e nel maggio di tre anni fa il&nbsp;<\/span><span class=\"s8\">trenino \u00e8 tornato ad arrampicarsi lungo i suoi binari, confermandosi non solo un mezzo di trasporto utile per gli abitanti delle valli che attraversa, ma anche una grande attrattiva turistica. Nel 2016 il trenino di Casella \u00e8 stato il simbolo della Liguria che ripartiva dopo l\u2019immobilismo&nbsp;<\/span><span class=\"s8\">del passato, oggi &#8211; conclude &#8211;&nbsp;<\/span><span class=\"s8\">il simbolo del cambiamento avviato a Genova e in Liguria e che non si fermer\u00e0 pi\u00f9\u201d.<\/span><\/p>\n<p class=\"s9\" style=\"text-align: justify;\"><span class=\"s8\">\u201cNovant\u2019anni sono un traguardo importante&nbsp;<\/span><span class=\"s8\">&#8211;<\/span><span class=\"s8\">&nbsp;aggiunge l\u2019assessore ai Trasporti e al Turismo di Regione Liguria&nbsp;<\/span><span class=\"s7\">Gianni Berrino<\/span><span class=\"s8\">&nbsp;&#8211; che siamo felici di celebrare insieme ai genovesi e a tutti coloro che oggi hanno voluto partecipare a questa festa. In questi ultimi anni abbiamo riportato il trenino all\u2019antico splendore, garantendone al contempo il rinnovamento tecnologico anche grazie ai 18 milioni di euro stanziati dalla Giunta nell\u2019ambito della nuova convenzione con il ministero dei Trasporti. Il nostro sguardo \u00e8 rivolto al futuro &#8211; conclude Berrino &#8211; con la proroga al 2025<\/span><span class=\"s8\">&nbsp;del contratto di servizio con AMT<\/span><span class=\"s8\">&nbsp;per garantire il mantenimento di questa infrastruttura, che regala scorci e panorami mozzafiato e richiama ogni anno migliaia di turisti, anche stranieri, alla scoperta del nostro bellissimo entroterra\u201d.<\/span><\/p>\n<p class=\"s9\" style=\"text-align: justify;\"><span class=\"s8\">All\u2019augurio del presidente<\/span><span class=\"s8\">&nbsp;Giovanni<\/span><span class=\"s8\">&nbsp;Toti e dell\u2019assessore Gianni Berrino<\/span><span class=\"s8\">,<\/span><span class=\"s8\">&nbsp;si uniscono i sindaci dei territori attraversati dal tracciato della ferrovia: Genova, Serra Ricc\u00f2, Sant\u2019Olcese e Casella.<\/span><\/p>\n<p class=\"s9\" style=\"text-align: justify;\"><span class=\"s8\">\u201cGenova e i genovesi celebrano i 90 anni del Trenino di Casella. Un simbolo che incarna il passato glorioso della nostra citt\u00e0 pront<\/span><span class=\"s8\">o<\/span><span class=\"s8\">&nbsp;a regalarsi un futuro ancora pi\u00f9 bello. Il trenino in questi novant\u2019anni ha dimostrato di rivestire un ruolo fondamentale per Genova: sia come mezzo di trasporto per i tanti pendolari sia per i turisti che decidono di andare a visitare le meraviglie del nostro entroterra\u201d<\/span><span class=\"s8\">&nbsp;dichiara&nbsp;<\/span><span class=\"s7\">Marco Bucci<\/span><span class=\"s8\">, sindaco di Genova<\/span><span class=\"s8\">.<\/span><\/p>\n<p class=\"s12\" style=\"text-align: justify;\"><span class=\"s8\">\u201cOggi festeggiamo una<\/span><a name=\"_GoBack\"><\/a><span class=\"s8\">&nbsp;grande Signora che, dopo 90 anni, \u00e8 ancora un punto di riferimento per i<\/span><span class=\"s8\">&nbsp;territori<\/span><span class=\"s8\">&nbsp;che&nbsp;<\/span><span class=\"s8\">serve,&nbsp;<\/span><span class=\"s8\">grazie all\u2019importante contributo di Regione Liguria<\/span>&nbsp;<span class=\"s8\">&#8211;&nbsp;<\/span><span class=\"s8\">sottolinea<\/span>&nbsp;<span class=\"s11\">Stefano Balleari<\/span><span class=\"s8\">, vicesindaco di Genova e assessore alla Mobilit\u00e0 &#8211; La ferrovia, che unisce Genova a Casella, \u00e8 un servizio di trasporto utile per&nbsp;<\/span><span class=\"s8\">coloro che&nbsp;<\/span><span class=\"s8\">dai comuni della Citt\u00e0 metropolitana raggiungono il centro e, al tempo stesso, affascinante per i turisti che partono alla sua scoperta e si lasciano sorprendere da panorami unici di&nbsp;<\/span><span class=\"s8\">luoghi ricchi<\/span><span class=\"s8\">&nbsp;di storia e tradizioni,&nbsp;<\/span><span class=\"s8\">facilmente raggiungibili<\/span><span class=\"s8\">proprio grazie allo storico trenino. AMT gestisce la ferrovia arricchendo cos\u00ec l\u2019offerta multimodale a servizio della citt\u00e0 che conta un sistema articolato fatto di autobus, filobus, metropolitana, nave, funicolari, ascensori e cremagliera, capace di rispondere efficacemente all\u2019orografia caratteristica del territorio genovese\u201d.<\/span><\/p>\n<p class=\"s9\" style=\"text-align: justify;\"><span class=\"s8\">\u201c<\/span><span class=\"s8\">Auguri trenino<\/span><span class=\"s8\">,<\/span><span class=\"s8\">&nbsp;90 anni sono una gran bella et\u00e0, un bel traguardo per lo storico trenino di Casella che svolge un ruolo importantissimo per il trasporto pubblico locale quale collegamento tra la nostra Valle la Valle Scrivia e la Valbisagno. La sua funzione dunque non \u00e8 solo quella di attrattiva turistica ma fondamentale per il trasferimento dalla nostra valle al centro citt\u00e0. Sarebbe bello fosse ripristinata la stazione di Orero pi\u00f9 fruibile dai nostri cittadini ma siamo grati a Regione Liguria per gli stanziamenti che hanno permesso di riattivare la linea nel 2016 e auspichiamo che il Governo attraverso i finanziamenti programmati&nbsp;nel \u201cpiano nazionale sicurezza ferrovie non interconnesse\u201d la re<\/span><span class=\"s8\">nda sempre pi\u00f9 attiva e sicura\u201d \u00e8 l\u2019augurio espresso dal Sindaco di Serra Ricc\u00f2,&nbsp;<\/span><span class=\"s7\">Angela Negri<\/span><span class=\"s8\">.<\/span><\/p>\n<p class=\"s9\" style=\"text-align: justify;\"><span class=\"s8\">\u201c<\/span><span class=\"s8\">Festeggiare oggi questo compleanno rappresenta una scommessa vinta, perch\u00e9 la ripartenza del trenino \u00e8 stata fortemente voluta da tutti: amministrazioni, gestore, volontari e, soprattutto comunit\u00e0 attraversate dalla ferrovia.<\/span><span class=\"s8\">Per i santolcesini questo compleanno va ben oltre ai novant&#8217;anni. Pi\u00f9 di un secolo fa infatti i nostri concittadini stavano gi\u00e0 lottando per modificare&nbsp;il progetto originale,&nbsp;che escludeva parzialmente Sant&#8217;Olcese dal percorso della ferrovia. Un&#8217;altra scommessa vinta, una scelta vincente, visto che il trenino rappresenta soprattutto per il nostro Comune un mezzo di&nbsp;<\/span><span class=\"s8\">trasporto pubblico fondamentale, oltre che uno straordinario veicolo di promozione turistica<\/span><span class=\"s8\">\u201d dichiara&nbsp;<\/span><span class=\"s7\">Armando Sanna<\/span><span class=\"s8\">, sindaco di Sant\u2019Olcese<\/span><span class=\"s8\">.<\/span><\/p>\n<p style=\"text-align: justify;\">&nbsp;<\/p>\n<p class=\"s9\" style=\"text-align: justify;\"><span class=\"s8\">&#8220;L&#8217;Amministrazione di Casella ha accolto con entusiasmo l&#8217;invito di Regione Liguria, che ringraziamo, a collaborare all&#8217;organizzazione del compleanno per i 90 anni del trenino che collega il centro di Genova con l&#8217;entroterra anche perch\u00e9 uno degli obiettivi dei neoeletti e del sottoscritto \u00e8 il rilancio di Casella sia come destinazione per giornate lontano dalla citt\u00e0 sia come nuova meta residenziale.<\/span>&nbsp;<span class=\"s8\">Per il futuro l&#8217;intenzione \u00e8 quella di organizzare eventi ai quali partecipare arrivando a Casella proprio utilizzando il trenino cos\u00ec come per il ritorno in citt\u00e0, conta<\/span><span class=\"s8\">ndo anche sulla collaborazione,&nbsp;<\/span><span class=\"s8\">come avvenuto per&nbsp;<\/span><span class=\"s8\">l&#8217;appuntamento del 1\u00b0 settembre,<\/span><span class=\"s8\">&nbsp;dei negozianti e dei ristoratori che, in questa occasione, hanno contribuito a vestire a festa le vie del paese e predisposto men\u00f9 ad hoc per chi parteciper\u00e0 alla fest<\/span><span class=\"s8\">a per il compleanno del trenino<\/span><span class=\"s8\">&#8220;<\/span><span class=\"s8\">&nbsp;dichiara&nbsp;<\/span><span class=\"s7\">Francesco Collossetti<\/span><span class=\"s8\">,&nbsp;<\/span><span class=\"s8\">Sindaco di Casella<\/span><span class=\"s8\">.<\/span><\/p>\n<p class=\"s9\" style=\"text-align: justify;\"><span class=\"s8\">A chi gestisce la ferrovia, AMT, il compito di realizzare l\u2019oggi e guardare al futuro<\/span><span class=\"s8\">.<\/span><\/p>\n<p class=\"s9\" style=\"text-align: justify;\"><span class=\"s8\">\u201cLa ferrovia ha 90 anni ma \u00e8 proiettata nel futuro; come tanti anziani di oggi \u00e8 al passo&nbsp;con i tempi, aperta e di<\/span><span class=\"s8\">sponibile alle nuove tecnologie.<\/span><span class=\"s8\">&nbsp;Continuiamo a introdurre nella Genova-Casella soluzioni innovative, nella manutenzione, nelle attivit\u00e0 commerciali, nelle attivit\u00e0 di controllo. Grazie ai finanziamenti di Regione Liguria, abbiamo poi un corposo programma di investimenti per la sicurezza.&nbsp;La immagino come un ponte, un raccordo tra i mezzi in uso quasi un secolo fa e le tecnologie&nbsp;attuali. Il suo fascino risiede in questa continuit\u00e0 e nelle bellissime localit\u00e0 che collega.&nbsp;Deve sempre pi\u00f9 diventare un\u2019attrazione distintiva della citt\u00e0 e del territorio che attraversa, senza per\u00f2 dimenticare il valore che ricopre come servizio di trasporto&nbsp;per i<\/span><span class=\"s8\">&nbsp;residenti delle valli genovesi\u201d<\/span><span class=\"s8\">&nbsp;\u00e8 l\u2019augurio di&nbsp;<\/span><span class=\"s7\">Marco Beltrami<\/span><span class=\"s8\">, Amministratore Unico di AMT<\/span><span class=\"s8\">.<\/span><\/p>\n","protected":false},"excerpt":{"rendered":"<p>90 anni e ambire&nbsp;a compierne&nbsp;pi\u00f9 che&nbsp;altrettanti.Inaugurata nel&nbsp;1929,&nbsp;oggi, domenica 1\u00b0&nbsp;settembre 2019,&nbsp;la&nbsp;ferrovia Genova&nbsp;&#8211;&nbsp;Casella&nbsp;spegne ben 90 candeline:&nbsp;un traguardo considerevole per il treno&nbsp;storico che da quasi un secolo&nbsp;porta genovesi e turisti alla scoperta delle&nbsp;tre valli, Bisagno, Polcevera e Scriviatra panorami mozzafiato, tracciati tortuosi e scorci unici. La&nbsp;ricorrenza \u00e8 stata&nbsp;preceduta&nbsp;nei mesi scorsi da una&nbsp;nuova livrea celebrativa&nbsp;che, dedicata al 90\u00b0 compleanno,&nbsp;ha \u201cvestito\u201d alcune elettromotrici e&nbsp;carrozze del treno&nbsp;fino alla grande festa di oggi.&nbsp;Un evento che&nbsp;coinvolge&nbsp;Regione Liguria, Comuni\u2026<\/p>\n<p class=\"continue-reading-button\"> <a class=\"continue-reading-link\" href=\"https:\/\/www.ilmondodeitreni.it\/blog\/?p=9693\">Continua la lettura<i class=\"crycon-right-dir\"><\/i><\/a><\/p>\n","protected":false},"author":1,"featured_media":0,"comment_status":"open","ping_status":"open","sticky":false,"template":"","format":"standard","meta":{"footnotes":""},"categories":[2],"tags":[124,6346,6347,5269,5,41,3566,4685,645,6345,6344,5541],"class_list":["post-9693","post","type-post","status-publish","format-standard","hentry","category-news","tag-amt","tag-angela-negri","tag-armando-sanna","tag-casella","tag-ferrovie","tag-genova","tag-giovanni-toti","tag-marco-bucci","tag-regione-liguria","tag-santolcese","tag-serra-ricco","tag-stefano-balleari"],"_links":{"self":[{"href":"https:\/\/www.ilmondodeitreni.it\/blog\/index.php?rest_route=\/wp\/v2\/posts\/9693","targetHints":{"allow":["GET"]}}],"collection":[{"href":"https:\/\/www.ilmondodeitreni.it\/blog\/index.php?rest_route=\/wp\/v2\/posts"}],"about":[{"href":"https:\/\/www.ilmondodeitreni.it\/blog\/index.php?rest_route=\/wp\/v2\/types\/post"}],"author":[{"embeddable":true,"href":"https:\/\/www.ilmondodeitreni.it\/blog\/index.php?rest_route=\/wp\/v2\/users\/1"}],"replies":[{"embeddable":true,"href":"https:\/\/www.ilmondodeitreni.it\/blog\/index.php?rest_route=%2Fwp%2Fv2%2Fcomments&post=9693"}],"version-history":[{"count":1,"href":"https:\/\/www.ilmondodeitreni.it\/blog\/index.php?rest_route=\/wp\/v2\/posts\/9693\/revisions"}],"predecessor-version":[{"id":9694,"href":"https:\/\/www.ilmondodeitreni.it\/blog\/index.php?rest_route=\/wp\/v2\/posts\/9693\/revisions\/9694"}],"wp:attachment":[{"href":"https:\/\/www.ilmondodeitreni.it\/blog\/index.php?rest_route=%2Fwp%2Fv2%2Fmedia&parent=9693"}],"wp:term":[{"taxonomy":"category","embeddable":true,"href":"https:\/\/www.ilmondodeitreni.it\/blog\/index.php?rest_route=%2Fwp%2Fv2%2Fcategories&post=9693"},{"taxonomy":"post_tag","embeddable":true,"href":"https:\/\/www.ilmondodeitreni.it\/blog\/index.php?rest_route=%2Fwp%2Fv2%2Ftags&post=9693"}],"curies":[{"name":"wp","href":"https:\/\/api.w.org\/{rel}","templated":true}]}}