{"id":9649,"date":"2019-08-23T22:51:26","date_gmt":"2019-08-23T20:51:26","guid":{"rendered":"http:\/\/www.ilmondodeitreni.it\/blog\/?p=9649"},"modified":"2019-08-23T22:51:26","modified_gmt":"2019-08-23T20:51:26","slug":"metromare-rimini-la-struttura-e-completata-collaudata-e-pronta-alla-messa-in-esercizio","status":"publish","type":"post","link":"https:\/\/www.ilmondodeitreni.it\/blog\/?p=9649","title":{"rendered":"MetroMare Rimini: la struttura \u00e8 completata, collaudata e pronta alla messa in esercizio"},"content":{"rendered":"<p style=\"text-align: justify;\"><a href=\"http:\/\/www.ilmondodeitreni.it\/blog\/wp-content\/uploads\/2019\/08\/LP303_1piazzalesantanna.jpg\"><img loading=\"lazy\" decoding=\"async\" class=\"alignleft size-thumbnail wp-image-9650\" src=\"http:\/\/www.ilmondodeitreni.it\/blog\/wp-content\/uploads\/2019\/08\/LP303_1piazzalesantanna-160x107.jpg\" alt=\"\" width=\"160\" height=\"107\" srcset=\"https:\/\/www.ilmondodeitreni.it\/blog\/wp-content\/uploads\/2019\/08\/LP303_1piazzalesantanna-160x107.jpg 160w, https:\/\/www.ilmondodeitreni.it\/blog\/wp-content\/uploads\/2019\/08\/LP303_1piazzalesantanna.jpg 640w, https:\/\/www.ilmondodeitreni.it\/blog\/wp-content\/uploads\/2019\/08\/LP303_1piazzalesantanna-225x150.jpg 225w, https:\/\/www.ilmondodeitreni.it\/blog\/wp-content\/uploads\/2019\/08\/LP303_1piazzalesantanna-150x100.jpg 150w\" sizes=\"auto, (max-width: 160px) 100vw, 160px\" \/><\/a>Si \u00e8 riunitolo scorso 22 agosto&nbsp; pomeriggio, convocato dal Presidente della Provincia di Rimini, Riziero Santi, il Comitato di Coordinamento relativo all\u2019Accordo di Programma per la realizzazione del Trasporto Rapido Costiero Cattolica &#8211; Rimini Fiera. Erano presenti, oltre al Presidente Santi che ha coordinato la riunione (\u00e8 il compito della Provincia nell\u2019accordo di programma), i Sindaci di Riccione Renata Tosi e di Misano Adriatico,&nbsp; Fabrizio Piccioni, l\u2019assessore del Comune di Rimini Roberta Frisoni, il Presidente di PMR Massimo Paganelli e funzionari e tecnici della Regione Emilia-Romagna, della Provincia e di PMR. Il Presidente di PMR ha presentato una relazione che vede la struttura completata, collaudata e pronta alla messa in esercizio del servizio di TPL. In attesa della disponibilit\u00e0 dei mezzi previsti contrattualmente (il cui ritardo nella consegna \u00e8 responsabilit\u00e0 del fornitore) \u00e8 stata proposta l\u2019attivazione di un servizio sperimentale da parte del gestore con mezzi sostitutivi idonei. Il Comitato ha votato a maggioranza (voto contrario del Sindaco di Riccione) la presa d\u2019atto della conclusione della procedura e la proposta di attivazione del servizio sperimentale. La Provincia nei prossimi giorni procedr\u00e0 alla istituzione della linea, secondo quanto previsto dalla normativa vigente.<\/p>\n","protected":false},"excerpt":{"rendered":"<p>Si \u00e8 riunitolo scorso 22 agosto&nbsp; pomeriggio, convocato dal Presidente della Provincia di Rimini, Riziero Santi, il Comitato di Coordinamento relativo all\u2019Accordo di Programma per la realizzazione del Trasporto Rapido Costiero Cattolica &#8211; Rimini Fiera. Erano presenti, oltre al Presidente Santi che ha coordinato la riunione (\u00e8 il compito della Provincia nell\u2019accordo di programma), i Sindaci di Riccione Renata Tosi e di Misano Adriatico,&nbsp; Fabrizio Piccioni, l\u2019assessore del Comune di\u2026<\/p>\n<p class=\"continue-reading-button\"> <a class=\"continue-reading-link\" href=\"https:\/\/www.ilmondodeitreni.it\/blog\/?p=9649\">Continua la lettura<i class=\"crycon-right-dir\"><\/i><\/a><\/p>\n","protected":false},"author":9,"featured_media":0,"comment_status":"open","ping_status":"open","sticky":false,"template":"","format":"standard","meta":{"footnotes":""},"categories":[2],"tags":[6311,6307,6312,6306,73,1506,6310,6309,6308],"class_list":["post-9649","post","type-post","status-publish","format-standard","hentry","category-news","tag-fabrizio-piccioni","tag-metromare","tag-misano-adriatico","tag-provincia-di-rimini","tag-regione-emilia-romagna","tag-renata-tosi","tag-riziero-santi","tag-roberta-frisoni","tag-trasporto-rapido-costiero-cattolica-rimini-fiera"],"_links":{"self":[{"href":"https:\/\/www.ilmondodeitreni.it\/blog\/index.php?rest_route=\/wp\/v2\/posts\/9649","targetHints":{"allow":["GET"]}}],"collection":[{"href":"https:\/\/www.ilmondodeitreni.it\/blog\/index.php?rest_route=\/wp\/v2\/posts"}],"about":[{"href":"https:\/\/www.ilmondodeitreni.it\/blog\/index.php?rest_route=\/wp\/v2\/types\/post"}],"author":[{"embeddable":true,"href":"https:\/\/www.ilmondodeitreni.it\/blog\/index.php?rest_route=\/wp\/v2\/users\/9"}],"replies":[{"embeddable":true,"href":"https:\/\/www.ilmondodeitreni.it\/blog\/index.php?rest_route=%2Fwp%2Fv2%2Fcomments&post=9649"}],"version-history":[{"count":1,"href":"https:\/\/www.ilmondodeitreni.it\/blog\/index.php?rest_route=\/wp\/v2\/posts\/9649\/revisions"}],"predecessor-version":[{"id":9651,"href":"https:\/\/www.ilmondodeitreni.it\/blog\/index.php?rest_route=\/wp\/v2\/posts\/9649\/revisions\/9651"}],"wp:attachment":[{"href":"https:\/\/www.ilmondodeitreni.it\/blog\/index.php?rest_route=%2Fwp%2Fv2%2Fmedia&parent=9649"}],"wp:term":[{"taxonomy":"category","embeddable":true,"href":"https:\/\/www.ilmondodeitreni.it\/blog\/index.php?rest_route=%2Fwp%2Fv2%2Fcategories&post=9649"},{"taxonomy":"post_tag","embeddable":true,"href":"https:\/\/www.ilmondodeitreni.it\/blog\/index.php?rest_route=%2Fwp%2Fv2%2Ftags&post=9649"}],"curies":[{"name":"wp","href":"https:\/\/api.w.org\/{rel}","templated":true}]}}