{"id":9615,"date":"2019-08-12T22:12:52","date_gmt":"2019-08-12T20:12:52","guid":{"rendered":"http:\/\/www.ilmondodeitreni.it\/blog\/?p=9615"},"modified":"2019-08-12T22:12:52","modified_gmt":"2019-08-12T20:12:52","slug":"trenitalia-fvg-successo-bicitreno-per-la-ciclovia-alpe-adria","status":"publish","type":"post","link":"https:\/\/www.ilmondodeitreni.it\/blog\/?p=9615","title":{"rendered":"Trenitalia FVG: successo bici+treno per la ciclovia Alpe Adria"},"content":{"rendered":"<p style=\"text-align: justify;\"><a href=\"http:\/\/www.ilmondodeitreni.it\/blog\/wp-content\/uploads\/2019\/04\/Stadler_2bo.jpg\"><img loading=\"lazy\" decoding=\"async\" class=\"alignleft size-thumbnail wp-image-8873\" src=\"http:\/\/www.ilmondodeitreni.it\/blog\/wp-content\/uploads\/2019\/04\/Stadler_2bo-160x90.jpg\" alt=\"\" width=\"160\" height=\"90\" srcset=\"https:\/\/www.ilmondodeitreni.it\/blog\/wp-content\/uploads\/2019\/04\/Stadler_2bo-160x90.jpg 160w, https:\/\/www.ilmondodeitreni.it\/blog\/wp-content\/uploads\/2019\/04\/Stadler_2bo-640x360.jpg 640w, https:\/\/www.ilmondodeitreni.it\/blog\/wp-content\/uploads\/2019\/04\/Stadler_2bo-768x432.jpg 768w, https:\/\/www.ilmondodeitreni.it\/blog\/wp-content\/uploads\/2019\/04\/Stadler_2bo-250x141.jpg 250w, https:\/\/www.ilmondodeitreni.it\/blog\/wp-content\/uploads\/2019\/04\/Stadler_2bo-150x84.jpg 150w, https:\/\/www.ilmondodeitreni.it\/blog\/wp-content\/uploads\/2019\/04\/Stadler_2bo.jpg 800w\" sizes=\"auto, (max-width: 160px) 100vw, 160px\" \/><\/a>Grande successo per l\u2019iniziativa bici+treno per la ciclovia Alpe Adria. Ad oggi le 5mila bici trasportate sui treni fanno registrare un aumento del 30% rispetto al 2018. Su alcuni itinerari la domanda \u00e8 pi\u00f9 che raddoppiata: fra Udine e Tarvisio +150% e fra Carnia e Tarvisio +140%. L\u2019offerta nei fine settimana estivi 2019 sulla linea&nbsp;Udine &#8211; Tarvisio&nbsp;\u00e8 stata incrementata rispetto al 2018: un treno all\u2019ora verso Tarvisio da Trieste e Udine in mattinata e altrettanti per rientrare da met\u00e0 pomeriggio.&nbsp;La linea \u00e8 servita dagli elettrotreni CAF, di propriet\u00e0 della&nbsp;Regione FVG, che possono trasportare 30 bici.&nbsp;Il connubio treno+bici si configura come il&nbsp;viaggio ecologico per eccellenza&nbsp;dedicato a tutti i cicloturisti che apprezzano la mobilit\u00e0 dolce, slow, salutare.<\/p>\n<p style=\"text-align: justify;\">Tutti i viaggiatori possono usufruire della promozione \u201cWeekend FVG\u201d, che il sabato e la domenica consente di acquistare biglietti di corsa semplice scontati del 20%: da&nbsp;Trieste&nbsp;a partire da 12,95 euro, da&nbsp;Udine&nbsp;7,95 euro con un supplemento giornaliero per le bici di 3,50 euro. Per i possessori della FVG Card (carta turistica regionale) invece il trasporto delle bici sul treno \u00e8 gratuito.<\/p>\n<p style=\"text-align: justify;\">In&nbsp;Friuli Venezia Giulia,&nbsp;Trenitalia&nbsp;effettua in media circa 140 treni al giorno, trasportando quotidianamente 20mila viaggiatori. L\u2019indice regionale di gradimento del viaggio nel suo complesso \u00e8 in costante crescita, nell\u2019ultima rilevazione, effettuata da una societ\u00e0 demoscopica esterna, vede 94 viaggiatori su 100 soddifatti, rispetto al 91,8% del 2018.<\/p>\n","protected":false},"excerpt":{"rendered":"<p>Grande successo per l\u2019iniziativa bici+treno per la ciclovia Alpe Adria. Ad oggi le 5mila bici trasportate sui treni fanno registrare un aumento del 30% rispetto al 2018. Su alcuni itinerari la domanda \u00e8 pi\u00f9 che raddoppiata: fra Udine e Tarvisio +150% e fra Carnia e Tarvisio +140%. L\u2019offerta nei fine settimana estivi 2019 sulla linea&nbsp;Udine &#8211; Tarvisio&nbsp;\u00e8 stata incrementata rispetto al 2018: un treno all\u2019ora verso Tarvisio da Trieste e\u2026<\/p>\n<p class=\"continue-reading-button\"> <a class=\"continue-reading-link\" href=\"https:\/\/www.ilmondodeitreni.it\/blog\/?p=9615\">Continua la lettura<i class=\"crycon-right-dir\"><\/i><\/a><\/p>\n","protected":false},"author":1,"featured_media":0,"comment_status":"open","ping_status":"open","sticky":false,"template":"","format":"standard","meta":{"footnotes":""},"categories":[2],"tags":[3280,5,570,6251,69,6252,23,140],"class_list":["post-9615","post","type-post","status-publish","format-standard","hentry","category-news","tag-ciclovia-alpe-adria","tag-ferrovie","tag-friuli-venezia-giulia","tag-fvg-card","tag-mobilita","tag-tavisio","tag-trenitalia","tag-udine"],"_links":{"self":[{"href":"https:\/\/www.ilmondodeitreni.it\/blog\/index.php?rest_route=\/wp\/v2\/posts\/9615","targetHints":{"allow":["GET"]}}],"collection":[{"href":"https:\/\/www.ilmondodeitreni.it\/blog\/index.php?rest_route=\/wp\/v2\/posts"}],"about":[{"href":"https:\/\/www.ilmondodeitreni.it\/blog\/index.php?rest_route=\/wp\/v2\/types\/post"}],"author":[{"embeddable":true,"href":"https:\/\/www.ilmondodeitreni.it\/blog\/index.php?rest_route=\/wp\/v2\/users\/1"}],"replies":[{"embeddable":true,"href":"https:\/\/www.ilmondodeitreni.it\/blog\/index.php?rest_route=%2Fwp%2Fv2%2Fcomments&post=9615"}],"version-history":[{"count":1,"href":"https:\/\/www.ilmondodeitreni.it\/blog\/index.php?rest_route=\/wp\/v2\/posts\/9615\/revisions"}],"predecessor-version":[{"id":9616,"href":"https:\/\/www.ilmondodeitreni.it\/blog\/index.php?rest_route=\/wp\/v2\/posts\/9615\/revisions\/9616"}],"wp:attachment":[{"href":"https:\/\/www.ilmondodeitreni.it\/blog\/index.php?rest_route=%2Fwp%2Fv2%2Fmedia&parent=9615"}],"wp:term":[{"taxonomy":"category","embeddable":true,"href":"https:\/\/www.ilmondodeitreni.it\/blog\/index.php?rest_route=%2Fwp%2Fv2%2Fcategories&post=9615"},{"taxonomy":"post_tag","embeddable":true,"href":"https:\/\/www.ilmondodeitreni.it\/blog\/index.php?rest_route=%2Fwp%2Fv2%2Ftags&post=9615"}],"curies":[{"name":"wp","href":"https:\/\/api.w.org\/{rel}","templated":true}]}}