{"id":9402,"date":"2019-06-25T01:57:10","date_gmt":"2019-06-24T23:57:10","guid":{"rendered":"http:\/\/www.ilmondodeitreni.it\/blog\/?p=9402"},"modified":"2019-06-25T01:57:10","modified_gmt":"2019-06-24T23:57:10","slug":"in-valle-daosta-in-arrivo-nove-nuove-emettitrici-self-service-nelle-stazioni-ferroviarie","status":"publish","type":"post","link":"https:\/\/www.ilmondodeitreni.it\/blog\/?p=9402","title":{"rendered":"In Valle d\u2019Aosta, in arrivo nove nuove emettitrici self service nelle stazioni ferroviarie"},"content":{"rendered":"<p style=\"text-align: justify;\"><a href=\"http:\/\/www.ilmondodeitreni.it\/blog\/wp-content\/uploads\/2019\/06\/PK_Viaggio_inaugurale_Rock_Pop_3_1000x668.jpg\"><img loading=\"lazy\" decoding=\"async\" class=\"alignleft size-thumbnail wp-image-9343\" src=\"http:\/\/www.ilmondodeitreni.it\/blog\/wp-content\/uploads\/2019\/06\/PK_Viaggio_inaugurale_Rock_Pop_3_1000x668-160x107.jpg\" alt=\"\" width=\"160\" height=\"107\" srcset=\"https:\/\/www.ilmondodeitreni.it\/blog\/wp-content\/uploads\/2019\/06\/PK_Viaggio_inaugurale_Rock_Pop_3_1000x668-160x107.jpg 160w, https:\/\/www.ilmondodeitreni.it\/blog\/wp-content\/uploads\/2019\/06\/PK_Viaggio_inaugurale_Rock_Pop_3_1000x668-640x428.jpg 640w, https:\/\/www.ilmondodeitreni.it\/blog\/wp-content\/uploads\/2019\/06\/PK_Viaggio_inaugurale_Rock_Pop_3_1000x668-768x513.jpg 768w, https:\/\/www.ilmondodeitreni.it\/blog\/wp-content\/uploads\/2019\/06\/PK_Viaggio_inaugurale_Rock_Pop_3_1000x668-225x150.jpg 225w, https:\/\/www.ilmondodeitreni.it\/blog\/wp-content\/uploads\/2019\/06\/PK_Viaggio_inaugurale_Rock_Pop_3_1000x668-150x100.jpg 150w, https:\/\/www.ilmondodeitreni.it\/blog\/wp-content\/uploads\/2019\/06\/PK_Viaggio_inaugurale_Rock_Pop_3_1000x668.jpg 1000w\" sizes=\"auto, (max-width: 160px) 100vw, 160px\" \/><\/a>L\u2019Assessorato agli Affari Europei, Politiche del lavoro, Inclusione sociale e Trasporti della Regione autonoma Valle d\u2019Aosta e Trenitalia Valle d\u2019Aosta informano che \u00e8 stato avviato il piano di installazione di nove nuove emettitrici self service nelle stazioni di Donnas, Pont-Saint-Martin, Ch\u00e2tillon, H\u00f4ne, Nus, Verr\u00e8s e Aosta &nbsp;Con l\u2019installazione di nove nuove self service migliorer\u00e0 il servizio all\u2019utenza nelle stazioni sul territorio valdostano. Quest\u2019investimento &#8211; ha dichiarato l\u2019Assessore Luigi Bertschy &#8211; precede il piano previsto per la riapertura delle biglietterie nelle stazioni di Pont-St-Martin, Donnas, H\u00f4ne, Chatillon, Nus. Il posizionamento delle macchine self service \u00e8 un obbiettivo raggiunto che servir\u00e0&nbsp;da stimolo per continuare a lavorare per migliorare la qualit\u00e0 e l\u2019efficienza del servizio di trasporto ferroviario valdostano.&nbsp;<\/p>\n<p style=\"text-align: justify;\">Saranno in tutto 14 e accettano il pagamento con POS, banconote e monete. L\u2019acquisto del biglietto \u00e8 facile e intuitivo: attraverso un menu, si conclude l\u2019operazione, anche guidati da messaggi audio e luminosi. In vendita, gli utenti potranno trovare tutte le tipologie di biglietti, dal trasporto regionale alla lunga percorrenza, comprese le Frecce. Le nuove self service si possono utilizzare anche per i cambi di prenotazione, attraverso la semplice lettura del codice a barre del biglietto da cambiare, evitando cos\u00ec qualsiasi inserimento manuale. I monitor diventano anche un\u2019importante vetrina promozionale per la diffusione di contenuti di promozione turistica del territorio regionale con la diffusione in sei lingue.&nbsp;<\/p>\n<p style=\"text-align: justify;\">Saranno inoltre tutte collegate in rete e il loro funzionamento sar\u00e0 monitorato in tempo reale rendendo pi\u00f9 rapidi e sicuri gli accertamenti, le verifiche tecniche e gli interventi di ripristino. Sistemi antieffrazione, dispositivi di allarme e cassaforte interna ne aumentano la sicurezza contro i furti.<\/p>\n<p style=\"text-align: justify;\">Con il Contratto di Servizio, a partire da dicembre 2019, \u00e8 previsto un incremento dei servizi nelle stazioni &#8211; nuove biglietterie e punti informativi &#8211; a disposizione delle persone, pendolari e turisti, che utilizzano il treno come mezzo di trasporto.<\/p>\n","protected":false},"excerpt":{"rendered":"<p>L\u2019Assessorato agli Affari Europei, Politiche del lavoro, Inclusione sociale e Trasporti della Regione autonoma Valle d\u2019Aosta e Trenitalia Valle d\u2019Aosta informano che \u00e8 stato avviato il piano di installazione di nove nuove emettitrici self service nelle stazioni di Donnas, Pont-Saint-Martin, Ch\u00e2tillon, H\u00f4ne, Nus, Verr\u00e8s e Aosta &nbsp;Con l\u2019installazione di nove nuove self service migliorer\u00e0 il servizio all\u2019utenza nelle stazioni sul territorio valdostano. Quest\u2019investimento &#8211; ha dichiarato l\u2019Assessore Luigi Bertschy &#8211;\u2026<\/p>\n<p class=\"continue-reading-button\"> <a class=\"continue-reading-link\" href=\"https:\/\/www.ilmondodeitreni.it\/blog\/?p=9402\">Continua la lettura<i class=\"crycon-right-dir\"><\/i><\/a><\/p>\n","protected":false},"author":6,"featured_media":0,"comment_status":"open","ping_status":"open","sticky":false,"template":"","format":"standard","meta":{"footnotes":""},"categories":[2],"tags":[1669,6038,6044,6042,5,6045,6040,6048,6046,6039,6043,6041,23,6047],"class_list":["post-9402","post","type-post","status-publish","format-standard","hentry","category-news","tag-aosta","tag-assessorato-agli-affari-europei","tag-chatillon","tag-donnas","tag-ferrovie","tag-hone","tag-inclusione-sociale-e-trasporti","tag-luigi-bertschy","tag-nus","tag-politiche-del-lavoro","tag-pont-saint-martin","tag-regione-autonoma-valle-daosta","tag-trenitalia","tag-verres"],"_links":{"self":[{"href":"https:\/\/www.ilmondodeitreni.it\/blog\/index.php?rest_route=\/wp\/v2\/posts\/9402","targetHints":{"allow":["GET"]}}],"collection":[{"href":"https:\/\/www.ilmondodeitreni.it\/blog\/index.php?rest_route=\/wp\/v2\/posts"}],"about":[{"href":"https:\/\/www.ilmondodeitreni.it\/blog\/index.php?rest_route=\/wp\/v2\/types\/post"}],"author":[{"embeddable":true,"href":"https:\/\/www.ilmondodeitreni.it\/blog\/index.php?rest_route=\/wp\/v2\/users\/6"}],"replies":[{"embeddable":true,"href":"https:\/\/www.ilmondodeitreni.it\/blog\/index.php?rest_route=%2Fwp%2Fv2%2Fcomments&post=9402"}],"version-history":[{"count":1,"href":"https:\/\/www.ilmondodeitreni.it\/blog\/index.php?rest_route=\/wp\/v2\/posts\/9402\/revisions"}],"predecessor-version":[{"id":9403,"href":"https:\/\/www.ilmondodeitreni.it\/blog\/index.php?rest_route=\/wp\/v2\/posts\/9402\/revisions\/9403"}],"wp:attachment":[{"href":"https:\/\/www.ilmondodeitreni.it\/blog\/index.php?rest_route=%2Fwp%2Fv2%2Fmedia&parent=9402"}],"wp:term":[{"taxonomy":"category","embeddable":true,"href":"https:\/\/www.ilmondodeitreni.it\/blog\/index.php?rest_route=%2Fwp%2Fv2%2Fcategories&post=9402"},{"taxonomy":"post_tag","embeddable":true,"href":"https:\/\/www.ilmondodeitreni.it\/blog\/index.php?rest_route=%2Fwp%2Fv2%2Ftags&post=9402"}],"curies":[{"name":"wp","href":"https:\/\/api.w.org\/{rel}","templated":true}]}}