{"id":9324,"date":"2019-06-12T22:22:34","date_gmt":"2019-06-12T20:22:34","guid":{"rendered":"http:\/\/www.ilmondodeitreni.it\/blog\/?p=9324"},"modified":"2019-06-12T22:22:34","modified_gmt":"2019-06-12T20:22:34","slug":"ferrovia-della-val-venosta-in-estate-chiusura-tra-malles-e-silandro","status":"publish","type":"post","link":"https:\/\/www.ilmondodeitreni.it\/blog\/?p=9324","title":{"rendered":"Ferrovia della Val Venosta, in estate chiusura tra Malles e Silandro"},"content":{"rendered":"<p style=\"text-align: justify;\"><a href=\"http:\/\/www.ilmondodeitreni.it\/blog\/wp-content\/uploads\/2019\/06\/1014812.jpg\"><img loading=\"lazy\" decoding=\"async\" class=\"alignleft size-thumbnail wp-image-9325\" src=\"http:\/\/www.ilmondodeitreni.it\/blog\/wp-content\/uploads\/2019\/06\/1014812-160x84.jpg\" alt=\"\" width=\"160\" height=\"84\" srcset=\"https:\/\/www.ilmondodeitreni.it\/blog\/wp-content\/uploads\/2019\/06\/1014812-160x84.jpg 160w, https:\/\/www.ilmondodeitreni.it\/blog\/wp-content\/uploads\/2019\/06\/1014812-640x338.jpg 640w, https:\/\/www.ilmondodeitreni.it\/blog\/wp-content\/uploads\/2019\/06\/1014812-768x405.jpg 768w, https:\/\/www.ilmondodeitreni.it\/blog\/wp-content\/uploads\/2019\/06\/1014812-250x132.jpg 250w, https:\/\/www.ilmondodeitreni.it\/blog\/wp-content\/uploads\/2019\/06\/1014812-150x79.jpg 150w, https:\/\/www.ilmondodeitreni.it\/blog\/wp-content\/uploads\/2019\/06\/1014812.jpg 800w\" sizes=\"auto, (max-width: 160px) 100vw, 160px\" \/><\/a>A partire dalla met\u00e0 del mese di giugno entreranno in vigore una serie di cambiamenti d&#8217;orario per quanto riguarda treni e autobus, urbani ed extraurbani, in&nbsp;<strong>Alto Adige<\/strong>. La novit\u00e0 pi\u00f9 importante riguarda la chiusura parziale della<strong>&nbsp;linea ferroviaria della Val Venosta<\/strong> per consentire una serie di lavori propedeutici all&#8217;elettrificazione, modifiche inoltre su alcune linee di bus a Bolzano, in Val Gardena, sui passi Dolomitici e in Alta Pusteria. Dal 16 giugno al 29 settembre 2019 la tratta ferroviara tra&nbsp;<strong>Malles<\/strong>&nbsp;e&nbsp;<strong>Silandro<\/strong>&nbsp;rimarr\u00e0 chiusa; saranno disponibili&nbsp;<strong>autobus sostitutivi<\/strong>. Nelle ore di punta saranno in servizio fino a 5 autobus&nbsp; simultaneamente per far fronte al numero elevato di passeggeri, tra Silandro e Merano i treni circolano ogni mezz\u2019ora Questa chiusura parziale \u00e8 dovuta ai lavori di raddrizzamento di un tratto di binario tra Silandro e Lasa, come previsto nell&#8217;ambito dell&#8217;<strong>elettrificazione della linea ferroviaria<\/strong>. Alcune linee autobus nell&#8217;alta Val Venosta saranno adattate all&#8217;orario sostitutivo, tra cui la linea 271 in direzione di Stelvio fino al 13 ottobre. Al mattino alcune modifiche dell\u2019ora di partenza sono previste anche a Stelvio. Avviso importante: durante questo periodo, la coincidenza in direzione&nbsp;<strong>Passo Stelvio<\/strong> non si svolge a Stelvio ma a Gomagoi. Dal 16 giugno al 29 settembre cambieranno gli orari di partenza sulla linea 273 Martina-Resia \u2013 Malles (nel mattino), modifiche dell\u2019orario cadenzato anche per il citybus Malles-Glorenza-Sluderno (linea 274) e per la linea 279 Malles-Clusio-Laudes. Restando in tema di trasporto ferroviario, gli orari dei treni regionali rimarranno invariati, ma nel periodo estivo, nelle giornate di sabato e domenica, sar\u00e0 operativo un&nbsp;nuovo collegamento&nbsp;<strong>Frecciargento Bolzano-Ancona<\/strong> con partenza da Bolzano alle ore 7.45 e arrivo ad Ancona alle ore 12.45. Per quanto riguarda il percorso inverso, la partenza da Ancona \u00e8 prevista alle ore 16 e l&#8217;arrivo a Bolzano alle ore 20.40. A causa di&nbsp;<strong>lavori stradali<\/strong>&nbsp;in via Fago, il percorso della linea 1 della citt\u00e0 di&nbsp;<strong>Bolzano&nbsp;<\/strong>sar\u00e0 parzialmente modificato tra il 16 giugno e il 31 agosto. Gli autobus transiteranno ogni 15 minuti dalla funivia del Colle fino a&nbsp;Piazza Vittoria, e da l\u00ec proseguiranno alternativamente in direzione Piazza Gries \u2013 Via Fago \u2013 Viale Principe Eugenio di Savoia o in direzione Via Cadorna \u2013 Via Fago \u2013 Via Guncina. La&nbsp;<strong>linea urbana<\/strong> 12 in estate circoler\u00e0 ogni mezz&#8217;ora e non transiter\u00e0 per Via Manci. Sempre a causa dei lavori stradali in Via Fago, i percorsi della linea 14 (transita nei giorni festivi) e della linea 153 (linea notturna) saranno limitati alla parte alta di Via Fago. La linea autobus 170&nbsp;<strong>Bolzano<\/strong>&#8211; Castelrotto-Bressanone\/Ortisei verr\u00e0 modificata: dal 16 giugno in poi questa linea si limiter\u00e0 al tratto Bolzano-Castelrotto-Bressanone, mentra la nuova linea 172 transiter\u00e0 tra Castelrotto e Ortisei con cadenzamento orario. La linea 350 rimarr\u00e0 in parte invariata, con cadenzamento ogni mezz\u2019ora tra Selva Gardena e Ponte Gardena, poi l\u2019autobus proseguir\u00e0 alternativamente per Bolzano e per&nbsp;<strong>Bressanone<\/strong>. In questo modo le localit\u00e0 di Prato Isarco e Campodazzo avranno un collegamento&nbsp;<strong>autobus<\/strong>&nbsp;per Bolzano ogni ora, mentre verr\u00e0 cancellata la linea 301 Bressanone-Bolzano che gi\u00e0 sino ad ora aveva&nbsp;effettuato pochissimi viaggi. Comunque, tramite questo nuovo concetto saranno disponibili collegamenti autobus ogni ora tra Bolzano e Bressanone, sempre con cambio a&nbsp;<strong>Ponte Gardena<\/strong>. Gli autobus con potenziamento stagionale tra Ortisei e Selva Gardena avranno il numero di linea 352 e transiteranno nel periodo dal 23 giugno fino al 13 ottobre. L\u2019orario degli autobus a&nbsp;<strong>Ortisei<\/strong>&nbsp;verr\u00e0 adeguato all\u2019orario della nuova linea 172, tutte le partenze saranno spostate di 30 minuti. A causa di lavori stradali l\u2019autobus stagionale tra&nbsp;<strong>Selva Gardena<\/strong>&nbsp;e S. Cristina avr\u00e0 un percorso modificato nei pressi di Selva Gardena, inoltre il bus proseguir\u00e0 fino alla fermata Puz\u00e8 e non fino a Cristauta. I collegamenti autobus tra la&nbsp;<strong>Val Gardena<\/strong>&nbsp;e i&nbsp;<strong>passi Dolomitici<\/strong> sono attivi gi\u00e0&nbsp;dal 9 giugno con servizi ulteriormente potenziati. A causa dell\u2019elevato numero di passeggeri saranno potenziati anche i servizi autobus tra Val di Funes e Passo delle Erbe. Dal 23 giugno fino al 29 settembre, anche quest\u2019anno, tramite la linea 442 sono previsti collegamenti autobus di ogni mezz\u2019ora tra Dobbiaco e&nbsp;<strong>Lago di Braies<\/strong>. In alta stagione, tra il 10 luglio e il 10 settembre, sar\u00e0 a disposizione un\u2019ulteriore linea di autobus (a pagamento separato) tra Monguelfo e Lago di Braies, mentre dal 9 giugno sara\u00e0 potenziata la linea 443 Braies \u2013 Prato Piazza nel tratto Ferrara \u2013 Ponticello. Per venire incontro alle esigenze di operai e turnisti della Valle Aurina, la linea autobus&nbsp;450 sar\u00e0 potenziata e verranno modificati gli orari di partenza delle corse del mattino,&nbsp;i&nbsp;collegamenti autobus nel tratto Casere \u2013 Campo Tures verranno prolungati fino a Molini di Tures. Inoltre, l\u2019autobus con partenza a Casere alle ore 20.10 nei giorni feriali arriver\u00e0 sino a Brunico. In estate saranno pontenziate, con collegamenti ogni mezz&#8217;ora nelle ore di punta (dal 30 giugno al 30 agosto) le&nbsp;linee 465 Corvara \u2013 Passo Falzarego e 460&nbsp; Brunico \u2013 Val Badia.<\/p>\n","protected":false},"excerpt":{"rendered":"<p>A partire dalla met\u00e0 del mese di giugno entreranno in vigore una serie di cambiamenti d&#8217;orario per quanto riguarda treni e autobus, urbani ed extraurbani, in&nbsp;Alto Adige. La novit\u00e0 pi\u00f9 importante riguarda la chiusura parziale della&nbsp;linea ferroviaria della Val Venosta per consentire una serie di lavori propedeutici all&#8217;elettrificazione, modifiche inoltre su alcune linee di bus a Bolzano, in Val Gardena, sui passi Dolomitici e in Alta Pusteria. Dal 16 giugno\u2026<\/p>\n<p class=\"continue-reading-button\"> <a class=\"continue-reading-link\" href=\"https:\/\/www.ilmondodeitreni.it\/blog\/?p=9324\">Continua la lettura<i class=\"crycon-right-dir\"><\/i><\/a><\/p>\n","protected":false},"author":5,"featured_media":0,"comment_status":"open","ping_status":"open","sticky":false,"template":"","format":"standard","meta":{"footnotes":""},"categories":[2],"tags":[4358,227,5400,69,29],"class_list":["post-9324","post","type-post","status-publish","format-standard","hentry","category-news","tag-alto-adige","tag-bolzano","tag-linea-ferroviaria-della-val-venosta","tag-mobilita","tag-trasporti"],"_links":{"self":[{"href":"https:\/\/www.ilmondodeitreni.it\/blog\/index.php?rest_route=\/wp\/v2\/posts\/9324","targetHints":{"allow":["GET"]}}],"collection":[{"href":"https:\/\/www.ilmondodeitreni.it\/blog\/index.php?rest_route=\/wp\/v2\/posts"}],"about":[{"href":"https:\/\/www.ilmondodeitreni.it\/blog\/index.php?rest_route=\/wp\/v2\/types\/post"}],"author":[{"embeddable":true,"href":"https:\/\/www.ilmondodeitreni.it\/blog\/index.php?rest_route=\/wp\/v2\/users\/5"}],"replies":[{"embeddable":true,"href":"https:\/\/www.ilmondodeitreni.it\/blog\/index.php?rest_route=%2Fwp%2Fv2%2Fcomments&post=9324"}],"version-history":[{"count":1,"href":"https:\/\/www.ilmondodeitreni.it\/blog\/index.php?rest_route=\/wp\/v2\/posts\/9324\/revisions"}],"predecessor-version":[{"id":9326,"href":"https:\/\/www.ilmondodeitreni.it\/blog\/index.php?rest_route=\/wp\/v2\/posts\/9324\/revisions\/9326"}],"wp:attachment":[{"href":"https:\/\/www.ilmondodeitreni.it\/blog\/index.php?rest_route=%2Fwp%2Fv2%2Fmedia&parent=9324"}],"wp:term":[{"taxonomy":"category","embeddable":true,"href":"https:\/\/www.ilmondodeitreni.it\/blog\/index.php?rest_route=%2Fwp%2Fv2%2Fcategories&post=9324"},{"taxonomy":"post_tag","embeddable":true,"href":"https:\/\/www.ilmondodeitreni.it\/blog\/index.php?rest_route=%2Fwp%2Fv2%2Ftags&post=9324"}],"curies":[{"name":"wp","href":"https:\/\/api.w.org\/{rel}","templated":true}]}}