{"id":9322,"date":"2019-06-11T23:32:03","date_gmt":"2019-06-11T21:32:03","guid":{"rendered":"http:\/\/www.ilmondodeitreni.it\/blog\/?p=9322"},"modified":"2019-06-11T23:32:03","modified_gmt":"2019-06-11T21:32:03","slug":"inclusione-e-diversita-valore-aggiunto-per-aziende-e-istituzioni","status":"publish","type":"post","link":"https:\/\/www.ilmondodeitreni.it\/blog\/?p=9322","title":{"rendered":"Inclusione e diversit\u00e0 valore aggiunto per aziende e istituzioni"},"content":{"rendered":"<div class=\"section-container section-container--fixed\">\n<div class=\"article\">\n<div class=\"text parbase section\">\n<div class=\"article--text\">\n<p style=\"text-align: justify;\"><a href=\"http:\/\/www.ilmondodeitreni.it\/blog\/wp-content\/uploads\/2019\/05\/DSC_0665.jpg\"><img loading=\"lazy\" decoding=\"async\" class=\"alignleft size-thumbnail wp-image-9044\" src=\"http:\/\/www.ilmondodeitreni.it\/blog\/wp-content\/uploads\/2019\/05\/DSC_0665-160x107.jpg\" alt=\"\" width=\"160\" height=\"107\" srcset=\"https:\/\/www.ilmondodeitreni.it\/blog\/wp-content\/uploads\/2019\/05\/DSC_0665-160x107.jpg 160w, https:\/\/www.ilmondodeitreni.it\/blog\/wp-content\/uploads\/2019\/05\/DSC_0665-640x427.jpg 640w, https:\/\/www.ilmondodeitreni.it\/blog\/wp-content\/uploads\/2019\/05\/DSC_0665-768x512.jpg 768w, https:\/\/www.ilmondodeitreni.it\/blog\/wp-content\/uploads\/2019\/05\/DSC_0665-1024x683.jpg 1024w, https:\/\/www.ilmondodeitreni.it\/blog\/wp-content\/uploads\/2019\/05\/DSC_0665-225x150.jpg 225w, https:\/\/www.ilmondodeitreni.it\/blog\/wp-content\/uploads\/2019\/05\/DSC_0665-150x100.jpg 150w, https:\/\/www.ilmondodeitreni.it\/blog\/wp-content\/uploads\/2019\/05\/DSC_0665.jpg 2048w\" sizes=\"auto, (max-width: 160px) 100vw, 160px\" \/><\/a>Promuovere l\u2019inclusione come&nbsp;<b>opportunit\u00e0 di crescita e arricchimento e valorizzare i talenti<\/b>, anche quelli pi\u00f9 nascosti, per ottenere migliori risultati in termini economici, di competitivit\u00e0 e di immagine. Inclusione e valorizzazione dell\u2019individualit\u00e0 sono principi fondamentali per&nbsp;<b>FS Italiane<\/b>, costantemente impegnata nella realizzazione di un progetto di mobilit\u00e0 in grado di favorire l\u2019integrazione degli aspetti sociali e ambientali nelle proprie strategie economico-finanziarie. La sostenibilit\u00e0 ambientale, sociale ed economica, infatti, \u00e8 sempre pi\u00f9 elemento cruciale che orienta tutte le attivit\u00e0 del Gruppo FS Italiane.<\/p>\n<p style=\"text-align: justify;\">\u201c<i>L\u2019inclusione \u00e8 un fondamentale valore etico, oltre che leva economica<\/i>\u201d, ha dichiarato&nbsp;<b>Gianluigi Castelli<\/b>, Presidente di FS Italiane. \u201c<i>FS Italiane \u00e8 costantemente impegnata nel rafforzare la diversit\u00e0, valorizzando al meglio il contributo di tutte le persone che lavorano nelle societ\u00e0 del Gruppo. Inoltre, FS Italiane lavora per trasformare la mobilit\u00e0 condivisa e collettiva in Italia, rendendola sempre pi\u00f9 integrata e sostenibile al fine di migliorare la qualit\u00e0 della vita delle persone nel nostro Paese. La consapevolezza del valore delle diversit\u00e0 consente alle aziende di sviluppare idee innovative, osservando il mercato da nuove prospettive e punti di vista. Per questo motivo diventa sempre pi\u00f9 urgente educare le persone al rispetto della diversit\u00e0 e dell\u2019individualit\u00e0, prevedendo percorsi di formazione dedicati\u201d.<\/i><\/p>\n<p style=\"text-align: justify;\">Ferrovie dello Stato Italiane, in collaborazione con l\u2019<b>Istituto Mario Negri<\/b>, il&nbsp;<b>Politecnico di Milano<\/b>, l\u2019<b>Universit\u00e0 Bocconi<\/b>&nbsp;di Milano e&nbsp;<b>Auticon Italia<\/b>, ha organizzato&nbsp;<b><i>Binari Gentili<\/i>,<\/b> la serata dedicata a ricerca scientifica, formazione e impresa sociale per avviare un dialogo tra le Istituzioni scientifiche e accademiche che valorizzano la diversit\u00e0 per raggiungere gli obiettivi aziendali. All\u2019incontro, oltre a Gianluigi Castelli Presidente del Gruppo FS Italiane, hanno partecipato&nbsp;<b>Giuseppe Remuzzi<\/b>, Direttore dell\u2019Istituto di ricerche farmacologiche&nbsp;<b>Mario Negri<\/b>,&nbsp;<b>Ferruccio Resta<\/b>, Rettore del Politecnico di Milano,&nbsp;<b>Francesco Billari&nbsp;<\/b>dell\u2019Universit\u00e0 Bocconi di Milano e&nbsp;<b>Alberto Balestrazzi&nbsp;<\/b>CEO di Auticon Italia. FS Italiane collabora con Enti e associazioni per avviare progetti e iniziative sociali nelle aree ferroviarie. Il Gruppo, infatti, possiede un esteso patrimonio immobiliare parzialmente non utilizzato, costituito da stazioni, caselli e sedimi ferroviari. Sono circa&nbsp;<b>500 in tutta Italia le stazioni impresenziate<\/b>&nbsp;concesse in comodato a diverse realt\u00e0 nazionali (Enti locali, associazionismo, eccetera), con effetti positivi sul decoro degli ambienti e sulla rivitalizzazione del contesto urbano di riferimento. Per garantire il diritto alla mobilit\u00e0 a tutti i cittadini, il Gruppo \u00e8 anche impegnato nella progressiva eliminazione delle barriere architettoniche e nell\u2019offerta di servizi di assistenza alle persone a ridotta mobilit\u00e0. In particolare, RFI ha lanciato l\u2019app&nbsp;<i>SalaBlu+<\/i>&nbsp;per richiedere assistenza, direttamente dal proprio&nbsp;<i>smartphone<\/i>, per una delle oltre 300 stazioni gestite dal servizio Sala Blu.<\/p>\n<\/div>\n<\/div>\n<\/div>\n<\/div>\n","protected":false},"excerpt":{"rendered":"<p>Promuovere l\u2019inclusione come&nbsp;opportunit\u00e0 di crescita e arricchimento e valorizzare i talenti, anche quelli pi\u00f9 nascosti, per ottenere migliori risultati in termini economici, di competitivit\u00e0 e di immagine. Inclusione e valorizzazione dell\u2019individualit\u00e0 sono principi fondamentali per&nbsp;FS Italiane, costantemente impegnata nella realizzazione di un progetto di mobilit\u00e0 in grado di favorire l\u2019integrazione degli aspetti sociali e ambientali nelle proprie strategie economico-finanziarie. La sostenibilit\u00e0 ambientale, sociale ed economica, infatti, \u00e8 sempre pi\u00f9 elemento\u2026<\/p>\n<p class=\"continue-reading-button\"> <a class=\"continue-reading-link\" href=\"https:\/\/www.ilmondodeitreni.it\/blog\/?p=9322\">Continua la lettura<i class=\"crycon-right-dir\"><\/i><\/a><\/p>\n","protected":false},"author":1,"featured_media":0,"comment_status":"open","ping_status":"open","sticky":false,"template":"","format":"standard","meta":{"footnotes":""},"categories":[2],"tags":[5975,5976,5972,5973,171,4257,5970,5979,5971,1743,5978,5977,5974],"class_list":["post-9322","post","type-post","status-publish","format-standard","hentry","category-news","tag-alberto-balestrazzi","tag-auticon-italia","tag-ferruccio-resta","tag-francesco-billari","tag-fs-italiane","tag-gianluigi-castelli","tag-giuseppe-remuzzi","tag-inclusione","tag-istituto-di-ricerche-farmacologiche-mario-negri","tag-politecnico-di-milano","tag-sociale-ed-economica","tag-sostenibilita-ambientale","tag-universita-bocconi-di-milano"],"_links":{"self":[{"href":"https:\/\/www.ilmondodeitreni.it\/blog\/index.php?rest_route=\/wp\/v2\/posts\/9322","targetHints":{"allow":["GET"]}}],"collection":[{"href":"https:\/\/www.ilmondodeitreni.it\/blog\/index.php?rest_route=\/wp\/v2\/posts"}],"about":[{"href":"https:\/\/www.ilmondodeitreni.it\/blog\/index.php?rest_route=\/wp\/v2\/types\/post"}],"author":[{"embeddable":true,"href":"https:\/\/www.ilmondodeitreni.it\/blog\/index.php?rest_route=\/wp\/v2\/users\/1"}],"replies":[{"embeddable":true,"href":"https:\/\/www.ilmondodeitreni.it\/blog\/index.php?rest_route=%2Fwp%2Fv2%2Fcomments&post=9322"}],"version-history":[{"count":1,"href":"https:\/\/www.ilmondodeitreni.it\/blog\/index.php?rest_route=\/wp\/v2\/posts\/9322\/revisions"}],"predecessor-version":[{"id":9323,"href":"https:\/\/www.ilmondodeitreni.it\/blog\/index.php?rest_route=\/wp\/v2\/posts\/9322\/revisions\/9323"}],"wp:attachment":[{"href":"https:\/\/www.ilmondodeitreni.it\/blog\/index.php?rest_route=%2Fwp%2Fv2%2Fmedia&parent=9322"}],"wp:term":[{"taxonomy":"category","embeddable":true,"href":"https:\/\/www.ilmondodeitreni.it\/blog\/index.php?rest_route=%2Fwp%2Fv2%2Fcategories&post=9322"},{"taxonomy":"post_tag","embeddable":true,"href":"https:\/\/www.ilmondodeitreni.it\/blog\/index.php?rest_route=%2Fwp%2Fv2%2Ftags&post=9322"}],"curies":[{"name":"wp","href":"https:\/\/api.w.org\/{rel}","templated":true}]}}