{"id":9270,"date":"2019-06-03T22:55:22","date_gmt":"2019-06-03T20:55:22","guid":{"rendered":"http:\/\/www.ilmondodeitreni.it\/blog\/?p=9270"},"modified":"2019-06-03T22:50:26","modified_gmt":"2019-06-03T20:50:26","slug":"ferrovia-a-cremagliera-principe-granarolo-sospensione-del-servizio-fino-a-martedi-4-giugno","status":"publish","type":"post","link":"https:\/\/www.ilmondodeitreni.it\/blog\/?p=9270","title":{"rendered":"Ferrovia a cremagliera Principe \u2013 Granarolo sospensione del servizio fino a marted\u00ec 4 giugno"},"content":{"rendered":"<p style=\"text-align: justify;\"><span style=\"font-family: tahoma, arial, helvetica, sans-serif;\">AMT informa che a &nbsp;seguito della prosecuzione delle attivit\u00e0 di manutenzione attualmente in atto presso la ferrovia, il servizio della Cremagliera Principe &#8211; Granarolo sar\u00e0 sospeso fino alle ore 17.30 di marted\u00ec 4 giugno. Contestualmente alla sospensione del servizio sar\u00e0 attiva&nbsp;la linea&nbsp;bus sostitutiva G1.<\/span><\/p>\n","protected":false},"excerpt":{"rendered":"<p>AMT informa che a &nbsp;seguito della prosecuzione delle attivit\u00e0 di manutenzione attualmente in atto presso la ferrovia, il servizio della Cremagliera Principe &#8211; Granarolo sar\u00e0 sospeso fino alle ore 17.30 di marted\u00ec 4 giugno. Contestualmente alla sospensione del servizio sar\u00e0 attiva&nbsp;la linea&nbsp;bus sostitutiva G1.<\/p>\n<p class=\"continue-reading-button\"> <a class=\"continue-reading-link\" href=\"https:\/\/www.ilmondodeitreni.it\/blog\/?p=9270\">Continua la lettura<i class=\"crycon-right-dir\"><\/i><\/a><\/p>\n","protected":false},"author":13,"featured_media":0,"comment_status":"open","ping_status":"open","sticky":false,"template":"","format":"standard","meta":{"footnotes":""},"categories":[2],"tags":[124,5917,41],"class_list":["post-9270","post","type-post","status-publish","format-standard","hentry","category-news","tag-amt","tag-cremagliera-principe-granarolo","tag-genova"],"_links":{"self":[{"href":"https:\/\/www.ilmondodeitreni.it\/blog\/index.php?rest_route=\/wp\/v2\/posts\/9270","targetHints":{"allow":["GET"]}}],"collection":[{"href":"https:\/\/www.ilmondodeitreni.it\/blog\/index.php?rest_route=\/wp\/v2\/posts"}],"about":[{"href":"https:\/\/www.ilmondodeitreni.it\/blog\/index.php?rest_route=\/wp\/v2\/types\/post"}],"author":[{"embeddable":true,"href":"https:\/\/www.ilmondodeitreni.it\/blog\/index.php?rest_route=\/wp\/v2\/users\/13"}],"replies":[{"embeddable":true,"href":"https:\/\/www.ilmondodeitreni.it\/blog\/index.php?rest_route=%2Fwp%2Fv2%2Fcomments&post=9270"}],"version-history":[{"count":1,"href":"https:\/\/www.ilmondodeitreni.it\/blog\/index.php?rest_route=\/wp\/v2\/posts\/9270\/revisions"}],"predecessor-version":[{"id":9271,"href":"https:\/\/www.ilmondodeitreni.it\/blog\/index.php?rest_route=\/wp\/v2\/posts\/9270\/revisions\/9271"}],"wp:attachment":[{"href":"https:\/\/www.ilmondodeitreni.it\/blog\/index.php?rest_route=%2Fwp%2Fv2%2Fmedia&parent=9270"}],"wp:term":[{"taxonomy":"category","embeddable":true,"href":"https:\/\/www.ilmondodeitreni.it\/blog\/index.php?rest_route=%2Fwp%2Fv2%2Fcategories&post=9270"},{"taxonomy":"post_tag","embeddable":true,"href":"https:\/\/www.ilmondodeitreni.it\/blog\/index.php?rest_route=%2Fwp%2Fv2%2Ftags&post=9270"}],"curies":[{"name":"wp","href":"https:\/\/api.w.org\/{rel}","templated":true}]}}