{"id":9264,"date":"2019-06-02T20:41:05","date_gmt":"2019-06-02T18:41:05","guid":{"rendered":"http:\/\/www.ilmondodeitreni.it\/blog\/?p=9264"},"modified":"2019-06-02T20:41:05","modified_gmt":"2019-06-02T18:41:05","slug":"ferrovia-a-cremagliera-principe-granarolo-sospensione-temporanea-del-servizio-lunedi-3-giugno","status":"publish","type":"post","link":"https:\/\/www.ilmondodeitreni.it\/blog\/?p=9264","title":{"rendered":"Ferrovia a cremagliera Principe \u2013 Granarolo sospensione temporanea del servizio luned\u00ec 3 giugno"},"content":{"rendered":"<p style=\"text-align: justify;\">Per consentire lo svolgimento di attivit\u00e0 di manutenzione, la&nbsp;<strong>ferrovia a cremagliera Principe &#8211; Granarolo, nella giornata di luned\u00ec 3 giugno<\/strong>&nbsp;sospender\u00e0 il servizio&nbsp;<strong>dalle ore 8.15<\/strong>&nbsp;(ultima corsa da Principe)&nbsp;<strong>alle ore 17.30&nbsp;<\/strong>(ripresa del servizio da Granarolo). Contestualmente alla sospensione del servizio sar\u00e0 attiva&nbsp;<strong>la linea<\/strong>&nbsp;<strong>bus sostitutiva G1<\/strong>.<\/p>\n","protected":false},"excerpt":{"rendered":"<p>Per consentire lo svolgimento di attivit\u00e0 di manutenzione, la&nbsp;ferrovia a cremagliera Principe &#8211; Granarolo, nella giornata di luned\u00ec 3 giugno&nbsp;sospender\u00e0 il servizio&nbsp;dalle ore 8.15&nbsp;(ultima corsa da Principe)&nbsp;alle ore 17.30&nbsp;(ripresa del servizio da Granarolo). Contestualmente alla sospensione del servizio sar\u00e0 attiva&nbsp;la linea&nbsp;bus sostitutiva G1.<\/p>\n<p class=\"continue-reading-button\"> <a class=\"continue-reading-link\" href=\"https:\/\/www.ilmondodeitreni.it\/blog\/?p=9264\">Continua la lettura<i class=\"crycon-right-dir\"><\/i><\/a><\/p>\n","protected":false},"author":13,"featured_media":0,"comment_status":"open","ping_status":"open","sticky":false,"template":"","format":"standard","meta":{"footnotes":""},"categories":[2],"tags":[124,5812,41],"class_list":["post-9264","post","type-post","status-publish","format-standard","hentry","category-news","tag-amt","tag-ferrovia-a-cremagliera-principe-granarolo","tag-genova"],"_links":{"self":[{"href":"https:\/\/www.ilmondodeitreni.it\/blog\/index.php?rest_route=\/wp\/v2\/posts\/9264","targetHints":{"allow":["GET"]}}],"collection":[{"href":"https:\/\/www.ilmondodeitreni.it\/blog\/index.php?rest_route=\/wp\/v2\/posts"}],"about":[{"href":"https:\/\/www.ilmondodeitreni.it\/blog\/index.php?rest_route=\/wp\/v2\/types\/post"}],"author":[{"embeddable":true,"href":"https:\/\/www.ilmondodeitreni.it\/blog\/index.php?rest_route=\/wp\/v2\/users\/13"}],"replies":[{"embeddable":true,"href":"https:\/\/www.ilmondodeitreni.it\/blog\/index.php?rest_route=%2Fwp%2Fv2%2Fcomments&post=9264"}],"version-history":[{"count":1,"href":"https:\/\/www.ilmondodeitreni.it\/blog\/index.php?rest_route=\/wp\/v2\/posts\/9264\/revisions"}],"predecessor-version":[{"id":9265,"href":"https:\/\/www.ilmondodeitreni.it\/blog\/index.php?rest_route=\/wp\/v2\/posts\/9264\/revisions\/9265"}],"wp:attachment":[{"href":"https:\/\/www.ilmondodeitreni.it\/blog\/index.php?rest_route=%2Fwp%2Fv2%2Fmedia&parent=9264"}],"wp:term":[{"taxonomy":"category","embeddable":true,"href":"https:\/\/www.ilmondodeitreni.it\/blog\/index.php?rest_route=%2Fwp%2Fv2%2Fcategories&post=9264"},{"taxonomy":"post_tag","embeddable":true,"href":"https:\/\/www.ilmondodeitreni.it\/blog\/index.php?rest_route=%2Fwp%2Fv2%2Ftags&post=9264"}],"curies":[{"name":"wp","href":"https:\/\/api.w.org\/{rel}","templated":true}]}}