{"id":9222,"date":"2019-05-27T23:33:10","date_gmt":"2019-05-27T21:33:10","guid":{"rendered":"http:\/\/www.ilmondodeitreni.it\/blog\/?p=9222"},"modified":"2019-05-27T23:33:10","modified_gmt":"2019-05-27T21:33:10","slug":"in-arrivo-cinque-treni-nuovi-per-piedimonte-matese","status":"publish","type":"post","link":"https:\/\/www.ilmondodeitreni.it\/blog\/?p=9222","title":{"rendered":"In arrivo cinque treni nuovi per Piedimonte Matese"},"content":{"rendered":"<div id=\"page\" class=\"page-default\">\n<div id=\"main-wrapper\" class=\"wrapper\">\n<div class=\"container grid-24 clearfix\">\n<div class=\"group-cols-1 group-24 grid grid-24\">\n<div id=\"main-content\" class=\"grid grid-24 section\">\n<div class=\"grid-inner clearfix\">\n<div class=\"region region-content\">\n<div id=\"block-system-main\" class=\"block-system\">\n<div class=\"block-inner clearfix\">\n<div class=\"block-content clearfix\">\n<div id=\"article-269925\" class=\"article node node-evento node-odd node-full clearfix\">\n<div class=\"node-content\">\n<div class=\"section field field-name-body field-type-text-with-summary field-label-hidden\">\n<div class=\"field-items\">\n<div class=\"field-item odd\">\n<p style=\"text-align: justify;\"><a href=\"http:\/\/www.ilmondodeitreni.it\/blog\/wp-content\/uploads\/2019\/04\/Stadler_2bo.jpg\"><img loading=\"lazy\" decoding=\"async\" class=\"alignleft wp-image-8873 size-thumbnail\" src=\"http:\/\/www.ilmondodeitreni.it\/blog\/wp-content\/uploads\/2019\/04\/Stadler_2bo-160x90.jpg\" alt=\"\" width=\"160\" height=\"90\" srcset=\"https:\/\/www.ilmondodeitreni.it\/blog\/wp-content\/uploads\/2019\/04\/Stadler_2bo-160x90.jpg 160w, https:\/\/www.ilmondodeitreni.it\/blog\/wp-content\/uploads\/2019\/04\/Stadler_2bo-640x360.jpg 640w, https:\/\/www.ilmondodeitreni.it\/blog\/wp-content\/uploads\/2019\/04\/Stadler_2bo-768x432.jpg 768w, https:\/\/www.ilmondodeitreni.it\/blog\/wp-content\/uploads\/2019\/04\/Stadler_2bo-250x141.jpg 250w, https:\/\/www.ilmondodeitreni.it\/blog\/wp-content\/uploads\/2019\/04\/Stadler_2bo-150x84.jpg 150w, https:\/\/www.ilmondodeitreni.it\/blog\/wp-content\/uploads\/2019\/04\/Stadler_2bo.jpg 800w\" sizes=\"auto, (max-width: 160px) 100vw, 160px\" \/><\/a>In data odierna EAV S.r.l., FNM S.p.A. e Stadler hanno sottoscritto l\u2019Accordo per la fornitura di 5 treni diesel-elettrici per il servizio ferroviario regionale sulla linea Piedimonte Matese \u2013 Napoli. Si tratta di convogli bidirezionali, a composizione bloccata, a trazione diesel-elettrica prodotti dalla Stadler che misurano 66,80 metri di lunghezza, con 3 carrozze passeggeri e 168 posti a sedere, velocit\u00e0 massima di 140 km\/h. I treni fanno parte di una commessa di FNM\/Regione Lombardia, alla quale si \u00e8 agganciata EAV\/Regione Campania , che prevede la fornitura di 50 treni, progettati con soluzioni innovative che soddisfano standard elevati sia di sostenibilit\u00e0 ambientale che di sicurezza. L\u2019accordo si inquadra nella ricerca, a livello nazionale, delle necessarie sinergie tese all\u2019ottenimento dei migliori standard qualitativi con la riduzione dei costi derivante dalle economie di scala. In questo modo, infatti, si bruciano i tempi della gara, e si prevede la consegna dei treni entro 36 mesi. In questo ambito Eav ha sottoscritto un accordo con FNM e Stadler, per la cessione di un contratto applicativo avente ad oggetto la fornitura di n. 5 (cinque) convogli ferroviari a trazione diesel-elettrica in possesso delle necessarie autorizzazioni per la circolazione sia sulla rete RFI e sulla rete sociale di EAV (per un importo complessivo pari ad Euro 35&nbsp; milioni oltre IVA comprensivo di manutenzione programmata). La propulsione del treno \u00e8 garantita da due motori diesel di ultima generazione a basse emissioni (stage V con catalizzatore SCR) che alimentano due set di batterie. Ci\u00f2 permetter\u00e0 ai nuovi treni di viaggiare a emissioni ridotte lungo i tracciati suburbani e a emissioni zero nelle stazioni. La trazione elettrica fornir\u00e0 anche potenza supplementare in fase di accelerazione. Tra le altre dotazioni tecnologiche da segnalare: illuminazione LED, Wi-Fi, prese 220V e USB, sistema di informazione a passeggeri, telecamere per la videosorveglianza e un sistema di assistenza luminosa che segnala apertura e chiusura delle porte.&nbsp; L\u2019accessibilit\u00e0 per le persone a mobilit\u00e0 ridotta \u00e8 resa agevole dalla presenza di pedane scorrevoli che compensano la distanza tra porta e banchina. Presenti anche postazioni per le biciclette.&nbsp;<\/p>\n<div id=\"page\" class=\"page-default\">\n<div id=\"main-wrapper\" class=\"wrapper\">\n<div class=\"container grid-24 clearfix\">\n<div class=\"group-cols-1 group-24 grid grid-24\">\n<div id=\"main-content\" class=\"grid grid-24 section\">\n<div class=\"grid-inner clearfix\">\n<div class=\"region region-content\">\n<div id=\"block-system-main\" class=\"block-system\">\n<div class=\"block-inner clearfix\">\n<div class=\"block-content clearfix\">\n<div id=\"article-269925\" class=\"article node node-evento node-odd node-full clearfix\">\n<div class=\"node-content\">\n<div class=\"section field field-name-body field-type-text-with-summary field-label-hidden\">\n<div class=\"field-items\">\n<div class=\"field-item odd\">\n<p style=\"text-align: justify;\">\u201cSi tratta di un segnale importante alla ricerca di collaborazione tra le aziende ferroviarie che porti alla riduzione di tempi e costi nell\u2019interesse della collettivit\u00e0, un primo esperimento a livello nazionale, cui potranno seguire altre iniziative analoghe per contrastare i tempi della burocrazia\u201d, dichiara il Presidente di EAV Umberto De Gregorio<\/p>\n<p style=\"text-align: justify;\">\u201cQuesta operazione \u2013 sottolinea il presidente di FNM Andrea Gibelli &#8211; rafforza il ruolo strategico di FNM come Rolling Stock Company e contribuisce a rendere pi\u00f9 salda la cooperazione tra aziende del trasporto pubblico locale a vantaggio di tutto il sistema. La scelta di EAV di collaborare con noi \u00e8 anche una conferma di quanto il rapporto qualit\u00e0 prezzo dei treni acquistati da FNM sia conveniente.&nbsp; Le caratteristiche particolarmente innovative da un punto di vista tecnologico e di sostenibilit\u00e0 di questi convogli diesel-elettrici assicureranno standard qualitativi e performance tra i migliori in Europa\u201d.<\/p>\n<p style=\"text-align: justify;\">&nbsp;<\/p>\n<\/div>\n<\/div>\n<\/div>\n<\/div>\n<\/div>\n<\/div>\n<\/div>\n<\/div>\n<\/div>\n<\/div>\n<\/div>\n<\/div>\n<\/div>\n<\/div>\n<\/div>\n<\/div>\n<\/div>\n<\/div>\n<\/div>\n<\/div>\n<\/div>\n<\/div>\n<\/div>\n<\/div>\n<\/div>\n<\/div>\n<\/div>\n<\/div>\n<\/div>\n<\/div>\n","protected":false},"excerpt":{"rendered":"<p>In data odierna EAV S.r.l., FNM S.p.A. e Stadler hanno sottoscritto l\u2019Accordo per la fornitura di 5 treni diesel-elettrici per il servizio ferroviario regionale sulla linea Piedimonte Matese \u2013 Napoli. Si tratta di convogli bidirezionali, a composizione bloccata, a trazione diesel-elettrica prodotti dalla Stadler che misurano 66,80 metri di lunghezza, con 3 carrozze passeggeri e 168 posti a sedere, velocit\u00e0 massima di 140 km\/h. I treni fanno parte di una\u2026<\/p>\n<p class=\"continue-reading-button\"> <a class=\"continue-reading-link\" href=\"https:\/\/www.ilmondodeitreni.it\/blog\/?p=9222\">Continua la lettura<i class=\"crycon-right-dir\"><\/i><\/a><\/p>\n","protected":false},"author":6,"featured_media":0,"comment_status":"open","ping_status":"open","sticky":false,"template":"","format":"standard","meta":{"footnotes":""},"categories":[2],"tags":[5663,5888,5,5889,5891,1897,5892,183,5890],"class_list":["post-9222","post","type-post","status-publish","format-standard","hentry","category-news","tag-andrea-gibelli","tag-eav-s-r-l","tag-ferrovie","tag-fnm-s-p-a","tag-linea-piedimonte-matese-napoli","tag-regione-lombardia","tag-rolling-stock-company","tag-stadler","tag-umberto-de-gregorio"],"_links":{"self":[{"href":"https:\/\/www.ilmondodeitreni.it\/blog\/index.php?rest_route=\/wp\/v2\/posts\/9222","targetHints":{"allow":["GET"]}}],"collection":[{"href":"https:\/\/www.ilmondodeitreni.it\/blog\/index.php?rest_route=\/wp\/v2\/posts"}],"about":[{"href":"https:\/\/www.ilmondodeitreni.it\/blog\/index.php?rest_route=\/wp\/v2\/types\/post"}],"author":[{"embeddable":true,"href":"https:\/\/www.ilmondodeitreni.it\/blog\/index.php?rest_route=\/wp\/v2\/users\/6"}],"replies":[{"embeddable":true,"href":"https:\/\/www.ilmondodeitreni.it\/blog\/index.php?rest_route=%2Fwp%2Fv2%2Fcomments&post=9222"}],"version-history":[{"count":1,"href":"https:\/\/www.ilmondodeitreni.it\/blog\/index.php?rest_route=\/wp\/v2\/posts\/9222\/revisions"}],"predecessor-version":[{"id":9223,"href":"https:\/\/www.ilmondodeitreni.it\/blog\/index.php?rest_route=\/wp\/v2\/posts\/9222\/revisions\/9223"}],"wp:attachment":[{"href":"https:\/\/www.ilmondodeitreni.it\/blog\/index.php?rest_route=%2Fwp%2Fv2%2Fmedia&parent=9222"}],"wp:term":[{"taxonomy":"category","embeddable":true,"href":"https:\/\/www.ilmondodeitreni.it\/blog\/index.php?rest_route=%2Fwp%2Fv2%2Fcategories&post=9222"},{"taxonomy":"post_tag","embeddable":true,"href":"https:\/\/www.ilmondodeitreni.it\/blog\/index.php?rest_route=%2Fwp%2Fv2%2Ftags&post=9222"}],"curies":[{"name":"wp","href":"https:\/\/api.w.org\/{rel}","templated":true}]}}