{"id":9220,"date":"2019-05-27T22:52:05","date_gmt":"2019-05-27T20:52:05","guid":{"rendered":"http:\/\/www.ilmondodeitreni.it\/blog\/?p=9220"},"modified":"2019-05-27T22:52:05","modified_gmt":"2019-05-27T20:52:05","slug":"trenitalia-per-il-turismo-dal-9-giugno-fermata-estiva-di-due-frecciarossa-a-chiusi-chianciano-terme","status":"publish","type":"post","link":"https:\/\/www.ilmondodeitreni.it\/blog\/?p=9220","title":{"rendered":"Trenitalia per il turismo, dal 9 giugno fermata estiva di due Frecciarossa a Chiusi &#8211; Chianciano Terme"},"content":{"rendered":"<p style=\"text-align: justify;\"><a href=\"http:\/\/www.ilmondodeitreni.it\/blog\/wp-content\/uploads\/2019\/02\/frecciarosa.jpg\"><img loading=\"lazy\" decoding=\"async\" class=\"alignleft wp-image-8593 size-thumbnail\" src=\"http:\/\/www.ilmondodeitreni.it\/blog\/wp-content\/uploads\/2019\/02\/frecciarosa-160x120.jpg\" alt=\"\" width=\"160\" height=\"120\" srcset=\"https:\/\/www.ilmondodeitreni.it\/blog\/wp-content\/uploads\/2019\/02\/frecciarosa-160x120.jpg 160w, https:\/\/www.ilmondodeitreni.it\/blog\/wp-content\/uploads\/2019\/02\/frecciarosa-200x150.jpg 200w, https:\/\/www.ilmondodeitreni.it\/blog\/wp-content\/uploads\/2019\/02\/frecciarosa.jpg 640w, https:\/\/www.ilmondodeitreni.it\/blog\/wp-content\/uploads\/2019\/02\/frecciarosa-150x113.jpg 150w\" sizes=\"auto, (max-width: 160px) 100vw, 160px\" \/><\/a>Saranno due i&nbsp;<i>Frecciarossa<\/i>&nbsp;che nel periodo estivo, dal 9 giugno, collegheranno&nbsp;Chiusi-Chianciano Terme&nbsp;alle principali citt\u00e0 italiane servite dall\u2019Alta Velocit\u00e0. Le fermate dei due&nbsp;<i>Frecciarossa<\/i>&nbsp;sono la risposta alla&nbsp;crescente domanda di trasporto turistica nel periodo estivo riscontrata a seguito di un\u2019indagine di mercato e sono parte integrante del pi\u00f9 ampio piano di sviluppo del turismo del Gruppo FS Italiane. L\u2019obiettivo \u00e8 infatti soddisfare la domanda stagionale turistica verso le aree di&nbsp;Chiusi, Siena e le sue Terre, Val di Chiana, Val d\u2019Orcia, Amiata e Trasimeno, conosciute come le antiche&nbsp;terre degli Etruschi. Ci\u00f2 permetter\u00e0 pi\u00f9 facili collegamenti con Chiusi e le aree circostanti, potenziando significativamente dal punto di vista dei trasporti l\u2019offerta turistica dell\u2019intero territorio. L\u2019impegno concreto di&nbsp;Regione Toscana&nbsp;e&nbsp;Comune di Chiusi&nbsp;consentir\u00e0 di promuovere i collegamenti in treno attraverso le associazioni di tutta la filiera del turismo e a incentivare l\u2019afflusso dei turisti. Ci\u00f2 anche grazie alle migliori connessioni di primo e ultimo miglio con il territorio fra Chiusi e Siena, consentendo un&nbsp;facile interscambio modale treno-autobus e invogliando sempre pi\u00f9 persone a lasciare l\u2019auto privata a casa con enormi benefici anche per l\u2019ambiente. Sar\u00e0 cos\u00ec possibile contribuire alla&nbsp;redistribuzione dei flussi turistici non solo nelle grandi citt\u00e0 d\u2019arte, ma anche nelle localit\u00e0 di medie e piccole dimensioni ad alta attrattivit\u00e0 culturale e paesaggistica, unendo Chiusi-Chianciano Terme a Roma in circa un\u2019ora e a Milano in poco meno di tre ore. I due collegamenti, novit\u00e0 dell\u2019orario estivo 2019 di Trenitalia, sono acquistabili da oggi, sabato 25 maggio, sul sito web&nbsp;<a href=\"http:\/\/www.trenitalia.com\/\">trenitalia.com<\/a>, nelle biglietterie e su tutti i canali di vendita convenzionati. Questi gli orari: partenza da Milano alle ore 5.00 con fermata a Bologna Centrale (6:02\/6.05) \u2013 Firenze Santa Maria Novella (6.46\/6.55) \u2013 Arezzo (7.28\/7.30),&nbsp;Chiusi-Chianciano Terme (ore 7.56\/7.58), Roma Tiburtina (ore 8.51\/8.53) Roma Termini (ore 8.58\/9.10) con arrivo a Napoli alle ore 10.20.<\/p>\n<p style=\"text-align: justify;\">Partenza da Napoli alle ore 18.50 con fermate a Roma Termini (ore 20\/20.10), Roma Tiburtina (20.17\/20.19),&nbsp;Chiusi-Chianciano Terme (ore 21.07\/21.09), Firenze Santa Maria Novella (ore 21.51\/22.00), Bologna Centrale (22.35\/22.38), Reggio Emilia AV (22.57\/22.59), Milano Rogoredo (23.35\/23.37) con arrivo a Milano Centrale alle ore 23.50.<\/p>\n<p style=\"text-align: justify;\">Il collegamento da Milano verso Sud \u00e8 svolto tutti i giorni tranne la domenica, quello da Napoli verso Nord tranne il sabato.<\/p>\n","protected":false},"excerpt":{"rendered":"<p>Saranno due i&nbsp;Frecciarossa&nbsp;che nel periodo estivo, dal 9 giugno, collegheranno&nbsp;Chiusi-Chianciano Terme&nbsp;alle principali citt\u00e0 italiane servite dall\u2019Alta Velocit\u00e0. Le fermate dei due&nbsp;Frecciarossa&nbsp;sono la risposta alla&nbsp;crescente domanda di trasporto turistica nel periodo estivo riscontrata a seguito di un\u2019indagine di mercato e sono parte integrante del pi\u00f9 ampio piano di sviluppo del turismo del Gruppo FS Italiane. L\u2019obiettivo \u00e8 infatti soddisfare la domanda stagionale turistica verso le aree di&nbsp;Chiusi, Siena e le sue\u2026<\/p>\n<p class=\"continue-reading-button\"> <a class=\"continue-reading-link\" href=\"https:\/\/www.ilmondodeitreni.it\/blog\/?p=9220\">Continua la lettura<i class=\"crycon-right-dir\"><\/i><\/a><\/p>\n","protected":false},"author":1,"featured_media":0,"comment_status":"open","ping_status":"open","sticky":false,"template":"","format":"standard","meta":{"footnotes":""},"categories":[2],"tags":[179,5887,2608,5886,102,192,88,4562,2176],"class_list":["post-9220","post","type-post","status-publish","format-standard","hentry","category-news","tag-alta-velocita","tag-amiata","tag-chiusi","tag-comune-di-chiusi","tag-frecciarossa","tag-regione-toscana","tag-siena","tag-val-di-chiana","tag-val-dorcia"],"_links":{"self":[{"href":"https:\/\/www.ilmondodeitreni.it\/blog\/index.php?rest_route=\/wp\/v2\/posts\/9220","targetHints":{"allow":["GET"]}}],"collection":[{"href":"https:\/\/www.ilmondodeitreni.it\/blog\/index.php?rest_route=\/wp\/v2\/posts"}],"about":[{"href":"https:\/\/www.ilmondodeitreni.it\/blog\/index.php?rest_route=\/wp\/v2\/types\/post"}],"author":[{"embeddable":true,"href":"https:\/\/www.ilmondodeitreni.it\/blog\/index.php?rest_route=\/wp\/v2\/users\/1"}],"replies":[{"embeddable":true,"href":"https:\/\/www.ilmondodeitreni.it\/blog\/index.php?rest_route=%2Fwp%2Fv2%2Fcomments&post=9220"}],"version-history":[{"count":1,"href":"https:\/\/www.ilmondodeitreni.it\/blog\/index.php?rest_route=\/wp\/v2\/posts\/9220\/revisions"}],"predecessor-version":[{"id":9221,"href":"https:\/\/www.ilmondodeitreni.it\/blog\/index.php?rest_route=\/wp\/v2\/posts\/9220\/revisions\/9221"}],"wp:attachment":[{"href":"https:\/\/www.ilmondodeitreni.it\/blog\/index.php?rest_route=%2Fwp%2Fv2%2Fmedia&parent=9220"}],"wp:term":[{"taxonomy":"category","embeddable":true,"href":"https:\/\/www.ilmondodeitreni.it\/blog\/index.php?rest_route=%2Fwp%2Fv2%2Fcategories&post=9220"},{"taxonomy":"post_tag","embeddable":true,"href":"https:\/\/www.ilmondodeitreni.it\/blog\/index.php?rest_route=%2Fwp%2Fv2%2Ftags&post=9220"}],"curies":[{"name":"wp","href":"https:\/\/api.w.org\/{rel}","templated":true}]}}