{"id":9181,"date":"2019-05-22T01:37:10","date_gmt":"2019-05-21T23:37:10","guid":{"rendered":"http:\/\/www.ilmondodeitreni.it\/blog\/?p=9181"},"modified":"2019-05-22T01:41:15","modified_gmt":"2019-05-21T23:41:15","slug":"fs-italiane-incontra-le-mav-ferrovie-ungheresi-per-lavvio-della-fase-attuativa-della-cooperazione","status":"publish","type":"post","link":"https:\/\/www.ilmondodeitreni.it\/blog\/?p=9181","title":{"rendered":"FS Italiane incontra le M\u00c1V (Ferrovie Ungheresi) per l\u2019avvio della fase attuativa della cooperazione"},"content":{"rendered":"<p style=\"text-align: justify;\"><a href=\"http:\/\/www.ilmondodeitreni.it\/blog\/wp-content\/uploads\/2018\/04\/418154_chop03012014.jpg\"><img loading=\"lazy\" decoding=\"async\" class=\"alignleft size-thumbnail wp-image-7319\" src=\"http:\/\/www.ilmondodeitreni.it\/blog\/wp-content\/uploads\/2018\/04\/418154_chop03012014-160x107.jpg\" alt=\"\" width=\"160\" height=\"107\" srcset=\"https:\/\/www.ilmondodeitreni.it\/blog\/wp-content\/uploads\/2018\/04\/418154_chop03012014-160x107.jpg 160w, https:\/\/www.ilmondodeitreni.it\/blog\/wp-content\/uploads\/2018\/04\/418154_chop03012014.jpg 640w, https:\/\/www.ilmondodeitreni.it\/blog\/wp-content\/uploads\/2018\/04\/418154_chop03012014-225x150.jpg 225w, https:\/\/www.ilmondodeitreni.it\/blog\/wp-content\/uploads\/2018\/04\/418154_chop03012014-300x200.jpg 300w, https:\/\/www.ilmondodeitreni.it\/blog\/wp-content\/uploads\/2018\/04\/418154_chop03012014-150x100.jpg 150w\" sizes=\"auto, (max-width: 160px) 100vw, 160px\" \/><\/a>FS Italiane, con le societ\u00e0 del Gruppo FS RFI, Italferr e Mercitalia, a valle del&nbsp;<i>Memorandum of Understanding<\/i>&nbsp;firmato lo scorso marzo, il 14 maggio ha ricevuto una delegazione delle&nbsp;<i>Magyar \u00c1llamvasutak<\/i>&nbsp;(Ferrovie Ungheresi), guidata Mr.&nbsp;<b><i>R\u00f3bert Homolya<\/i><\/b><i>,<b>&nbsp;<\/b>Presidente&nbsp;<\/i>e<i>&nbsp;CEO&nbsp;<\/i>di<i>&nbsp;M\u00c1V Co.<\/i>, accompagnato da&nbsp;<b><i>Mr. J\u00f3zsef Ker\u00e9kgy\u00e1rt\u00f3<\/i><\/b><i>, CEO&nbsp;<\/i>di&nbsp;<i>M\u00c1V-START Co.<\/i>, e da&nbsp;<b><i>Ms. Bernadette Kukoda,<\/i><\/b><i>Director of International Relations&nbsp;<\/i>di<i>&nbsp;M\u00c1V Co.<\/i><\/p>\n<p style=\"text-align: justify;\">La visita \u00e8 stata strutturata con incontri finalizzati al passaggio alla fase attuativa della cooperazione e con visite tecniche utili a dare evidenza di alcune eccellenze sviluppate negli ultimi anni dal Gruppo.<\/p>\n<p style=\"text-align: justify;\">In questo quadro, la&nbsp;<strong>delegazione ungherese<\/strong>&nbsp;ha potuto visitare la cabina di guida di un&nbsp;<em>Frecciarossa&nbsp;<\/em>1000 in esercizio e il&nbsp;<strong>Centro di Comando e Controllo di Bologna<\/strong>&nbsp;per le tematiche afferenti la circolazione ferroviaria e l\u2019<strong>Alta Velocit\u00e0 italiana<\/strong>, nonch\u00e9 l\u2019<strong>Interporto bolognese per le tematiche &nbsp;relative al trasporto merci<\/strong>. Successivamente la delegazione \u00e8 stata accompagnata anche nel&nbsp;<strong>Centro Manutenzione dei Treni AV di Napoli<\/strong>&nbsp;e la nuova&nbsp;<strong>Stazione AV di Napoli Afragola<\/strong>.<\/p>\n<p style=\"text-align: justify;\">In occasione del meeting nella Sede Centrale di FS \u00e8 stato concordato di concentrare questa fase della cooperazione nella&nbsp;<strong>formazione di famiglie professionali delle Ferrovie Ungheresi<\/strong>, nella valutazione della possibilit\u00e0 di&nbsp;<i>coaching<\/i>&nbsp;con&nbsp;<strong>distacco di personale del Gruppo FS per la ristrutturazione di specifici settori delle&nbsp;<i>M\u00c1V<\/i><\/strong>, nello&nbsp;<strong>sviluppo del traffico merci Italia-Ungheria<\/strong>&nbsp;con prosecuzioni sino in&nbsp;<strong>Russia<\/strong>&nbsp;e in&nbsp;<strong>Cina<\/strong>, nella collaborazione nello&nbsp;<strong>sviluppo commerciale di stazioni ferroviarie ungheresi<\/strong>&nbsp;(prime fra tutte le Stazioni della capitale Budapest)&nbsp;<strong>che hanno in comune con quelle italiane l\u2019elevato valore storico-artistico<\/strong>, e nella ricerca di una possibile collaborazione con FS International per lo studio di fattibilit\u00e0 per l\u2019importante&nbsp;<strong>progetto che prevede la realizzazione di una linea ad Alta Velocit\u00e0 tra Budapest e Varsavia<\/strong>.<\/p>\n<p style=\"text-align: justify;\">Il progetto di collegamento ferroviario in AV tra la capitale ungherese e la capitale polacca, che prevede anche il passaggio in Repubblica Ceca (Brno) e Slovacchia (Bratislava), avr\u00e0 un\u2019<strong>estensione di circa 900 km per una velocit\u00e0 massima almeno pari a 250 km\/h<\/strong>, riducendo i tempi di percorrenza dalle attuali 9h e 30\u2019 a circa 4h. A questo riguardo, il Governo ungherese ha gi\u00e0 stanziato circa \u20ac 4,6 mln per gli studi di fattibilit\u00e0 e altre analisi preliminari.<\/p>\n","protected":false},"excerpt":{"rendered":"<p>FS Italiane, con le societ\u00e0 del Gruppo FS RFI, Italferr e Mercitalia, a valle del&nbsp;Memorandum of Understanding&nbsp;firmato lo scorso marzo, il 14 maggio ha ricevuto una delegazione delle&nbsp;Magyar \u00c1llamvasutak&nbsp;(Ferrovie Ungheresi), guidata Mr.&nbsp;R\u00f3bert Homolya,&nbsp;Presidente&nbsp;e&nbsp;CEO&nbsp;di&nbsp;M\u00c1V Co., accompagnato da&nbsp;Mr. J\u00f3zsef Ker\u00e9kgy\u00e1rt\u00f3, CEO&nbsp;di&nbsp;M\u00c1V-START Co., e da&nbsp;Ms. Bernadette Kukoda,Director of International Relations&nbsp;di&nbsp;M\u00c1V Co. La visita \u00e8 stata strutturata con incontri finalizzati al passaggio alla fase attuativa della cooperazione e con visite tecniche utili a dare\u2026<\/p>\n<p class=\"continue-reading-button\"> <a class=\"continue-reading-link\" href=\"https:\/\/www.ilmondodeitreni.it\/blog\/?p=9181\">Continua la lettura<i class=\"crycon-right-dir\"><\/i><\/a><\/p>\n","protected":false},"author":6,"featured_media":0,"comment_status":"open","ping_status":"open","sticky":false,"template":"","format":"standard","meta":{"footnotes":""},"categories":[2,11],"tags":[650,5,99,125,5830,5829,116],"class_list":["post-9181","post","type-post","status-publish","format-standard","hentry","category-news","category-news-estero","tag-budapest","tag-ferrovie","tag-fs","tag-italferr","tag-jozsef-kerekgyarto","tag-magyar-allamvasutak","tag-mav"],"_links":{"self":[{"href":"https:\/\/www.ilmondodeitreni.it\/blog\/index.php?rest_route=\/wp\/v2\/posts\/9181","targetHints":{"allow":["GET"]}}],"collection":[{"href":"https:\/\/www.ilmondodeitreni.it\/blog\/index.php?rest_route=\/wp\/v2\/posts"}],"about":[{"href":"https:\/\/www.ilmondodeitreni.it\/blog\/index.php?rest_route=\/wp\/v2\/types\/post"}],"author":[{"embeddable":true,"href":"https:\/\/www.ilmondodeitreni.it\/blog\/index.php?rest_route=\/wp\/v2\/users\/6"}],"replies":[{"embeddable":true,"href":"https:\/\/www.ilmondodeitreni.it\/blog\/index.php?rest_route=%2Fwp%2Fv2%2Fcomments&post=9181"}],"version-history":[{"count":3,"href":"https:\/\/www.ilmondodeitreni.it\/blog\/index.php?rest_route=\/wp\/v2\/posts\/9181\/revisions"}],"predecessor-version":[{"id":9184,"href":"https:\/\/www.ilmondodeitreni.it\/blog\/index.php?rest_route=\/wp\/v2\/posts\/9181\/revisions\/9184"}],"wp:attachment":[{"href":"https:\/\/www.ilmondodeitreni.it\/blog\/index.php?rest_route=%2Fwp%2Fv2%2Fmedia&parent=9181"}],"wp:term":[{"taxonomy":"category","embeddable":true,"href":"https:\/\/www.ilmondodeitreni.it\/blog\/index.php?rest_route=%2Fwp%2Fv2%2Fcategories&post=9181"},{"taxonomy":"post_tag","embeddable":true,"href":"https:\/\/www.ilmondodeitreni.it\/blog\/index.php?rest_route=%2Fwp%2Fv2%2Ftags&post=9181"}],"curies":[{"name":"wp","href":"https:\/\/api.w.org\/{rel}","templated":true}]}}