{"id":9179,"date":"2019-05-21T22:58:08","date_gmt":"2019-05-21T20:58:08","guid":{"rendered":"http:\/\/www.ilmondodeitreni.it\/blog\/?p=9179"},"modified":"2019-05-21T22:58:08","modified_gmt":"2019-05-21T20:58:08","slug":"ferrovia-stia-sinalunga-arriva-il-certificato-di-ansf-treni-piu-rapidi-e-sicuri","status":"publish","type":"post","link":"https:\/\/www.ilmondodeitreni.it\/blog\/?p=9179","title":{"rendered":"Ferrovia Stia-Sinalunga, arriva il certificato di ANSF: treni pi\u00f9 rapidi e sicuri"},"content":{"rendered":"<p style=\"text-align: justify;\"><a href=\"http:\/\/www.ilmondodeitreni.it\/blog\/wp-content\/uploads\/2017\/10\/EDz17arezzopescaiola.jpg\"><img loading=\"lazy\" decoding=\"async\" class=\"alignleft size-thumbnail wp-image-6492\" src=\"http:\/\/www.ilmondodeitreni.it\/blog\/wp-content\/uploads\/2017\/10\/EDz17arezzopescaiola-160x110.jpg\" alt=\"\" width=\"160\" height=\"110\" srcset=\"https:\/\/www.ilmondodeitreni.it\/blog\/wp-content\/uploads\/2017\/10\/EDz17arezzopescaiola-160x110.jpg 160w, https:\/\/www.ilmondodeitreni.it\/blog\/wp-content\/uploads\/2017\/10\/EDz17arezzopescaiola.jpg 640w, https:\/\/www.ilmondodeitreni.it\/blog\/wp-content\/uploads\/2017\/10\/EDz17arezzopescaiola-219x150.jpg 219w, https:\/\/www.ilmondodeitreni.it\/blog\/wp-content\/uploads\/2017\/10\/EDz17arezzopescaiola-300x205.jpg 300w, https:\/\/www.ilmondodeitreni.it\/blog\/wp-content\/uploads\/2017\/10\/EDz17arezzopescaiola-150x103.jpg 150w\" sizes=\"auto, (max-width: 160px) 100vw, 160px\" \/><\/a>La Stia-Arezzo e la Arezzo-Sinalunga, sono le prime due tratte ferroviarie di propriet\u00e0 regionale in Italia ad ottenere l&#8217;autorizzazione di sicurezza dall&#8217;Agenzia nazionale per la sicurezza delle ferrovie (Ansf). Ieri, infatti, l&#8217;Ansf ha rilasciato l&#8217;Autorizzazione di Sicurezza n. 2120190002 al Gestore Infrastruttura LFI S.p.A. I treni regionali che percorrono le due linee con il prossimo cambio orario, previsto per a met\u00e0 di giugno, potranno tornare alla velocit\u00e0 di esercizio di 70 KM\/h, rispetto agli attuali 50 km\/h, con un consistente miglioramento della qualit\u00e0 del servizio per gli utenti e la diminuzione dei tempi di percorrenza. Il percorso autorizzativo era iniziato con l&#8217;entrata in vigore del DM 5\/8\/2016 che aveva sancito il passaggio delle linee ferroviarie interconnesse con RFI dal controllo del Ministero dei trasporti a quello dell&#8217;Agenzia nazionale per la sicurezza delle ferrovie, al pari delle Ferrovie dello Stato. Questa decisione fu presa a seguito del grave incidente avvenuto in Puglia nel luglio dello stesso anno. A causa del diverso regime di controllo, LFI era stata costretta ad una serie di restrizioni e adempimenti di sicurezza tra cui la fermata dei treni in prossimit\u00e0 dei passaggi a livello non protetti e la riduzione della velocit\u00e0 a 50 km\/h. Da quel momento \u00e8 iniziato un complesso iter che si \u00e8 concluso con l&#8217;ottenimento del &#8220;titolo autorizzativo&#8221; di Ansf. L&#8217;assessore regionale alle infrastrutture ha ribadito l&#8217;importanza per la Regione della linea Pratovecchio Stia-Arezzo-Sinalunga che serve territori che hanno bisogno di rafforzare i loro servizi di trasporto e la qualit\u00e0 della mobilit\u00e0 interna e verso il capoluogo. Si tratta di un passaggio importante che premia il lavoro fatto dal gestore del servizio a cui la Regione ha sempre fornito il sostegno necessario anche nelle fasi pi\u00f9 difficili. Adesso \u00e8 necessario procedere con la massima celerit\u00e0 per attrezzare le due linee con il sistema di sicurezza ERTMS che la Regione ha gi\u00e0 finanziato con 20 milioni di euro e per il quale sta per essere assegnata la prima parte dei lavori. Cos\u00ec le due linee avranno il sistema di sicurezza tecnologicamente pi\u00f9 avanzato che permetter\u00e0 un ulteriore aumento della velocit\u00e0 dei treni. Obiettivo pi\u00f9 sicurezza e treni pi\u00f9 rapidi.<\/p>\n","protected":false},"excerpt":{"rendered":"<p>La Stia-Arezzo e la Arezzo-Sinalunga, sono le prime due tratte ferroviarie di propriet\u00e0 regionale in Italia ad ottenere l&#8217;autorizzazione di sicurezza dall&#8217;Agenzia nazionale per la sicurezza delle ferrovie (Ansf). Ieri, infatti, l&#8217;Ansf ha rilasciato l&#8217;Autorizzazione di Sicurezza n. 2120190002 al Gestore Infrastruttura LFI S.p.A. I treni regionali che percorrono le due linee con il prossimo cambio orario, previsto per a met\u00e0 di giugno, potranno tornare alla velocit\u00e0 di esercizio di\u2026<\/p>\n<p class=\"continue-reading-button\"> <a class=\"continue-reading-link\" href=\"https:\/\/www.ilmondodeitreni.it\/blog\/?p=9179\">Continua la lettura<i class=\"crycon-right-dir\"><\/i><\/a><\/p>\n","protected":false},"author":1,"featured_media":0,"comment_status":"open","ping_status":"open","sticky":false,"template":"","format":"standard","meta":{"footnotes":""},"categories":[2],"tags":[2376,4385,5,5856,5857,34,39],"class_list":["post-9179","post","type-post","status-publish","format-standard","hentry","category-news","tag-ansf","tag-ermts","tag-ferrovie","tag-lfi-s-p-a","tag-linea-pratovecchio-stia-arezzo-sinalunga","tag-rfi","tag-toscana"],"_links":{"self":[{"href":"https:\/\/www.ilmondodeitreni.it\/blog\/index.php?rest_route=\/wp\/v2\/posts\/9179","targetHints":{"allow":["GET"]}}],"collection":[{"href":"https:\/\/www.ilmondodeitreni.it\/blog\/index.php?rest_route=\/wp\/v2\/posts"}],"about":[{"href":"https:\/\/www.ilmondodeitreni.it\/blog\/index.php?rest_route=\/wp\/v2\/types\/post"}],"author":[{"embeddable":true,"href":"https:\/\/www.ilmondodeitreni.it\/blog\/index.php?rest_route=\/wp\/v2\/users\/1"}],"replies":[{"embeddable":true,"href":"https:\/\/www.ilmondodeitreni.it\/blog\/index.php?rest_route=%2Fwp%2Fv2%2Fcomments&post=9179"}],"version-history":[{"count":1,"href":"https:\/\/www.ilmondodeitreni.it\/blog\/index.php?rest_route=\/wp\/v2\/posts\/9179\/revisions"}],"predecessor-version":[{"id":9180,"href":"https:\/\/www.ilmondodeitreni.it\/blog\/index.php?rest_route=\/wp\/v2\/posts\/9179\/revisions\/9180"}],"wp:attachment":[{"href":"https:\/\/www.ilmondodeitreni.it\/blog\/index.php?rest_route=%2Fwp%2Fv2%2Fmedia&parent=9179"}],"wp:term":[{"taxonomy":"category","embeddable":true,"href":"https:\/\/www.ilmondodeitreni.it\/blog\/index.php?rest_route=%2Fwp%2Fv2%2Fcategories&post=9179"},{"taxonomy":"post_tag","embeddable":true,"href":"https:\/\/www.ilmondodeitreni.it\/blog\/index.php?rest_route=%2Fwp%2Fv2%2Ftags&post=9179"}],"curies":[{"name":"wp","href":"https:\/\/api.w.org\/{rel}","templated":true}]}}