{"id":9143,"date":"2019-05-13T16:44:51","date_gmt":"2019-05-13T14:44:51","guid":{"rendered":"http:\/\/www.ilmondodeitreni.it\/blog\/?p=9143"},"modified":"2019-05-15T16:57:38","modified_gmt":"2019-05-15T14:57:38","slug":"terracina-102-giro-ditalia-piano-di-viabilita","status":"publish","type":"post","link":"https:\/\/www.ilmondodeitreni.it\/blog\/?p=9143","title":{"rendered":"Terracina, 102 \u00b0 Giro d&#8217;Italia: Piano di viabilit\u00e0"},"content":{"rendered":"<p style=\"text-align: justify;\"><a href=\"http:\/\/www.ilmondodeitreni.it\/blog\/wp-content\/uploads\/2019\/05\/RSCN8333.jpg\"><img loading=\"lazy\" decoding=\"async\" class=\"alignleft size-thumbnail wp-image-9144\" src=\"http:\/\/www.ilmondodeitreni.it\/blog\/wp-content\/uploads\/2019\/05\/RSCN8333-160x120.jpg\" alt=\"\" width=\"160\" height=\"120\" srcset=\"https:\/\/www.ilmondodeitreni.it\/blog\/wp-content\/uploads\/2019\/05\/RSCN8333-160x120.jpg 160w, https:\/\/www.ilmondodeitreni.it\/blog\/wp-content\/uploads\/2019\/05\/RSCN8333-640x480.jpg 640w, https:\/\/www.ilmondodeitreni.it\/blog\/wp-content\/uploads\/2019\/05\/RSCN8333-768x576.jpg 768w, https:\/\/www.ilmondodeitreni.it\/blog\/wp-content\/uploads\/2019\/05\/RSCN8333-200x150.jpg 200w, https:\/\/www.ilmondodeitreni.it\/blog\/wp-content\/uploads\/2019\/05\/RSCN8333-150x113.jpg 150w, https:\/\/www.ilmondodeitreni.it\/blog\/wp-content\/uploads\/2019\/05\/RSCN8333.jpg 1024w\" sizes=\"auto, (max-width: 160px) 100vw, 160px\" \/><\/a>Il complesso piano di viabilit\u00e0 per l\u2019arrivo della tappa del Giro d\u2019Italia a Terracina mercoled\u00ec 15 maggio \u00e8 stato presentato in una conferenza stampa svoltasi questa mattina in sala giunta.&nbsp; Istituite due zone rosse in&nbsp;<strong>Viale della Vittoria<\/strong>&nbsp;e&nbsp;<strong>Via Roma<\/strong>&nbsp;dove, dalla mattina alle 6, viger\u00e0 il divieto di transito e di sosta. Per quanto riguarda Via Roma il tratto interessato \u00e8 quello che va dal&nbsp;<strong>Ponte del Buongoverno<\/strong>&nbsp;(pasticceria Somma) all\u2019intersezione di&nbsp;<strong>via Derna<\/strong>. Gli incroci su&nbsp;<strong>viale della Vittoria<\/strong>&nbsp;sono tutti transitabili.&nbsp;<strong>Su tutto il circuito cittadino, dalla mattina, c\u2019\u00e8 il divieto di sosta<\/strong>: l\u2019intera via Roma, piazza della Repubblica, lungomare Matteotti, via Traiano, Ponte dell\u2019Ospedale (pescatori), Via Cristoforo Colombo, Lungomare Circe fino a via Friuli Venezia Giulia.&nbsp; Altri settori sensibili sono il&nbsp;<strong>Quartier Tappa al Liceo in Via Pantanelle<\/strong>, con divieto di transito e sosta sin dalla mattina presto. I residenti non saranno bloccati, ma comunque limitati nei movimenti. Altre zone inibite sono piazza&nbsp;<strong>Fontana Vecchia<\/strong>, piazza&nbsp;<strong>XXV Aprile<\/strong>&nbsp;(zona dell\u2019Arrivo). Percorribili tutte le strade del&nbsp;<strong>Centro Storico Alto<\/strong>. Tra le 18 e le 19 la viabilit\u00e0 torner\u00e0 ad essere normale in tutta la citt\u00e0, tranne nelle zone rosse che richiederanno un po\u2019 pi\u00f9 di tempo.&nbsp;<\/p>\n<p style=\"text-align: justify;\">Le linee del&nbsp;<strong>Trasporto Pubblico Locale<\/strong>&nbsp;ordinario (Cotri \/ La Circolare) sono tutte sospese ed i mezzi utilizzati per le 3 linee di navette.&nbsp;<\/p>\n<ul>\n<li>\n<div style=\"text-align: justify;\">La prima ha il capolinea in piazza IV novembre a B.go Hermada, C. Battisti, via Pantani da Basso, percorrer\u00e0 la Pontina, via Badino, Viale Europa fino a Palazzetto Sport e ritorno con frequenza di 20 minuti. Le fermate sono quelle ordinarie del Cotri cos\u00ec come il costo della corsa pari a 1 euro. Sar\u00e0 consentito parcheggiare in tutte le aree delle attivit\u00e0 commerciali, per quella giornata adibiti a parcheggi pubblici.&nbsp;<\/div>\n<\/li>\n<li>\n<div style=\"text-align: justify;\">La seconda navetta \u00e8 quella della Fiora: frequenza ogni due ore, a partire dalle ore 8 fino alle 20, capolinea dal piazzale della scuola Materna, poi via Matera, Via Appia, Ponte Maggiore, Migliara 58, via C. Battisti e proseguir\u00e0 secondo lo stesso percorso di quella di B. Hermada.<\/div>\n<\/li>\n<li>\n<div style=\"text-align: justify;\">La terza linea \u00e8 dalla stazione MS Biagio \u2013 Terracina Mare fino a Piazzale Marconi, attiva dalle 6,50 della mattina fino alle ore 20 con frequenza di 20 minuti.<\/div>\n<\/li>\n<\/ul>\n<p style=\"text-align: justify;\">Il&nbsp;<strong>Cotral<\/strong>&nbsp;sposter\u00e0 il capolinea presso l\u2019area del mercato e utilizzer\u00e0 la galleria di Monte Giove per tutte le corse nord-sud e sud-nord. I mezzi che normalmente percorrono le strade della zona rossa non entreranno in citt\u00e0. Il servizio sar\u00e0 temporaneamente sospeso solo nei minuti interessati dal passaggio della corsa sul tratto di via Appia che i mezzi Cotral devono percorrere per raggiungere lo svincolo in direzione galleria.<\/p>\n<p style=\"text-align: justify;\">Il&nbsp;<strong>servizio di raccolta dei rifiuti<\/strong>, nelle zone interessate dal circuito, inizier\u00e0 un\u2019ora prima, cio\u00e8 alle 5 del mattino. Nelle altre zone rimarr\u00e0 normale. Non si riuscir\u00e0, purtroppo, a raccogliere gli imballaggi delle attivit\u00e0 commerciali come tutti i pomeriggi nella zona del circuito.&nbsp;<\/p>\n<p style=\"text-align: justify;\"><em>\u201cIl blocco totale della citt\u00e0 non corrisponde a verit\u00e0 \u2013 precisa&nbsp;<strong>l\u2019assessore ai Lavori Pubblici e alla Viabilit\u00e0 Luca Caringi<\/strong>-. L\u2019ordinanza \u00e8 restrittiva per ottemperare alle richieste degli organizzatori, ma si cercher\u00e0 di adottare una certa flessibilit\u00e0 nella gestione del servizio, senza mai derogare alla sicurezza. Si chiede la collaborazione di tutti, evitando gli spostamenti su veicoli a motore se non costretti. In particolare facciamo appello ai residenti delle zone rosse (Viale della Vittoria e Via Roma) in cui viger\u00e0 la rimozione e il transito sin dalla mattina alle 6. Grazie agli Uffici per il lavoro che hanno svolto e che continueranno a svolgere con grande seriet\u00e0. Desideriamo che sia una giornata di grande festa per tutta la citt\u00e0\u201d.<\/em><\/p>\n<p style=\"text-align: justify;\"><em><strong>L\u2019assessore al Trasporto Pubblico e all\u2019Ambiente Emanuela Zappone<\/strong>, dopo aver illustrato il percorso di navette e De Vizia, afferma che \u201cl\u2019impegno della citt\u00e0 \u00e8 enorme. Ringrazio tutti gli Uffici che si stanno prodigando in maniera straordinaria. RCS ci ha comunicato che gli spettatori in tutto il mondo ammontano a 1 miliardo, una straordinaria vetrina per la nostra citt\u00e0 che beneficer\u00e0 di lunghe riprese grazie anche al circuito cittadino di 9,7 km. Invitiamo tutti i cittadini a godersi la festa, a frequentare il villaggio di Piazza Mazzini e dimostrare al mondo la civilt\u00e0 e il calore di Terracina\u201d.<\/em>&nbsp;<\/p>\n","protected":false},"excerpt":{"rendered":"<p>Il complesso piano di viabilit\u00e0 per l\u2019arrivo della tappa del Giro d\u2019Italia a Terracina mercoled\u00ec 15 maggio \u00e8 stato presentato in una conferenza stampa svoltasi questa mattina in sala giunta.&nbsp; Istituite due zone rosse in&nbsp;Viale della Vittoria&nbsp;e&nbsp;Via Roma&nbsp;dove, dalla mattina alle 6, viger\u00e0 il divieto di transito e di sosta. Per quanto riguarda Via Roma il tratto interessato \u00e8 quello che va dal&nbsp;Ponte del Buongoverno&nbsp;(pasticceria Somma) all\u2019intersezione di&nbsp;via Derna. Gli\u2026<\/p>\n<p class=\"continue-reading-button\"> <a class=\"continue-reading-link\" href=\"https:\/\/www.ilmondodeitreni.it\/blog\/?p=9143\">Continua la lettura<i class=\"crycon-right-dir\"><\/i><\/a><\/p>\n","protected":false},"author":4,"featured_media":0,"comment_status":"open","ping_status":"open","sticky":false,"template":"","format":"standard","meta":{"footnotes":""},"categories":[2],"tags":[5815,30,5821,5819,5820],"class_list":["post-9143","post","type-post","status-publish","format-standard","hentry","category-news","tag-comune-di-terracina","tag-cotral","tag-emanuela-zappone","tag-giro-ditalia","tag-luca-caringi"],"_links":{"self":[{"href":"https:\/\/www.ilmondodeitreni.it\/blog\/index.php?rest_route=\/wp\/v2\/posts\/9143","targetHints":{"allow":["GET"]}}],"collection":[{"href":"https:\/\/www.ilmondodeitreni.it\/blog\/index.php?rest_route=\/wp\/v2\/posts"}],"about":[{"href":"https:\/\/www.ilmondodeitreni.it\/blog\/index.php?rest_route=\/wp\/v2\/types\/post"}],"author":[{"embeddable":true,"href":"https:\/\/www.ilmondodeitreni.it\/blog\/index.php?rest_route=\/wp\/v2\/users\/4"}],"replies":[{"embeddable":true,"href":"https:\/\/www.ilmondodeitreni.it\/blog\/index.php?rest_route=%2Fwp%2Fv2%2Fcomments&post=9143"}],"version-history":[{"count":1,"href":"https:\/\/www.ilmondodeitreni.it\/blog\/index.php?rest_route=\/wp\/v2\/posts\/9143\/revisions"}],"predecessor-version":[{"id":9145,"href":"https:\/\/www.ilmondodeitreni.it\/blog\/index.php?rest_route=\/wp\/v2\/posts\/9143\/revisions\/9145"}],"wp:attachment":[{"href":"https:\/\/www.ilmondodeitreni.it\/blog\/index.php?rest_route=%2Fwp%2Fv2%2Fmedia&parent=9143"}],"wp:term":[{"taxonomy":"category","embeddable":true,"href":"https:\/\/www.ilmondodeitreni.it\/blog\/index.php?rest_route=%2Fwp%2Fv2%2Fcategories&post=9143"},{"taxonomy":"post_tag","embeddable":true,"href":"https:\/\/www.ilmondodeitreni.it\/blog\/index.php?rest_route=%2Fwp%2Fv2%2Ftags&post=9143"}],"curies":[{"name":"wp","href":"https:\/\/api.w.org\/{rel}","templated":true}]}}