{"id":9042,"date":"2019-05-05T23:46:06","date_gmt":"2019-05-05T21:46:06","guid":{"rendered":"http:\/\/www.ilmondodeitreni.it\/blog\/?p=9042"},"modified":"2021-05-13T23:39:52","modified_gmt":"2021-05-13T21:39:52","slug":"iniziata-la-stagione-estiva-per-la-ferrovia-per-bambini-di-uzhgorod","status":"publish","type":"post","link":"https:\/\/www.ilmondodeitreni.it\/blog\/?p=9042","title":{"rendered":"Iniziata la stagione estiva per la ferrovia per bambini di Uzhorod"},"content":{"rendered":"<p style=\"text-align: justify;\"><a href=\"http:\/\/www.ilmondodeitreni.it\/blog\/wp-content\/uploads\/2019\/05\/DSC_0665.jpg\"><img loading=\"lazy\" decoding=\"async\" class=\"alignleft size-thumbnail wp-image-9044\" src=\"http:\/\/www.ilmondodeitreni.it\/blog\/wp-content\/uploads\/2019\/05\/DSC_0665-160x107.jpg\" alt=\"\" width=\"160\" height=\"107\" srcset=\"https:\/\/www.ilmondodeitreni.it\/blog\/wp-content\/uploads\/2019\/05\/DSC_0665-160x107.jpg 160w, https:\/\/www.ilmondodeitreni.it\/blog\/wp-content\/uploads\/2019\/05\/DSC_0665-640x427.jpg 640w, https:\/\/www.ilmondodeitreni.it\/blog\/wp-content\/uploads\/2019\/05\/DSC_0665-768x512.jpg 768w, https:\/\/www.ilmondodeitreni.it\/blog\/wp-content\/uploads\/2019\/05\/DSC_0665-1024x683.jpg 1024w, https:\/\/www.ilmondodeitreni.it\/blog\/wp-content\/uploads\/2019\/05\/DSC_0665-225x150.jpg 225w, https:\/\/www.ilmondodeitreni.it\/blog\/wp-content\/uploads\/2019\/05\/DSC_0665-150x100.jpg 150w, https:\/\/www.ilmondodeitreni.it\/blog\/wp-content\/uploads\/2019\/05\/DSC_0665.jpg 2048w\" sizes=\"auto, (max-width: 160px) 100vw, 160px\" \/><\/a>Per il lancio ufficiale della stagione estiva 2019 della Ferrovia dei Bambini di Uzhgorod, avvenuto lo scorso 4 maggio, sono intervenuti&nbsp;Yaroslav Halas , Presidente dell&#8217;Amministrazione Regionale dell&#8217;Oblast di Transcarpazia ; Igor Fartushokh,Vice Sindaco di Uzhgorod; Alexander Pushkash,responsabile della gestione del trasporto ferroviario di Uzhgorod ; Yaroslav Aftanas, responsabile di&nbsp;L\u02b9vivs\u02b9ka zaliznytsya, ramo regionale di Ukrzaliznytsya. Zakarpats\u02b9ka dytyacha zaliznytsya (questo il nome ufficiale) \u00e8&nbsp;, senza dubbio, uno dei simboli della citt\u00e0 posta sul fiume <em>U\u017e<\/em>&nbsp;,&nbsp; non solo perch\u00e8 \u00e8 un&#8217;attrazione unica, ma perch\u00e8 \u00e8 anche pi\u00f9 breve ferrovia a scartamento ridotto in Ucraina.&nbsp;Come annunciato oggi durante il lancio ufficiale della stagione ferroviaria, la ferrovia a scartamento ridotto per bambini a Uzhgorod \u00e8 stata lanciata per la prima volta nel 1947.&nbsp;Da allora, nella stagione estiva, la ferrovia ha operato 62 anni senza interruzione, ma nel 2009, a causa della mancanza di fondi, \u00e8 stata chiusa.&nbsp;Ripristinare l&#8217;attivit\u00e0 \u00e8 stato&nbsp; possibile solo nel 2016, nel 25 \u00b0 anniversario di indipendenza dell&#8217;Ucraina, grazie all&#8217;impegno di Gennadiy Moskal, all&#8217;epoca deputato della&nbsp;<span id=\"Verkhovna_Rada\" class=\"mw-headline\">Verkhovna Rada e di&nbsp;Ivan Grunyk&nbsp;<\/span>&nbsp;capo della Direzione Leopoli&nbsp; di&nbsp;Ukrzaliznytsia.&nbsp;Tradizionalmente, le corse per il primo giorno di lavoro delle ferrovie a scartamento ridotto per i bambini e i loro genitori sono gratuite.&nbsp;Ma qui \u00e8 divertente su questo originale e unico nel suo genere di attrazione della citt\u00e0 e Uzhgorod cittadini e gli ospiti saranno in grado di terminare l&#8217;estate.<\/p>\n","protected":false},"excerpt":{"rendered":"<p>Per il lancio ufficiale della stagione estiva 2019 della Ferrovia dei Bambini di Uzhgorod, avvenuto lo scorso 4 maggio, sono intervenuti&nbsp;Yaroslav Halas , Presidente dell&#8217;Amministrazione Regionale dell&#8217;Oblast di Transcarpazia ; Igor Fartushokh,Vice Sindaco di Uzhgorod; Alexander Pushkash,responsabile della gestione del trasporto ferroviario di Uzhgorod ; Yaroslav Aftanas, responsabile di&nbsp;L\u02b9vivs\u02b9ka zaliznytsya, ramo regionale di Ukrzaliznytsya. Zakarpats\u02b9ka dytyacha zaliznytsya (questo il nome ufficiale) \u00e8&nbsp;, senza dubbio, uno dei simboli della citt\u00e0 posta\u2026<\/p>\n<p class=\"continue-reading-button\"> <a class=\"continue-reading-link\" href=\"https:\/\/www.ilmondodeitreni.it\/blog\/?p=9042\">Continua la lettura<i class=\"crycon-right-dir\"><\/i><\/a><\/p>\n","protected":false},"author":1,"featured_media":0,"comment_status":"open","ping_status":"open","sticky":false,"template":"","format":"standard","meta":{"footnotes":""},"categories":[11],"tags":[5732,5,5731,506,5730,62,1333,8454,8934,5733,5734,5729,4614,4615],"class_list":["post-9042","post","type-post","status-publish","format-standard","hentry","category-news-estero","tag-alexander-pushkash","tag-ferrovie","tag-igor-fartushokh","tag-lvivska-zaliznytsya","tag-oblast-di-transcarpazia","tag-ucraina","tag-uzhgorod","tag-uzhhorod","tag-uzhhorodska-dytyacha-zaliznytsya","tag-verkhovna-rada","tag-yaroslav-aftanas","tag-yaroslav-halas","tag-zakarpatska-dytyacha-zaliznytsya","tag-4615"],"_links":{"self":[{"href":"https:\/\/www.ilmondodeitreni.it\/blog\/index.php?rest_route=\/wp\/v2\/posts\/9042","targetHints":{"allow":["GET"]}}],"collection":[{"href":"https:\/\/www.ilmondodeitreni.it\/blog\/index.php?rest_route=\/wp\/v2\/posts"}],"about":[{"href":"https:\/\/www.ilmondodeitreni.it\/blog\/index.php?rest_route=\/wp\/v2\/types\/post"}],"author":[{"embeddable":true,"href":"https:\/\/www.ilmondodeitreni.it\/blog\/index.php?rest_route=\/wp\/v2\/users\/1"}],"replies":[{"embeddable":true,"href":"https:\/\/www.ilmondodeitreni.it\/blog\/index.php?rest_route=%2Fwp%2Fv2%2Fcomments&post=9042"}],"version-history":[{"count":2,"href":"https:\/\/www.ilmondodeitreni.it\/blog\/index.php?rest_route=\/wp\/v2\/posts\/9042\/revisions"}],"predecessor-version":[{"id":13044,"href":"https:\/\/www.ilmondodeitreni.it\/blog\/index.php?rest_route=\/wp\/v2\/posts\/9042\/revisions\/13044"}],"wp:attachment":[{"href":"https:\/\/www.ilmondodeitreni.it\/blog\/index.php?rest_route=%2Fwp%2Fv2%2Fmedia&parent=9042"}],"wp:term":[{"taxonomy":"category","embeddable":true,"href":"https:\/\/www.ilmondodeitreni.it\/blog\/index.php?rest_route=%2Fwp%2Fv2%2Fcategories&post=9042"},{"taxonomy":"post_tag","embeddable":true,"href":"https:\/\/www.ilmondodeitreni.it\/blog\/index.php?rest_route=%2Fwp%2Fv2%2Ftags&post=9042"}],"curies":[{"name":"wp","href":"https:\/\/api.w.org\/{rel}","templated":true}]}}