{"id":9039,"date":"2019-05-06T03:13:21","date_gmt":"2019-05-06T01:13:21","guid":{"rendered":"http:\/\/www.ilmondodeitreni.it\/blog\/?p=9039"},"modified":"2019-05-05T23:16:10","modified_gmt":"2019-05-05T21:16:10","slug":"valle-daosta-istituito-un-nuovo-servizio-di-trasporto-a-chiamata-a-sarre","status":"publish","type":"post","link":"https:\/\/www.ilmondodeitreni.it\/blog\/?p=9039","title":{"rendered":"Valle d&#8217;Aosta, istituito un nuovo servizio di trasporto a chiamata a Sarre"},"content":{"rendered":"<p style=\"text-align: justify;\"><a href=\"http:\/\/www.ilmondodeitreni.it\/blog\/wp-content\/uploads\/2019\/03\/4074_089clumbroso.jpg\"><img loading=\"lazy\" decoding=\"async\" class=\"alignleft size-thumbnail wp-image-8737\" src=\"http:\/\/www.ilmondodeitreni.it\/blog\/wp-content\/uploads\/2019\/03\/4074_089clumbroso-160x120.jpg\" alt=\"\" width=\"160\" height=\"120\" srcset=\"https:\/\/www.ilmondodeitreni.it\/blog\/wp-content\/uploads\/2019\/03\/4074_089clumbroso-160x120.jpg 160w, https:\/\/www.ilmondodeitreni.it\/blog\/wp-content\/uploads\/2019\/03\/4074_089clumbroso-200x150.jpg 200w, https:\/\/www.ilmondodeitreni.it\/blog\/wp-content\/uploads\/2019\/03\/4074_089clumbroso.jpg 640w, https:\/\/www.ilmondodeitreni.it\/blog\/wp-content\/uploads\/2019\/03\/4074_089clumbroso-150x113.jpg 150w\" sizes=\"auto, (max-width: 160px) 100vw, 160px\" \/><\/a>La Giunta regionale, nel corso della riunione di&nbsp;<strong>venerd\u00ec 3 maggio 2019,&nbsp;<\/strong>su proposta dell\u2019Assessore agli Affari Europei, Politiche del lavoro, Inclusione sociale e Trasporti, ha approvato la partecipazione della Regione alla previsione di spesa presentata dal Comune di Sarre, per l\u2019istituzione di un servizio di trasporto a chiamata, che consenta un collegamento tra la frazione Bellun di Sarre e Aosta. Il servizio, per ora introdotto in via sperimentale dall\u201911 maggio 2019 al 10 gennaio 2021, sar\u00e0 effettuato bisettimanalmente, dalla frazione Bellun di Sarre, con possibilit\u00e0 di fermata a Ville-Sur-Sarre, Vareille, Clut, Sarre Municipio e arrivo alla stazione ferroviaria di Aosta, garantendo in tal modo il collegamento tra il capoluogo e la parte alta del territorio comunale che attualmente risulta sprovvisto di servizi di linea. L\u2019attivazione del servizio, in favore di residenti e turisti, si potr\u00e0 effettuare mediante prenotazione e sar\u00e0 garantito nei giorni feriali di marted\u00ec e sabato, nelle fasce orarie dalle ore 9.30 alle ore 12.00 e dalle ore 14.00 alle ore 17.30, con la messa a disposizione di un autoveicolo con un minimo di 4 posti, con autista regolarmente autorizzato e assicurato ai sensi delle disposizioni di legge. L\u2019intervento mira, tra l\u2019altro, ad agevolare le famiglie degli ospiti della Comunit\u00e0 Terapeutica Psichiatrica Les Aigles \u2013 Maison Mont Fall\u00e8re, comunit\u00e0 a elevata intensit\u00e0 terapeutica gestita dall\u2019USL della Valle d\u2019Aosta e sita in frazione Bellun di Sarre. L\u2019Amministrazione comunale di Sarre esprime soddisfazione per la sensibilit\u00e0 dimostrata dalla Regione che, grazie a questo intervento, consente di dare finalmente una risposta alla mobilit\u00e0 nella parte alta del territorio. La partecipazione della Regione al servizio, nella misura del 100 per cento, prevede una spesa massima pari a 25 mila euro.<\/p>\n","protected":false},"excerpt":{"rendered":"<p>La Giunta regionale, nel corso della riunione di&nbsp;venerd\u00ec 3 maggio 2019,&nbsp;su proposta dell\u2019Assessore agli Affari Europei, Politiche del lavoro, Inclusione sociale e Trasporti, ha approvato la partecipazione della Regione alla previsione di spesa presentata dal Comune di Sarre, per l\u2019istituzione di un servizio di trasporto a chiamata, che consenta un collegamento tra la frazione Bellun di Sarre e Aosta. Il servizio, per ora introdotto in via sperimentale dall\u201911 maggio 2019\u2026<\/p>\n<p class=\"continue-reading-button\"> <a class=\"continue-reading-link\" href=\"https:\/\/www.ilmondodeitreni.it\/blog\/?p=9039\">Continua la lettura<i class=\"crycon-right-dir\"><\/i><\/a><\/p>\n","protected":false},"author":2,"featured_media":0,"comment_status":"open","ping_status":"open","sticky":false,"template":"","format":"standard","meta":{"footnotes":""},"categories":[2],"tags":[1669,5727,5728,69,5724,29,1582,5726,5725],"class_list":["post-9039","post","type-post","status-publish","format-standard","hentry","category-news","tag-aosta","tag-clut","tag-comunita-terapeutica-psichiatrica-les-aigles-maison-mont-fallere","tag-mobilita","tag-sarre","tag-trasporti","tag-valle-daosta","tag-vareille","tag-ville-sur-sarre"],"_links":{"self":[{"href":"https:\/\/www.ilmondodeitreni.it\/blog\/index.php?rest_route=\/wp\/v2\/posts\/9039","targetHints":{"allow":["GET"]}}],"collection":[{"href":"https:\/\/www.ilmondodeitreni.it\/blog\/index.php?rest_route=\/wp\/v2\/posts"}],"about":[{"href":"https:\/\/www.ilmondodeitreni.it\/blog\/index.php?rest_route=\/wp\/v2\/types\/post"}],"author":[{"embeddable":true,"href":"https:\/\/www.ilmondodeitreni.it\/blog\/index.php?rest_route=\/wp\/v2\/users\/2"}],"replies":[{"embeddable":true,"href":"https:\/\/www.ilmondodeitreni.it\/blog\/index.php?rest_route=%2Fwp%2Fv2%2Fcomments&post=9039"}],"version-history":[{"count":1,"href":"https:\/\/www.ilmondodeitreni.it\/blog\/index.php?rest_route=\/wp\/v2\/posts\/9039\/revisions"}],"predecessor-version":[{"id":9040,"href":"https:\/\/www.ilmondodeitreni.it\/blog\/index.php?rest_route=\/wp\/v2\/posts\/9039\/revisions\/9040"}],"wp:attachment":[{"href":"https:\/\/www.ilmondodeitreni.it\/blog\/index.php?rest_route=%2Fwp%2Fv2%2Fmedia&parent=9039"}],"wp:term":[{"taxonomy":"category","embeddable":true,"href":"https:\/\/www.ilmondodeitreni.it\/blog\/index.php?rest_route=%2Fwp%2Fv2%2Fcategories&post=9039"},{"taxonomy":"post_tag","embeddable":true,"href":"https:\/\/www.ilmondodeitreni.it\/blog\/index.php?rest_route=%2Fwp%2Fv2%2Ftags&post=9039"}],"curies":[{"name":"wp","href":"https:\/\/api.w.org\/{rel}","templated":true}]}}