{"id":9033,"date":"2019-05-04T22:53:49","date_gmt":"2019-05-04T20:53:49","guid":{"rendered":"http:\/\/www.ilmondodeitreni.it\/blog\/?p=9033"},"modified":"2019-05-04T22:53:49","modified_gmt":"2019-05-04T20:53:49","slug":"linee-merano-bolzano-e-val-pusteria-chiuse-per-manutenzione","status":"publish","type":"post","link":"https:\/\/www.ilmondodeitreni.it\/blog\/?p=9033","title":{"rendered":"Linee Merano-Bolzano e Val Pusteria chiuse per manutenzione"},"content":{"rendered":"<p style=\"text-align: justify;\"><a href=\"http:\/\/www.ilmondodeitreni.it\/blog\/wp-content\/uploads\/2019\/03\/1024782__no-name.jpg\"><img loading=\"lazy\" decoding=\"async\" class=\"alignleft size-thumbnail wp-image-8691\" src=\"http:\/\/www.ilmondodeitreni.it\/blog\/wp-content\/uploads\/2019\/03\/1024782__no-name-160x120.jpg\" alt=\"\" width=\"160\" height=\"120\" srcset=\"https:\/\/www.ilmondodeitreni.it\/blog\/wp-content\/uploads\/2019\/03\/1024782__no-name-160x120.jpg 160w, https:\/\/www.ilmondodeitreni.it\/blog\/wp-content\/uploads\/2019\/03\/1024782__no-name-640x479.jpg 640w, https:\/\/www.ilmondodeitreni.it\/blog\/wp-content\/uploads\/2019\/03\/1024782__no-name-768x575.jpg 768w, https:\/\/www.ilmondodeitreni.it\/blog\/wp-content\/uploads\/2019\/03\/1024782__no-name-200x150.jpg 200w, https:\/\/www.ilmondodeitreni.it\/blog\/wp-content\/uploads\/2019\/03\/1024782__no-name-150x112.jpg 150w, https:\/\/www.ilmondodeitreni.it\/blog\/wp-content\/uploads\/2019\/03\/1024782__no-name.jpg 800w\" sizes=\"auto, (max-width: 160px) 100vw, 160px\" \/><\/a>Per lavori di manutenzione straordinaria sono programmate una serie di&nbsp;interruzioni al transito dei treni lungo la linea ferroviaria Merano-Bolzano, lungo quella della Val Pusteria e nel tratto compreso fra San Candido&nbsp;e Lienz.<\/p>\n<p>&nbsp;<\/p>\n<p style=\"text-align: justify;\"><strong>Linea ferroviaria Merano-Bolzano<\/strong><\/p>\n<p style=\"text-align: justify;\">Domenica 5 maggio, tra le 9 e 15, la&nbsp;<strong>linea ferroviaria Merano-Bolzano<\/strong>&nbsp;sar\u00e0 chiusa al traffico a causa di lavori di manutenzione straordinaria da parte di&nbsp;<strong>RFI<\/strong>. Tutti i treni con partenza da Bolzano tra le 9.01 e le 14.01, e&nbsp;tutti i&nbsp;<strong>treni<\/strong>&nbsp;con partenza da Merano tra le 9.16 e le&nbsp;14.16 verranno sostituiti da autobus. I&nbsp;<strong>bus sostitutivi<\/strong>&nbsp;fermano prevalentemente presso le stazioni ferroviarie, a Settequerce fermano presso la scuola, a Gargazzone nel centro del paese. Non vengono servite le fermate di Bolzano Sud e Casanova, non \u00e8 prevista la possibilit\u00e0 di trasportare le&nbsp;<strong>biciclette<\/strong>.<\/p>\n<p style=\"text-align: justify;\"><strong>Linea ferroviaria della Val Pusteria<\/strong><\/p>\n<p style=\"text-align: justify;\">Domenica, 12 maggio<strong>,<\/strong>&nbsp;fino alle ore 12.40, la<strong>&nbsp;linea ferroviaria della Val Pusteria&nbsp;<\/strong>tra Fortezza e San Candido rimarr\u00e0 chiusa al traffico ferroviario a causa di lavori di manutenzione straordinaria da parte die&nbsp;<strong>RFI<\/strong>. Tutti i treni con partenza da&nbsp;<strong>Fortezza<\/strong>&nbsp;e&nbsp;<strong>San Candido<\/strong>&nbsp;tre le 6.50 e le 11.50 verranno sostituiti da autobus. I&nbsp;<strong>bus sostitutivi&nbsp;<\/strong>prevalentemente fermano presso le stazioni ferroviarie, ma con alcune eccezioni:&nbsp;a San Lorenzo fermano in Piazza Mercato, a Perca davanti al municipio, a Villabassa in Piazza Von Kurz. La fermata di Brunico Nord viene sostituita dalla fermata autobus Brunico Ospedale\/Via Hofer. Il&nbsp;<strong>trasporto biciclette<\/strong>&nbsp;non \u00e8 previsto.<\/p>\n<p style=\"text-align: justify;\"><strong>Linea ferroviaria tra San Candido e Lienz<\/strong><\/p>\n<p style=\"text-align: justify;\">Da luned\u00ec 6 maggio a venerd\u00ec, 5 luglio, tra&nbsp;<strong>San Candido<\/strong>&nbsp;e&nbsp;<strong>Lienz<\/strong>&nbsp;(Austria) ono previsti una serie di lavori di manutenzione straordinaria da parte delle societ\u00e0 ferroviaria austriache&nbsp;<strong>\u00d6BB<\/strong>. Di conseguenza, questo tratto verr\u00e0 chiuso al traffico in due tappe: da luned\u00ec 6 maggio a domenica12 maggio (compresa) la chiusura sar\u00e0 totale e i collegamenti tra tra San Candido e Lienz saranno garantito da&nbsp;<strong>autobus sostitutivi<\/strong>&nbsp;(\u00d6BB Postbus SV223) con ulteriori corse domenica 5 maggio con partenza da Lienz alle 20.50 e luned\u00ec 13 maggio con partenza da Sillian alle 6.38 (sui bus non \u00e8 previsto il&nbsp;<strong>trasporto biciclette<\/strong>). Da luned\u00ec, 13 maggio fino a tutto venerd\u00ec 5 luglio, invece, la linea ferroviaria tra San Candido e&nbsp;<strong>Sillian&nbsp;<\/strong>rimarr\u00e0 chiusa tutti i giorni ma solo fino alle ore 12.30, mentre nel pomeriggio il servizio funzioner\u00e0 regolarmente. Autobus sositutivi nei giorni feriali da luned\u00ec a venerd\u00ec, il sabato e la domenica \u00e8 disponibile il servizio di bus della linea 447 tra San Candido e Sillian.<\/p>\n","protected":false},"excerpt":{"rendered":"<p>Per lavori di manutenzione straordinaria sono programmate una serie di&nbsp;interruzioni al transito dei treni lungo la linea ferroviaria Merano-Bolzano, lungo quella della Val Pusteria e nel tratto compreso fra San Candido&nbsp;e Lienz. &nbsp; Linea ferroviaria Merano-Bolzano Domenica 5 maggio, tra le 9 e 15, la&nbsp;linea ferroviaria Merano-Bolzano&nbsp;sar\u00e0 chiusa al traffico a causa di lavori di manutenzione straordinaria da parte di&nbsp;RFI. Tutti i treni con partenza da Bolzano tra le 9.01\u2026<\/p>\n<p class=\"continue-reading-button\"> <a class=\"continue-reading-link\" href=\"https:\/\/www.ilmondodeitreni.it\/blog\/?p=9033\">Continua la lettura<i class=\"crycon-right-dir\"><\/i><\/a><\/p>\n","protected":false},"author":2,"featured_media":0,"comment_status":"open","ping_status":"open","sticky":false,"template":"","format":"standard","meta":{"footnotes":""},"categories":[2],"tags":[4358,5,1222,5720,5719,5721,34,3244],"class_list":["post-9033","post","type-post","status-publish","format-standard","hentry","category-news","tag-alto-adige","tag-ferrovie","tag-lavori","tag-linea-ferroviaria-della-val-pusteria","tag-linea-ferroviaria-merano-bolzano","tag-linea-ferroviaria-tra-san-candido-e-lienz","tag-rfi","tag-san-candido"],"_links":{"self":[{"href":"https:\/\/www.ilmondodeitreni.it\/blog\/index.php?rest_route=\/wp\/v2\/posts\/9033","targetHints":{"allow":["GET"]}}],"collection":[{"href":"https:\/\/www.ilmondodeitreni.it\/blog\/index.php?rest_route=\/wp\/v2\/posts"}],"about":[{"href":"https:\/\/www.ilmondodeitreni.it\/blog\/index.php?rest_route=\/wp\/v2\/types\/post"}],"author":[{"embeddable":true,"href":"https:\/\/www.ilmondodeitreni.it\/blog\/index.php?rest_route=\/wp\/v2\/users\/2"}],"replies":[{"embeddable":true,"href":"https:\/\/www.ilmondodeitreni.it\/blog\/index.php?rest_route=%2Fwp%2Fv2%2Fcomments&post=9033"}],"version-history":[{"count":1,"href":"https:\/\/www.ilmondodeitreni.it\/blog\/index.php?rest_route=\/wp\/v2\/posts\/9033\/revisions"}],"predecessor-version":[{"id":9034,"href":"https:\/\/www.ilmondodeitreni.it\/blog\/index.php?rest_route=\/wp\/v2\/posts\/9033\/revisions\/9034"}],"wp:attachment":[{"href":"https:\/\/www.ilmondodeitreni.it\/blog\/index.php?rest_route=%2Fwp%2Fv2%2Fmedia&parent=9033"}],"wp:term":[{"taxonomy":"category","embeddable":true,"href":"https:\/\/www.ilmondodeitreni.it\/blog\/index.php?rest_route=%2Fwp%2Fv2%2Fcategories&post=9033"},{"taxonomy":"post_tag","embeddable":true,"href":"https:\/\/www.ilmondodeitreni.it\/blog\/index.php?rest_route=%2Fwp%2Fv2%2Ftags&post=9033"}],"curies":[{"name":"wp","href":"https:\/\/api.w.org\/{rel}","templated":true}]}}