{"id":8893,"date":"2019-04-08T00:56:01","date_gmt":"2019-04-07T22:56:01","guid":{"rendered":"http:\/\/www.ilmondodeitreni.it\/blog\/?p=8893"},"modified":"2019-04-07T23:02:59","modified_gmt":"2019-04-07T21:02:59","slug":"linea-camnago-seveso-milanomodifiche-alla-circolazione","status":"publish","type":"post","link":"https:\/\/www.ilmondodeitreni.it\/blog\/?p=8893","title":{"rendered":"Linea Camnago \u2013 Seveso \u2013 Milano,modifiche alla circolazione"},"content":{"rendered":"<p style=\"text-align: justify;\"><a href=\"http:\/\/www.ilmondodeitreni.it\/blog\/wp-content\/uploads\/2019\/04\/5774_327mm1bisceglie.jpg\"><img loading=\"lazy\" decoding=\"async\" class=\"alignleft size-thumbnail wp-image-8894\" src=\"http:\/\/www.ilmondodeitreni.it\/blog\/wp-content\/uploads\/2019\/04\/5774_327mm1bisceglie-160x120.jpg\" alt=\"\" width=\"160\" height=\"120\" srcset=\"https:\/\/www.ilmondodeitreni.it\/blog\/wp-content\/uploads\/2019\/04\/5774_327mm1bisceglie-160x120.jpg 160w, https:\/\/www.ilmondodeitreni.it\/blog\/wp-content\/uploads\/2019\/04\/5774_327mm1bisceglie-200x150.jpg 200w, https:\/\/www.ilmondodeitreni.it\/blog\/wp-content\/uploads\/2019\/04\/5774_327mm1bisceglie.jpg 640w, https:\/\/www.ilmondodeitreni.it\/blog\/wp-content\/uploads\/2019\/04\/5774_327mm1bisceglie-150x113.jpg 150w\" sizes=\"auto, (max-width: 160px) 100vw, 160px\" \/><\/a>Trenord informa che nel periodo compreso dal 08 aprile al 08 giugno 2019, tutte le notti tra luned\u00ec\/marted\u00ec a venerd\u00ec\/sabato, escluse le notti festive 22\/23, 25\/26 aprile, 01\/02 maggio e 02\/03 giugno, per lavori di potenziamento infrastrutturale da svolgersi, a cura di FerrovieNord tra le stazioni di Milano Bovisa e Seveso, i treni della linea \u201cS4\u201d<\/p>\n<ul style=\"text-align: justify;\">\n<li>795 (MILANO CADORNA 23:23 &#8211; CAMNAGO-LENTATE 00:05)<\/li>\n<li>797 (MILANO CADORNA 23:53 &#8211; CAMNAGO-LENTATE 00:35)<\/li>\n<li>901 (MILANO CADORNA 00:23 &#8211; SEVESO 00:58)<\/li>\n<\/ul>\n<p style=\"text-align: justify;\">secondo le proprie periodicit\u00e0, termineranno la corsa a Milano Affori. Il proseguimento sar\u00e0 garantito con autobus sostitutivi che effettuano le medesime fermate dei treni.<\/p>\n<p style=\"text-align: justify;\">Il treno&nbsp;<\/p>\n<ul style=\"text-align: justify;\">\n<li>792 (CAMNAGO-LENTATE 23:25 &#8211; MILANO CADORNA 00:07)<\/li>\n<\/ul>\n<p style=\"text-align: justify;\">secondo la propria periodicit\u00e0, partir\u00e0 da Milano Affori alle ore 23:55. Da Camnago Lentate il servizio sar\u00e0 garantito da autobus sostitutivo che arriver\u00e0 fino a Milano Cadorna effettuando tutte le fermate previste dal treno.<\/p>\n","protected":false},"excerpt":{"rendered":"<p>Trenord informa che nel periodo compreso dal 08 aprile al 08 giugno 2019, tutte le notti tra luned\u00ec\/marted\u00ec a venerd\u00ec\/sabato, escluse le notti festive 22\/23, 25\/26 aprile, 01\/02 maggio e 02\/03 giugno, per lavori di potenziamento infrastrutturale da svolgersi, a cura di FerrovieNord tra le stazioni di Milano Bovisa e Seveso, i treni della linea \u201cS4\u201d 795 (MILANO CADORNA 23:23 &#8211; CAMNAGO-LENTATE 00:05) 797 (MILANO CADORNA 23:53 &#8211; CAMNAGO-LENTATE 00:35)\u2026<\/p>\n<p class=\"continue-reading-button\"> <a class=\"continue-reading-link\" href=\"https:\/\/www.ilmondodeitreni.it\/blog\/?p=8893\">Continua la lettura<i class=\"crycon-right-dir\"><\/i><\/a><\/p>\n","protected":false},"author":2,"featured_media":0,"comment_status":"open","ping_status":"open","sticky":false,"template":"","format":"standard","meta":{"footnotes":""},"categories":[2],"tags":[5,5073,31,5600,5599,5598,122,155],"class_list":["post-8893","post","type-post","status-publish","format-standard","hentry","category-news","tag-ferrovie","tag-ferrovienord","tag-lombardia","tag-milano-affori","tag-milano-bovisa","tag-s4","tag-seveso","tag-trenord"],"_links":{"self":[{"href":"https:\/\/www.ilmondodeitreni.it\/blog\/index.php?rest_route=\/wp\/v2\/posts\/8893","targetHints":{"allow":["GET"]}}],"collection":[{"href":"https:\/\/www.ilmondodeitreni.it\/blog\/index.php?rest_route=\/wp\/v2\/posts"}],"about":[{"href":"https:\/\/www.ilmondodeitreni.it\/blog\/index.php?rest_route=\/wp\/v2\/types\/post"}],"author":[{"embeddable":true,"href":"https:\/\/www.ilmondodeitreni.it\/blog\/index.php?rest_route=\/wp\/v2\/users\/2"}],"replies":[{"embeddable":true,"href":"https:\/\/www.ilmondodeitreni.it\/blog\/index.php?rest_route=%2Fwp%2Fv2%2Fcomments&post=8893"}],"version-history":[{"count":1,"href":"https:\/\/www.ilmondodeitreni.it\/blog\/index.php?rest_route=\/wp\/v2\/posts\/8893\/revisions"}],"predecessor-version":[{"id":8895,"href":"https:\/\/www.ilmondodeitreni.it\/blog\/index.php?rest_route=\/wp\/v2\/posts\/8893\/revisions\/8895"}],"wp:attachment":[{"href":"https:\/\/www.ilmondodeitreni.it\/blog\/index.php?rest_route=%2Fwp%2Fv2%2Fmedia&parent=8893"}],"wp:term":[{"taxonomy":"category","embeddable":true,"href":"https:\/\/www.ilmondodeitreni.it\/blog\/index.php?rest_route=%2Fwp%2Fv2%2Fcategories&post=8893"},{"taxonomy":"post_tag","embeddable":true,"href":"https:\/\/www.ilmondodeitreni.it\/blog\/index.php?rest_route=%2Fwp%2Fv2%2Ftags&post=8893"}],"curies":[{"name":"wp","href":"https:\/\/api.w.org\/{rel}","templated":true}]}}