{"id":8832,"date":"2019-03-29T22:36:35","date_gmt":"2019-03-29T21:36:35","guid":{"rendered":"http:\/\/www.ilmondodeitreni.it\/blog\/?p=8832"},"modified":"2019-03-29T22:36:35","modified_gmt":"2019-03-29T21:36:35","slug":"eav-dal-primo-aprile-trasporto-a-chiamata-per-persone-su-sedia-a-rotelle","status":"publish","type":"post","link":"https:\/\/www.ilmondodeitreni.it\/blog\/?p=8832","title":{"rendered":"EAV, dal primo aprile trasporto a chiamata per persone su sedia a rotelle"},"content":{"rendered":"<p style=\"text-align: justify;\"><a href=\"http:\/\/www.ilmondodeitreni.it\/blog\/wp-content\/uploads\/2019\/03\/circumvesuviana.jpg\"><img loading=\"lazy\" decoding=\"async\" class=\"alignleft size-thumbnail wp-image-8740\" src=\"http:\/\/www.ilmondodeitreni.it\/blog\/wp-content\/uploads\/2019\/03\/circumvesuviana-160x107.jpg\" alt=\"\" width=\"160\" height=\"107\" srcset=\"https:\/\/www.ilmondodeitreni.it\/blog\/wp-content\/uploads\/2019\/03\/circumvesuviana-160x107.jpg 160w, https:\/\/www.ilmondodeitreni.it\/blog\/wp-content\/uploads\/2019\/03\/circumvesuviana-640x427.jpg 640w, https:\/\/www.ilmondodeitreni.it\/blog\/wp-content\/uploads\/2019\/03\/circumvesuviana-768x512.jpg 768w, https:\/\/www.ilmondodeitreni.it\/blog\/wp-content\/uploads\/2019\/03\/circumvesuviana-1024x683.jpg 1024w, https:\/\/www.ilmondodeitreni.it\/blog\/wp-content\/uploads\/2019\/03\/circumvesuviana-225x150.jpg 225w, https:\/\/www.ilmondodeitreni.it\/blog\/wp-content\/uploads\/2019\/03\/circumvesuviana-150x100.jpg 150w\" sizes=\"auto, (max-width: 160px) 100vw, 160px\" \/><\/a>A far data dal&nbsp;<strong><u>1 aprile 2019<\/u><\/strong>, sulle linee ferroviarie&nbsp;<strong><u>Napoli-Nola-Baiano e Napoli \u2013 Acerra,&nbsp;<\/u><\/strong>sar\u00e0 attivato, in via sperimentale per un periodo di 6 mesi, un servizio a chiamata per il trasporto di viaggiatori che hanno necessit\u00e0 di muoversi su sedie a rotelle. Sulla linea in questione, hanno accesso facilitato, mediante rampe e\/o servoscala e\/o ascensori alcune stazioni mentre altre ne risultano <a href=\"https:\/\/www.eavsrl.it\/web\/sites\/default\/files\/allegato%20impianti%20servizio%20a%20chiamata.pdf\">sprovviste e\/o sono non presenziate<\/a> con conseguente fermo degli impianti.<\/p>\n<p style=\"text-align: justify;\">I viaggiatori su sedia a rotelle, che partono o hanno come destinazione una stazione non accessibile, potranno richiedere il servizio di trasporto integrativo contattando il numero:<\/p>\n<p><strong>081 &nbsp;7354882&nbsp;<\/strong>per essere accompagnati alla stazione accessibile piu\u2019 vicina&nbsp;<\/p>\n<p>Il servizio sar\u00e0 effettuato nei giorni e negli orari di esecuzione del servizio ferroviario EAV.<\/p>\n<p><strong><u>Quando effettuare la prenotazione<\/u><\/strong><\/p>\n<p>La prenotazione va effettuata:<\/p>\n<ul>\n<li style=\"text-align: justify;\">2 ore prima dell\u2019inizio del viaggio se lo stesso deve essere effettuato nella fascia oraria 9.00-22.00<\/li>\n<\/ul>\n<ul>\n<li style=\"text-align: justify;\">entro le ore 21.30 del giorno precedente se il viaggio deve essere effettuato nella fascia oraria 6.00-9.00<\/li>\n<\/ul>\n<p><strong><u>Cosa indicare durante la prenotazione<\/u><\/strong><\/p>\n<p>Nella prenotazione sar\u00e0 necessario indicare:<\/p>\n<ul>\n<li style=\"text-align: justify;\">le stazioni di partenza ed arrivo<\/li>\n<li>le date di andata e ritorno con le&nbsp;fasce orarie preferite&nbsp;o il treno desiderato&nbsp;<\/li>\n<li style=\"text-align: justify;\">un recapito telefonico presso il quale l\u2019utente&nbsp;potr\u00e0 essere contattato per l&#8217;organizzazione del viaggio<\/li>\n<\/ul>\n<p>&nbsp;<u>La conversazione sar\u00e0 registrata<\/u><\/p>\n<p style=\"text-align: justify;\">Un operatore aziendale, dopo aver effettuato le verifiche interne, provveder\u00e0 a ricontattare il viaggiatore per la conferma della tratta e dell\u2019orario ed indicare il punto di ritrovo. Laddove la vettura fosse gi\u00e0 impegnata o per il fermo degli impianti di risalita delle stazioni accessibili, l&#8217;operatore provveder\u00e0 a proporre un orario o itinerario alternativo.<\/p>\n<p style=\"text-align: justify;\">Il trasporto a chiamata sar\u00e0 gratuito ma il viaggiatore dovr\u00e0 mostrare al conducente aziendale il titolo di viaggio ferroviario. \u00c8 ammesso un accompagnatore.<\/p>\n<p style=\"text-align: justify;\">Il servizio a chiamata NON sar\u00e0 effettuato in caso di sciopero o di sospensione del servizio ferroviario, di qualsiasi natura siano le cause.<\/p>\n<p><strong><u>Per annullare un servizio prenotato<\/u><\/strong><\/p>\n<p style=\"text-align: justify;\">Nel caso si voglia annullare o modificare un servizio di assistenza prenotato, sar\u00e0 necessario informare mediante il sopracitato numero verde. \u00c8 importante che i viaggiatori comunichino in tempo la propria intenzione di non usufruire del servizio prenotato per permettere di ripianificare efficacemente&nbsp;le attivit\u00e0 di assistenza e offrire il servizio al maggior&nbsp;numero di viaggiatori. Impegnare a vuoto gli addetti all&#8217;assistenza pu\u00f2 comportare una minore disponibilit\u00e0 verso altre persone che potrebbero averne bisogno e costi ingiustificati per EAV.&nbsp;<\/p>\n","protected":false},"excerpt":{"rendered":"<p>A far data dal&nbsp;1 aprile 2019, sulle linee ferroviarie&nbsp;Napoli-Nola-Baiano e Napoli \u2013 Acerra,&nbsp;sar\u00e0 attivato, in via sperimentale per un periodo di 6 mesi, un servizio a chiamata per il trasporto di viaggiatori che hanno necessit\u00e0 di muoversi su sedie a rotelle. Sulla linea in questione, hanno accesso facilitato, mediante rampe e\/o servoscala e\/o ascensori alcune stazioni mentre altre ne risultano sprovviste e\/o sono non presenziate con conseguente fermo degli impianti.\u2026<\/p>\n<p class=\"continue-reading-button\"> <a class=\"continue-reading-link\" href=\"https:\/\/www.ilmondodeitreni.it\/blog\/?p=8832\">Continua la lettura<i class=\"crycon-right-dir\"><\/i><\/a><\/p>\n","protected":false},"author":5,"featured_media":0,"comment_status":"open","ping_status":"open","sticky":false,"template":"","format":"standard","meta":{"footnotes":""},"categories":[2],"tags":[710,5,5532,5531,76,5533],"class_list":["post-8832","post","type-post","status-publish","format-standard","hentry","category-news","tag-eav","tag-ferrovie","tag-napoli-acerra","tag-napoli-nola-baiano","tag-trasporto","tag-trasporto-a-chiamata"],"_links":{"self":[{"href":"https:\/\/www.ilmondodeitreni.it\/blog\/index.php?rest_route=\/wp\/v2\/posts\/8832","targetHints":{"allow":["GET"]}}],"collection":[{"href":"https:\/\/www.ilmondodeitreni.it\/blog\/index.php?rest_route=\/wp\/v2\/posts"}],"about":[{"href":"https:\/\/www.ilmondodeitreni.it\/blog\/index.php?rest_route=\/wp\/v2\/types\/post"}],"author":[{"embeddable":true,"href":"https:\/\/www.ilmondodeitreni.it\/blog\/index.php?rest_route=\/wp\/v2\/users\/5"}],"replies":[{"embeddable":true,"href":"https:\/\/www.ilmondodeitreni.it\/blog\/index.php?rest_route=%2Fwp%2Fv2%2Fcomments&post=8832"}],"version-history":[{"count":1,"href":"https:\/\/www.ilmondodeitreni.it\/blog\/index.php?rest_route=\/wp\/v2\/posts\/8832\/revisions"}],"predecessor-version":[{"id":8833,"href":"https:\/\/www.ilmondodeitreni.it\/blog\/index.php?rest_route=\/wp\/v2\/posts\/8832\/revisions\/8833"}],"wp:attachment":[{"href":"https:\/\/www.ilmondodeitreni.it\/blog\/index.php?rest_route=%2Fwp%2Fv2%2Fmedia&parent=8832"}],"wp:term":[{"taxonomy":"category","embeddable":true,"href":"https:\/\/www.ilmondodeitreni.it\/blog\/index.php?rest_route=%2Fwp%2Fv2%2Fcategories&post=8832"},{"taxonomy":"post_tag","embeddable":true,"href":"https:\/\/www.ilmondodeitreni.it\/blog\/index.php?rest_route=%2Fwp%2Fv2%2Ftags&post=8832"}],"curies":[{"name":"wp","href":"https:\/\/api.w.org\/{rel}","templated":true}]}}