{"id":8830,"date":"2019-03-29T00:15:36","date_gmt":"2019-03-28T23:15:36","guid":{"rendered":"http:\/\/www.ilmondodeitreni.it\/blog\/?p=8830"},"modified":"2019-03-29T00:03:40","modified_gmt":"2019-03-28T23:03:40","slug":"tav-la-consultazione-popolare-negata-dal-governo","status":"publish","type":"post","link":"https:\/\/www.ilmondodeitreni.it\/blog\/?p=8830","title":{"rendered":"Tav: la consultazione popolare negata dal Governo"},"content":{"rendered":"<p style=\"text-align: justify;\"><a href=\"http:\/\/www.ilmondodeitreni.it\/blog\/wp-content\/uploads\/2019\/02\/frecciarosa.jpg\"><img loading=\"lazy\" decoding=\"async\" class=\"alignleft size-thumbnail wp-image-8593\" src=\"http:\/\/www.ilmondodeitreni.it\/blog\/wp-content\/uploads\/2019\/02\/frecciarosa-160x120.jpg\" alt=\"\" width=\"160\" height=\"120\" srcset=\"https:\/\/www.ilmondodeitreni.it\/blog\/wp-content\/uploads\/2019\/02\/frecciarosa-160x120.jpg 160w, https:\/\/www.ilmondodeitreni.it\/blog\/wp-content\/uploads\/2019\/02\/frecciarosa-200x150.jpg 200w, https:\/\/www.ilmondodeitreni.it\/blog\/wp-content\/uploads\/2019\/02\/frecciarosa.jpg 640w, https:\/\/www.ilmondodeitreni.it\/blog\/wp-content\/uploads\/2019\/02\/frecciarosa-150x113.jpg 150w\" sizes=\"auto, (max-width: 160px) 100vw, 160px\" \/><\/a>La&nbsp;<strong>consultazione popolare sulla realizzazione della Torino-Lione<\/strong>&nbsp;chiesta dalla Regione Piemonte&nbsp;<strong>non potr\u00e0 svolgersi<\/strong>. Il presidente&nbsp;<strong>Sergio Chiamparino ha comunicato di aver ricevuto la risposta del ministro Matteo Salvini<\/strong>&nbsp;\u201ccon la quale non si autorizza lo svolgimento della consultazione popolare, prevista dall&#8217;articolo 86 dello Statuto regionale in contemporanea con le elezioni del 26 maggio\u201d. Nel ringraziare il ministro \u201cche, valutando degna di considerazione la nostra proposta, fa riferimento a un non meglio precisato quadro legislativo nazionale e regionale che non contemplerebbe tale accorpamento\u201d, Chiamparino ha commentato che \u201cin assenza per\u00f2 di riferimenti normativi precisi,&nbsp;<strong>ritengo che semplicemente non si sia voluta esprimere la volont\u00e0 politica di far pronunciare i cittadini<\/strong>, trovando le modalit\u00e0 tecniche per farlo senza costi aggiuntivi per la comunit\u00e0, su un tema cos\u00ec importante per il Piemonte come quello della Tav. Evidentemente l\u2019opinione dei cittadini fa paura\u201d.<\/p>\n","protected":false},"excerpt":{"rendered":"<p>La&nbsp;consultazione popolare sulla realizzazione della Torino-Lione&nbsp;chiesta dalla Regione Piemonte&nbsp;non potr\u00e0 svolgersi. Il presidente&nbsp;Sergio Chiamparino ha comunicato di aver ricevuto la risposta del ministro Matteo Salvini&nbsp;\u201ccon la quale non si autorizza lo svolgimento della consultazione popolare, prevista dall&#8217;articolo 86 dello Statuto regionale in contemporanea con le elezioni del 26 maggio\u201d. Nel ringraziare il ministro \u201cche, valutando degna di considerazione la nostra proposta, fa riferimento a un non meglio precisato quadro legislativo\u2026<\/p>\n<p class=\"continue-reading-button\"> <a class=\"continue-reading-link\" href=\"https:\/\/www.ilmondodeitreni.it\/blog\/?p=8830\">Continua la lettura<i class=\"crycon-right-dir\"><\/i><\/a><\/p>\n","protected":false},"author":2,"featured_media":0,"comment_status":"open","ping_status":"open","sticky":false,"template":"","format":"standard","meta":{"footnotes":""},"categories":[2],"tags":[5530,5,286,3898,5467],"class_list":["post-8830","post","type-post","status-publish","format-standard","hentry","category-news","tag-consultazione-popolare","tag-ferrovie","tag-regione-piemonte","tag-sergio-chiamparino","tag-torino-lione"],"_links":{"self":[{"href":"https:\/\/www.ilmondodeitreni.it\/blog\/index.php?rest_route=\/wp\/v2\/posts\/8830","targetHints":{"allow":["GET"]}}],"collection":[{"href":"https:\/\/www.ilmondodeitreni.it\/blog\/index.php?rest_route=\/wp\/v2\/posts"}],"about":[{"href":"https:\/\/www.ilmondodeitreni.it\/blog\/index.php?rest_route=\/wp\/v2\/types\/post"}],"author":[{"embeddable":true,"href":"https:\/\/www.ilmondodeitreni.it\/blog\/index.php?rest_route=\/wp\/v2\/users\/2"}],"replies":[{"embeddable":true,"href":"https:\/\/www.ilmondodeitreni.it\/blog\/index.php?rest_route=%2Fwp%2Fv2%2Fcomments&post=8830"}],"version-history":[{"count":1,"href":"https:\/\/www.ilmondodeitreni.it\/blog\/index.php?rest_route=\/wp\/v2\/posts\/8830\/revisions"}],"predecessor-version":[{"id":8831,"href":"https:\/\/www.ilmondodeitreni.it\/blog\/index.php?rest_route=\/wp\/v2\/posts\/8830\/revisions\/8831"}],"wp:attachment":[{"href":"https:\/\/www.ilmondodeitreni.it\/blog\/index.php?rest_route=%2Fwp%2Fv2%2Fmedia&parent=8830"}],"wp:term":[{"taxonomy":"category","embeddable":true,"href":"https:\/\/www.ilmondodeitreni.it\/blog\/index.php?rest_route=%2Fwp%2Fv2%2Fcategories&post=8830"},{"taxonomy":"post_tag","embeddable":true,"href":"https:\/\/www.ilmondodeitreni.it\/blog\/index.php?rest_route=%2Fwp%2Fv2%2Ftags&post=8830"}],"curies":[{"name":"wp","href":"https:\/\/api.w.org\/{rel}","templated":true}]}}