{"id":8821,"date":"2019-03-27T23:36:31","date_gmt":"2019-03-27T22:36:31","guid":{"rendered":"http:\/\/www.ilmondodeitreni.it\/blog\/?p=8821"},"modified":"2019-03-27T23:36:31","modified_gmt":"2019-03-27T22:36:31","slug":"mobilita-sostenibile-e-citta-metropolitana-di-cagliari-bilancio-di-fine-mandato","status":"publish","type":"post","link":"https:\/\/www.ilmondodeitreni.it\/blog\/?p=8821","title":{"rendered":"Mobilit\u00e0 Sostenibile e Citt\u00e0 Metropolitana di Cagliari. Bilancio di fine mandato"},"content":{"rendered":"<p style=\"text-align: justify;\"><a href=\"http:\/\/www.ilmondodeitreni.it\/blog\/wp-content\/uploads\/2019\/03\/647_30pzamatteotti.jpg\"><img loading=\"lazy\" decoding=\"async\" class=\"alignleft size-thumbnail wp-image-8822\" src=\"http:\/\/www.ilmondodeitreni.it\/blog\/wp-content\/uploads\/2019\/03\/647_30pzamatteotti-160x120.jpg\" alt=\"\" width=\"160\" height=\"120\" srcset=\"https:\/\/www.ilmondodeitreni.it\/blog\/wp-content\/uploads\/2019\/03\/647_30pzamatteotti-160x120.jpg 160w, https:\/\/www.ilmondodeitreni.it\/blog\/wp-content\/uploads\/2019\/03\/647_30pzamatteotti-200x150.jpg 200w, https:\/\/www.ilmondodeitreni.it\/blog\/wp-content\/uploads\/2019\/03\/647_30pzamatteotti.jpg 640w, https:\/\/www.ilmondodeitreni.it\/blog\/wp-content\/uploads\/2019\/03\/647_30pzamatteotti-150x113.jpg 150w\" sizes=\"auto, (max-width: 160px) 100vw, 160px\" \/><\/a>Sono molteplici ed efficaci le iniziative adottate dalla Citt\u00e0 Metropolitana di Cagliari nei suoi due anni e mezzo di attivit\u00e0, verso un miglioramento della mobilit\u00e0 nell\u2019area metropolitana, tutto ci\u00f2 in coerenza con le competenze dell\u2019ente in materia di organizzazione di un sistema efficiente ed integrato di trasporto pubblico collettivo metropolitano, capace di favorire la diffusione di tutte le forme di mobilit\u00e0 sostenibile.&nbsp;<span style=\"box-sizing: border-box; padding-inline-start: 0px; padding-inline-end: 0px; padding-block-start: 0px; padding-block-end: 0px; margin-inline-start: 0px; margin-inline-end: 0px; margin-block-start: 0px; margin-block-end: 0px;\"><span style=\"box-sizing: border-box; padding-inline-start: 0px; padding-inline-end: 0px; padding-block-start: 0px; padding-block-end: 0px; margin-inline-start: 0px; margin-inline-end: 0px; margin-block-start: 0px; margin-block-end: 0px;\">Oggi, nel corso di una conferenza stampa che si \u00e8 tenuta nella Sala polifunzionale del Parco di Monte Claro, il&nbsp;<strong style=\"box-sizing: border-box; padding-inline-start: 0px; padding-inline-end: 0px; padding-block-start: 0px; padding-block-end: 0px; margin-inline-start: 0px; margin-inline-end: 0px; margin-block-start: 0px; margin-block-end: 0px;\">Delegato Metropolitano alla Viabilit\u00e0, Mobilit\u00e0 e Trasporti Fabrizio Marcello<\/strong>, ha illustrato nel dettaglio gli interventi attuati, o in fase di attuazione, nell\u2019ambito di macro temi legati alla mobilit\u00e0 sostenibile, che hanno comportato un totale di 200 milioni di euro di finanziamento: creazione del network, formazione e sensibilizzazione delle scuole e istituzioni, Piano Urbano della Mobilit\u00e0 Sostenibile, organizzazione del Parco di Monte Claro quale laboratorio sperimentale della Mobilit\u00e0 Sostenibile, miglioramento del sistema di Trasporto Pubblico Locale, Sistemi di mobilit\u00e0 intelligente per il trasporto pubblico metropolitano, Car Sharing.&nbsp;&nbsp;<\/span><\/span>\u201cOggi si chiude un capitolo\u201d &#8211; ha dichiarato il&nbsp;<strong>Delegato Marcello<\/strong>&nbsp;&#8211; \u201cAbbiamo avviato questo percorso con la creazione di un Ufficio Mobilit\u00e0, un esperimento mai attuato in Sardegna, che ci ha permesso di centralizzare tutti i progetti e le iniziative legate alla mobilit\u00e0 sostenibile: \u00e8 stata una scommessa vinta e un investimento, che risponde alle esigenze crescenti della cittadinanza\u201d.<\/p>\n<p style=\"text-align: justify;\">\u201cLa mobilit\u00e0 oggi deve fare i conti con la continua evoluzione dei bisogni dell\u2019utenza\u201d &#8211; ha ribadito Roberto Murru, direttore generale del CTM, nel suo intervento &#8211; \u201cPer questo motivo l\u2019azienda ha mantenuto sempre un profilo molto versatile, per offrire un servizio ancora pi\u00f9 ampio, che offra ai cittadini la possibilit\u00e0 di usufruire di un numero sempre maggiore di mezzi alternativi all\u2019automobile\u201d.<\/p>\n<p style=\"text-align: justify;\">Sulla stessa linea, volta a sottolineare l\u2019importanza dell\u2019integrazione e la collaborazione delle singole amministrazioni con la Citt\u00e0 Metropolitana di Cagliari per un servizio di mobilit\u00e0 sempre pi\u00f9 efficace e sostenibile, l\u2019intervento di Pietro Pisu, Sindaco di Quartucciu, e di Paolo Passino, nella doppia veste di Vicesindaco di Quartu Sant\u2019Elena e Presidente del Parco di Molentargius-Saline.<\/p>\n<p style=\"box-sizing: border-box; padding-inline-start: 0px; padding-inline-end: 0px; padding-block-start: 0px; padding-block-end: 0px; margin-block-start: 0px; margin-block-end: 0px; margin: 0px 0px 20px; color: #1c2024; font-family: 'Titillium Web', Helvetica, Arial, sans-serif; font-size: 18px; max-width: 32em !important;\">&nbsp;<\/p>\n","protected":false},"excerpt":{"rendered":"<p>Sono molteplici ed efficaci le iniziative adottate dalla Citt\u00e0 Metropolitana di Cagliari nei suoi due anni e mezzo di attivit\u00e0, verso un miglioramento della mobilit\u00e0 nell\u2019area metropolitana, tutto ci\u00f2 in coerenza con le competenze dell\u2019ente in materia di organizzazione di un sistema efficiente ed integrato di trasporto pubblico collettivo metropolitano, capace di favorire la diffusione di tutte le forme di mobilit\u00e0 sostenibile.&nbsp;Oggi, nel corso di una conferenza stampa che si\u2026<\/p>\n<p class=\"continue-reading-button\"> <a class=\"continue-reading-link\" href=\"https:\/\/www.ilmondodeitreni.it\/blog\/?p=8821\">Continua la lettura<i class=\"crycon-right-dir\"><\/i><\/a><\/p>\n","protected":false},"author":1,"featured_media":0,"comment_status":"open","ping_status":"open","sticky":false,"template":"","format":"standard","meta":{"footnotes":""},"categories":[2],"tags":[3582,161,5512,5514,69,5513,5519,5515,5517,5520,5518,5516,448],"class_list":["post-8821","post","type-post","status-publish","format-standard","hentry","category-news","tag-citta-metropolitana-di-cagliari","tag-ctm","tag-delegato-metropolitano-alla-viabilita","tag-fabrizio-marcello","tag-mobilita","tag-mobilita-e-trasporti","tag-paolo-passino","tag-piano-urbano-della-mobilita-sostenibile","tag-pietro-pisu","tag-quartu-santelena","tag-quartucciu","tag-roberto-murru","tag-sardegna"],"_links":{"self":[{"href":"https:\/\/www.ilmondodeitreni.it\/blog\/index.php?rest_route=\/wp\/v2\/posts\/8821","targetHints":{"allow":["GET"]}}],"collection":[{"href":"https:\/\/www.ilmondodeitreni.it\/blog\/index.php?rest_route=\/wp\/v2\/posts"}],"about":[{"href":"https:\/\/www.ilmondodeitreni.it\/blog\/index.php?rest_route=\/wp\/v2\/types\/post"}],"author":[{"embeddable":true,"href":"https:\/\/www.ilmondodeitreni.it\/blog\/index.php?rest_route=\/wp\/v2\/users\/1"}],"replies":[{"embeddable":true,"href":"https:\/\/www.ilmondodeitreni.it\/blog\/index.php?rest_route=%2Fwp%2Fv2%2Fcomments&post=8821"}],"version-history":[{"count":1,"href":"https:\/\/www.ilmondodeitreni.it\/blog\/index.php?rest_route=\/wp\/v2\/posts\/8821\/revisions"}],"predecessor-version":[{"id":8823,"href":"https:\/\/www.ilmondodeitreni.it\/blog\/index.php?rest_route=\/wp\/v2\/posts\/8821\/revisions\/8823"}],"wp:attachment":[{"href":"https:\/\/www.ilmondodeitreni.it\/blog\/index.php?rest_route=%2Fwp%2Fv2%2Fmedia&parent=8821"}],"wp:term":[{"taxonomy":"category","embeddable":true,"href":"https:\/\/www.ilmondodeitreni.it\/blog\/index.php?rest_route=%2Fwp%2Fv2%2Fcategories&post=8821"},{"taxonomy":"post_tag","embeddable":true,"href":"https:\/\/www.ilmondodeitreni.it\/blog\/index.php?rest_route=%2Fwp%2Fv2%2Ftags&post=8821"}],"curies":[{"name":"wp","href":"https:\/\/api.w.org\/{rel}","templated":true}]}}