{"id":8757,"date":"2019-03-17T22:55:15","date_gmt":"2019-03-17T21:55:15","guid":{"rendered":"http:\/\/www.ilmondodeitreni.it\/blog\/?p=8757"},"modified":"2019-03-17T22:55:15","modified_gmt":"2019-03-17T21:55:15","slug":"potenziamento-della-linea-verso-locarno","status":"publish","type":"post","link":"https:\/\/www.ilmondodeitreni.it\/blog\/?p=8757","title":{"rendered":"Potenziamento della linea verso Locarno"},"content":{"rendered":"<p style=\"text-align: justify;\"><a href=\"http:\/\/www.ilmondodeitreni.it\/blog\/wp-content\/uploads\/2019\/03\/1024782__no-name.jpg\"><img loading=\"lazy\" decoding=\"async\" class=\"alignleft size-thumbnail wp-image-8691\" src=\"http:\/\/www.ilmondodeitreni.it\/blog\/wp-content\/uploads\/2019\/03\/1024782__no-name-160x120.jpg\" alt=\"\" width=\"160\" height=\"120\" srcset=\"https:\/\/www.ilmondodeitreni.it\/blog\/wp-content\/uploads\/2019\/03\/1024782__no-name-160x120.jpg 160w, https:\/\/www.ilmondodeitreni.it\/blog\/wp-content\/uploads\/2019\/03\/1024782__no-name-640x479.jpg 640w, https:\/\/www.ilmondodeitreni.it\/blog\/wp-content\/uploads\/2019\/03\/1024782__no-name-768x575.jpg 768w, https:\/\/www.ilmondodeitreni.it\/blog\/wp-content\/uploads\/2019\/03\/1024782__no-name-200x150.jpg 200w, https:\/\/www.ilmondodeitreni.it\/blog\/wp-content\/uploads\/2019\/03\/1024782__no-name-150x112.jpg 150w, https:\/\/www.ilmondodeitreni.it\/blog\/wp-content\/uploads\/2019\/03\/1024782__no-name.jpg 800w\" sizes=\"auto, (max-width: 160px) 100vw, 160px\" \/><\/a>Sono iniziati ufficialmente il giorno 12&nbsp; i lavori per la realizzazione del raddoppio parziale del binario sulla tratta Contone \u2013 Locarno. La cerimonia di posa della prima pietra si \u00e8 svolta a Gordola alla presenza della Direttrice FFS Regione Sud, Roberta Cattaneo, e del Direttore del Dipartimento del Territorio, Claudio Zali. L\u2019apertura delle trasversali alpine del San Gottardo (in esercizio da dicembre 2016) e del Monte Ceneri (che sar\u00e0 inaugurata nel dicembre 2020) coincide con un aumento dell\u2019offerta ferroviaria sull\u2019asse del San Gottardo e nel traffico regionale in Ticino. Per giungere pronti a questo traguardo \u00e8 indispensabile rinnovare e potenziare le infrastrutture ferroviarie in Ticino, motivo per cui in questi anni vi \u00e8 un\u2019elevata attivit\u00e0 cantieristica nel Cantone. Nel programma di sviluppo futuro dell\u2019infrastruttura ferroviaria (SIF) rientra l\u2019aumento delle prestazioni e delle capacit\u00e0 lungo la linea Bellinzona \u2013 Locarno. Questo progetto \u00e8 uno dei presupposti affinch\u00e9, grazie all\u2019apertura della galleria di base del Monte Ceneri (2020) e la realizzazione della \u00abBretella di Camorino\u00bb, potranno esserci collegamenti diretti (senza pi\u00f9 effettuare il cambio a Giubiasco) tra Locarno e Lugano, con tempi di percorrenza di circa 30 minuti, la met\u00e0 rispetto ad oggi. \u00c8 inoltre uno dei presupposti, insieme alla realizzazione del terzo binario tra Bellinzona e Giubiasco, al raddoppio del binario Contone \u2013 Ponte Ticino e all\u2019incrocio di Minusio, affinch\u00e9 dal 2025 potranno essere introdotti collegamenti regionali tra Bellinzona e Locarno ogni 15 minuti, come descritto nella fase di ampliamento dell\u2019offerta 2025 dell\u2019infrastruttura ferroviaria (STEP AS25). Il secondo binario entrer\u00e0 in esercizio a dicembre 2020, in concomitanza con l\u2019apertura della galleria di base del Monte Ceneri. L\u2019investimento ammonta a circa&nbsp;98 milioni di franchi, interamente coperto dal programma SIF. Il progetto \u00abContone \u2013 Locarno: raddoppio parziale del binario e adattamenti degli impianti di sicurezza\u00bb prevede la realizzazione di un secondo binario, con due scambi in entrambe le direzioni, della lunghezza di 4 chilometri fra il ponte sul fiume Ticino e quello sul fiume Verzasca. Inoltre, saranno adeguati gli impianti di sicurezza tra Contone e Locarno e sar\u00e0 realizzato un nuovo edificio tecnico (per gli impianti di sicurezza) a Riazzino, cos\u00ec da ridurre il tempo di successione dei treni. La fermata di Riazzino sar\u00e0 invece potenziata, prolungando il marciapiede esistente a 220 metri e realizzandone un secondo a lato del nuovo binario. Infine, a Gordola la fermata sar\u00e0 spostata in direzione di Bellinzona di circa 200 metri. Questa avr\u00e0 due marciapiedi lunghi 220 metri, collegati tra loro da un sottopasso pedonale.<\/p>\n<div class=\"mod_copy\" style=\"box-sizing: border-box; margin-bottom: 6.4em; margin-top: -3.2em; color: #000000; font-family: 'SBBWeb Roman', 'Helvetica Neue', Helvetica, Arial, sans-serif; font-size: 15px;\">\n<h2 style=\"text-align: justify;\">&nbsp;<\/h2>\n<h2 style=\"box-sizing: border-box; display: inline-block; width: 551.844px; font-family: 'SBBWeb Light', 'Helvetica Neue', Helvetica, Arial, sans-serif; font-size: 2.13333em; line-height: 1.2; margin-bottom: 1em; text-align: justify;\">Restrizioni del traffico ferroviario nel 2019<\/h2>\n<ul style=\"box-sizing: border-box; font-size: 1em; margin-left: 0.53333em; margin-bottom: -0.46667em; list-style-type: disc; padding-left: 1.06667em;\">\n<li style=\"box-sizing: border-box; margin-top: 0.53333em; padding-left: 0.66667em; text-align: justify;\">Nonostante i lavori vengano pianificati al fine di ridurre al minimo i disagi per la clientela, durante alcune specifiche fasi di lavoro sono tuttavia necessarie restrizioni al traffico ferroviario da e per Locarno. In particolare:<\/li>\n<li style=\"box-sizing: border-box; margin-top: 0.53333em; padding-left: 0.66667em; text-align: justify;\">Tra gennaio e giugno e tra settembre e dicembre 2019, dalla domenica al gioved\u00ec tutti i collegamenti TILO S20 a partire dalle ore 22:35 sono sostituiti da bus tra Cadenazzo e Locarno.<\/li>\n<li style=\"box-sizing: border-box; margin-top: 0.53333em; padding-left: 0.66667em; text-align: justify;\">A fine di giugno, ad agosto e a ottobre 2019 ci saranno delle chiusure totali della linea verso Locarno durante un intero fine settimana. I collegamenti TILO S20 saranno pertanto sostituiti con dei bus.&nbsp;<\/li>\n<li style=\"box-sizing: border-box; margin-top: 0.53333em; padding-left: 0.66667em; text-align: justify;\">A fine giugno 2019 la fermata di Gordola sar\u00e0 chiusa al traffico ferroviario per quattro giorni.&nbsp;<\/li>\n<li style=\"box-sizing: border-box; margin-top: 0.53333em; padding-left: 0.66667em; text-align: justify;\">Per tutte queste chiusure saranno implementate misure di accompagnamento per la clientela e saranno fatte informazioni ad hoc.<\/li>\n<li style=\"box-sizing: border-box; margin-top: 0.53333em; padding-left: 0.66667em; text-align: justify;\">L\u2019orario online su www.ffs.ch e l\u2019App SBB mostrano in tempo reale eventuali ritardi o soppressioni causate dai lavori.<\/li>\n<\/ul>\n<\/div>\n","protected":false},"excerpt":{"rendered":"<p>Sono iniziati ufficialmente il giorno 12&nbsp; i lavori per la realizzazione del raddoppio parziale del binario sulla tratta Contone \u2013 Locarno. La cerimonia di posa della prima pietra si \u00e8 svolta a Gordola alla presenza della Direttrice FFS Regione Sud, Roberta Cattaneo, e del Direttore del Dipartimento del Territorio, Claudio Zali. L\u2019apertura delle trasversali alpine del San Gottardo (in esercizio da dicembre 2016) e del Monte Ceneri (che sar\u00e0 inaugurata\u2026<\/p>\n<p class=\"continue-reading-button\"> <a class=\"continue-reading-link\" href=\"https:\/\/www.ilmondodeitreni.it\/blog\/?p=8757\">Continua la lettura<i class=\"crycon-right-dir\"><\/i><\/a><\/p>\n","protected":false},"author":12,"featured_media":0,"comment_status":"open","ping_status":"open","sticky":false,"template":"","format":"standard","meta":{"footnotes":""},"categories":[11],"tags":[1298,5,35,4478,130,597,5462,5461,596,37],"class_list":["post-8757","post","type-post","status-publish","format-standard","hentry","category-news-estero","tag-claudio-zali","tag-ferrovie","tag-ffs","tag-gordola","tag-locarno","tag-monte-ceneri","tag-progetto-contone-locarno","tag-roberta-cattaneo","tag-san-gottardo","tag-svizzera"],"_links":{"self":[{"href":"https:\/\/www.ilmondodeitreni.it\/blog\/index.php?rest_route=\/wp\/v2\/posts\/8757","targetHints":{"allow":["GET"]}}],"collection":[{"href":"https:\/\/www.ilmondodeitreni.it\/blog\/index.php?rest_route=\/wp\/v2\/posts"}],"about":[{"href":"https:\/\/www.ilmondodeitreni.it\/blog\/index.php?rest_route=\/wp\/v2\/types\/post"}],"author":[{"embeddable":true,"href":"https:\/\/www.ilmondodeitreni.it\/blog\/index.php?rest_route=\/wp\/v2\/users\/12"}],"replies":[{"embeddable":true,"href":"https:\/\/www.ilmondodeitreni.it\/blog\/index.php?rest_route=%2Fwp%2Fv2%2Fcomments&post=8757"}],"version-history":[{"count":1,"href":"https:\/\/www.ilmondodeitreni.it\/blog\/index.php?rest_route=\/wp\/v2\/posts\/8757\/revisions"}],"predecessor-version":[{"id":8758,"href":"https:\/\/www.ilmondodeitreni.it\/blog\/index.php?rest_route=\/wp\/v2\/posts\/8757\/revisions\/8758"}],"wp:attachment":[{"href":"https:\/\/www.ilmondodeitreni.it\/blog\/index.php?rest_route=%2Fwp%2Fv2%2Fmedia&parent=8757"}],"wp:term":[{"taxonomy":"category","embeddable":true,"href":"https:\/\/www.ilmondodeitreni.it\/blog\/index.php?rest_route=%2Fwp%2Fv2%2Fcategories&post=8757"},{"taxonomy":"post_tag","embeddable":true,"href":"https:\/\/www.ilmondodeitreni.it\/blog\/index.php?rest_route=%2Fwp%2Fv2%2Ftags&post=8757"}],"curies":[{"name":"wp","href":"https:\/\/api.w.org\/{rel}","templated":true}]}}