{"id":8754,"date":"2019-03-17T04:17:27","date_gmt":"2019-03-17T03:17:27","guid":{"rendered":"http:\/\/www.ilmondodeitreni.it\/blog\/?p=8754"},"modified":"2019-03-16T23:18:52","modified_gmt":"2019-03-16T22:18:52","slug":"funivia-di-san-genesio-chiusa-dal-18-al-28-marzo","status":"publish","type":"post","link":"https:\/\/www.ilmondodeitreni.it\/blog\/?p=8754","title":{"rendered":"Funivia di San Genesio chiusa dal 18 al 28 marzo"},"content":{"rendered":"<p style=\"text-align: justify;\">Da luned\u00ec 18 marzo fino a gioved\u00ec 28 marzo il servizio della&nbsp;<strong>funivia di San Genesio<\/strong>&nbsp;sar\u00e0 sospeso per consentire l&#8217;esecuzione dei consueti&nbsp;lavori di&nbsp;<strong>manutenzione<\/strong>&nbsp;e revisione dell&#8217;impianto. Per i passeggeri sono comunque a disposizione i collegamenti&nbsp;<strong>autobus&nbsp;<\/strong>della linea 156 Bolzano \u2013 San Genesio.<\/p>\n","protected":false},"excerpt":{"rendered":"<p>Da luned\u00ec 18 marzo fino a gioved\u00ec 28 marzo il servizio della&nbsp;funivia di San Genesio&nbsp;sar\u00e0 sospeso per consentire l&#8217;esecuzione dei consueti&nbsp;lavori di&nbsp;manutenzione&nbsp;e revisione dell&#8217;impianto. Per i passeggeri sono comunque a disposizione i collegamenti&nbsp;autobus&nbsp;della linea 156 Bolzano \u2013 San Genesio.<\/p>\n<p class=\"continue-reading-button\"> <a class=\"continue-reading-link\" href=\"https:\/\/www.ilmondodeitreni.it\/blog\/?p=8754\">Continua la lettura<i class=\"crycon-right-dir\"><\/i><\/a><\/p>\n","protected":false},"author":2,"featured_media":0,"comment_status":"open","ping_status":"open","sticky":false,"template":"","format":"standard","meta":{"footnotes":""},"categories":[2],"tags":[227,4954,29],"class_list":["post-8754","post","type-post","status-publish","format-standard","hentry","category-news","tag-bolzano","tag-funivia-di-san-genesio","tag-trasporti"],"_links":{"self":[{"href":"https:\/\/www.ilmondodeitreni.it\/blog\/index.php?rest_route=\/wp\/v2\/posts\/8754","targetHints":{"allow":["GET"]}}],"collection":[{"href":"https:\/\/www.ilmondodeitreni.it\/blog\/index.php?rest_route=\/wp\/v2\/posts"}],"about":[{"href":"https:\/\/www.ilmondodeitreni.it\/blog\/index.php?rest_route=\/wp\/v2\/types\/post"}],"author":[{"embeddable":true,"href":"https:\/\/www.ilmondodeitreni.it\/blog\/index.php?rest_route=\/wp\/v2\/users\/2"}],"replies":[{"embeddable":true,"href":"https:\/\/www.ilmondodeitreni.it\/blog\/index.php?rest_route=%2Fwp%2Fv2%2Fcomments&post=8754"}],"version-history":[{"count":1,"href":"https:\/\/www.ilmondodeitreni.it\/blog\/index.php?rest_route=\/wp\/v2\/posts\/8754\/revisions"}],"predecessor-version":[{"id":8755,"href":"https:\/\/www.ilmondodeitreni.it\/blog\/index.php?rest_route=\/wp\/v2\/posts\/8754\/revisions\/8755"}],"wp:attachment":[{"href":"https:\/\/www.ilmondodeitreni.it\/blog\/index.php?rest_route=%2Fwp%2Fv2%2Fmedia&parent=8754"}],"wp:term":[{"taxonomy":"category","embeddable":true,"href":"https:\/\/www.ilmondodeitreni.it\/blog\/index.php?rest_route=%2Fwp%2Fv2%2Fcategories&post=8754"},{"taxonomy":"post_tag","embeddable":true,"href":"https:\/\/www.ilmondodeitreni.it\/blog\/index.php?rest_route=%2Fwp%2Fv2%2Ftags&post=8754"}],"curies":[{"name":"wp","href":"https:\/\/api.w.org\/{rel}","templated":true}]}}