{"id":8606,"date":"2019-02-16T22:31:24","date_gmt":"2019-02-16T21:31:24","guid":{"rendered":"http:\/\/www.ilmondodeitreni.it\/blog\/?p=8606"},"modified":"2019-02-16T22:31:24","modified_gmt":"2019-02-16T21:31:24","slug":"al-rabadan-con-i-mezzi-pubblici","status":"publish","type":"post","link":"https:\/\/www.ilmondodeitreni.it\/blog\/?p=8606","title":{"rendered":"Al Rabadan con i mezzi pubblici"},"content":{"rendered":"<p style=\"text-align: justify;\"><a href=\"http:\/\/www.ilmondodeitreni.it\/blog\/wp-content\/uploads\/2019\/02\/11224_luzernverkehrshaus.jpg\"><img loading=\"lazy\" decoding=\"async\" class=\"alignleft size-thumbnail wp-image-8607\" src=\"http:\/\/www.ilmondodeitreni.it\/blog\/wp-content\/uploads\/2019\/02\/11224_luzernverkehrshaus-160x120.jpg\" alt=\"\" width=\"160\" height=\"120\" srcset=\"https:\/\/www.ilmondodeitreni.it\/blog\/wp-content\/uploads\/2019\/02\/11224_luzernverkehrshaus-160x120.jpg 160w, https:\/\/www.ilmondodeitreni.it\/blog\/wp-content\/uploads\/2019\/02\/11224_luzernverkehrshaus-200x150.jpg 200w, https:\/\/www.ilmondodeitreni.it\/blog\/wp-content\/uploads\/2019\/02\/11224_luzernverkehrshaus.jpg 640w, https:\/\/www.ilmondodeitreni.it\/blog\/wp-content\/uploads\/2019\/02\/11224_luzernverkehrshaus-150x113.jpg 150w\" sizes=\"auto, (max-width: 160px) 100vw, 160px\" \/><\/a>Anche quest\u2019anno Arcobaleno e le aziende di trasporto pubblico sono pronti per l\u2019importante appuntamento con il carnevale Rabadan di Bellinzona. I pass di accesso alle singole serate e i braccialetti saranno validi quali titolo di trasporto da gioved\u00ec 28 febbraio a marted\u00ec 5 marzo 2019. La collaudata collaborazione tra TILO, le FFS e il Comitato d\u2019organizzazione del Rabadan garantir\u00e0 anche per l\u2019edizione 2019 un\u2019offerta di treni speciali andata e ritorno dalla Citt\u00e0 del carnevale, ogni notte, da gioved\u00ec al Marted\u00ec Grasso, esclusa la domenica.&nbsp; I treni speciali TILO assicureranno l\u2019afflusso e il deflusso dei viaggiatori dalla Stazione FFS di Bellinzona verso Lugano\u2013Chiasso, Locarno e Biasca\u2013Airolo. Sulla linea S10 Bellinzona\u2013Chiasso la clientela avr\u00e0 a disposizione un treno ogni trenta minuti sia per andare verso Bellinzona che per rientrare verso casa. Sono inoltre previsti 3 treni speciali per Bellinzona ogni sera (al sabato saranno 4). Sulla S20 Bellinzona\u2013Locarno vi saranno collegamenti di andata ogni trenta minuti e per il ritorno ogni ora circa. Complessivamente sono ca. 70 i treni speciali programmati.<\/p>\n<p style=\"text-align: justify;\">Nelle serate di gioved\u00ec 28 febbraio, venerd\u00ec 1, sabato 2 e marted\u00ec 5 marzo 2019, dalle 01.00 alle 06.00 del mattino, per coloro che non se la sentono di utilizzare l\u2019auto al ritorno, saranno disponibili una postazione Nez Rouge a Bellinzona e alla stazione FFS di Lugano.&nbsp;<\/p>\n<p style=\"text-align: justify;\">Anche AutoPostale rafforza la sua offerta e con i Raba Express riporta la clientela al proprio domicilio in tutta sicurezza, grazie ai collegamenti speciali a cadenza oraria dalle 01.00 alle 05.00 verso Sud (partenza di fronte al Ristorante Lampara per Giubiasco, Camorino, Monte Carasso, Sementina, Gudo, Cugnasco) e verso Nord (dalla fermata ufficiale Coop per Arbedo, Castione, Claro, Osogna, Biasca, Lumino, Carasso, Gorduno, Preonzo, Lodrino, Iragna).<\/p>\n<p style=\"text-align: justify;\">Inoltre da Bellinzona Coop alle ore 03.00 e alle ore 05.00 partiranno gli autopostali in direzione della Mesolcina fino a Grono. Alle 03.00, con partenza di fronte al ristorante Lampara, partiranno i collegamenti verso il Gambarogno, fino a Dirinella. In partenza da Biasca Stazione alle 03.00 e alle 05.00 saranno invece assicurati i rientri in Leventina fino ad Airolo; sempre alle 03.00 il rientro in Valle di Blenio fino ad Olivone (solo le serate di venerd\u00ec e sabato).<\/p>\n<p style=\"text-align: justify;\">Infine, sabato notte alle 02.30, ci sar\u00e0 il servizio Capriasca e Collina d\u2019Oro Night Express in partenza dalla stazione FFS di Lugano.<\/p>\n<p style=\"text-align: justify;\">Si informa che dalle 19.00 di gioved\u00ec 28 febbraio fino alle 05.00 di mercoled\u00ec 6 marzo 2018, tutte le linee AutoPostale sosteranno ininterrottamente in Via Cancelliere Molo a Bellinzona, con soppressione delle fermate Piazzale Stazione e Terminal FFS. Inoltre da gioved\u00ec 21 febbraio a venerd\u00ec 8 marzo 2018 compresi, le linee 3 Bellinzona-Sant\u2019Antonino e 5 Bellinzona Piazzale Stazione-Ospedale, non transiteranno in Piazza Indipendenza, con soppressione delle fermate Belsoggiorno, Nocca, Piazza Indipendenza e Via Jauch. In alternativa sar\u00e0 posata una fermata provvisoria in Viale Franscini all\u2019altezza del numero civico 2.<\/p>\n<p style=\"text-align: justify;\">Il pass Rabadan, settimanale o giornaliero, e il relativo braccialetto saranno validi come titolo di trasporto su tutti i mezzi di trasporto e in tutto il perimetro della Comunit\u00e0 tariffale Arcobaleno. Permetteranno di compiere corse illimitate, in 2a classe, da e per Bellinzona durante i sei giorni di carnevale dalle 18.00 alle 07.00 della mattina successiva. Domenica la validit\u00e0 \u00e8 estesa all\u2019intera giornata.&nbsp;<\/p>\n<p style=\"text-align: justify;\">Al Rabadan il rispetto \u00e8 alla base del divertimento&#8230; anche durante il viaggio. Grazie per recarvi al carnevale con i mezzi pubblici in tutta sicurezza, senza rovinare la vostra festa e quella degli altri.<\/p>\n","protected":false},"excerpt":{"rendered":"<p>Anche quest\u2019anno Arcobaleno e le aziende di trasporto pubblico sono pronti per l\u2019importante appuntamento con il carnevale Rabadan di Bellinzona. I pass di accesso alle singole serate e i braccialetti saranno validi quali titolo di trasporto da gioved\u00ec 28 febbraio a marted\u00ec 5 marzo 2019. La collaudata collaborazione tra TILO, le FFS e il Comitato d\u2019organizzazione del Rabadan garantir\u00e0 anche per l\u2019edizione 2019 un\u2019offerta di treni speciali andata e ritorno\u2026<\/p>\n<p class=\"continue-reading-button\"> <a class=\"continue-reading-link\" href=\"https:\/\/www.ilmondodeitreni.it\/blog\/?p=8606\">Continua la lettura<i class=\"crycon-right-dir\"><\/i><\/a><\/p>\n","protected":false},"author":12,"featured_media":0,"comment_status":"open","ping_status":"open","sticky":false,"template":"","format":"standard","meta":{"footnotes":""},"categories":[11],"tags":[2851,5324,917,5332,862,2845,2853,5325,861,2854,5327,35,921,5329,2847,5331,5330,2852,2849,5328,2855,5326,2848,37,86],"class_list":["post-8606","post","type-post","status-publish","format-standard","hentry","category-news-estero","tag-arbedo","tag-arcobaleno","tag-autopostale","tag-bellinzona-coop","tag-biasca","tag-camorino","tag-carasso","tag-carnevale-rabadan-di-bellinzona","tag-castione","tag-claro","tag-cugnasco","tag-ffs","tag-giubiasco","tag-gorduno","tag-gudo","tag-iragna","tag-lodrino","tag-lumino","tag-monte-carasso","tag-osogna","tag-preonzo","tag-raba-express","tag-sementina","tag-svizzera","tag-tilo"],"_links":{"self":[{"href":"https:\/\/www.ilmondodeitreni.it\/blog\/index.php?rest_route=\/wp\/v2\/posts\/8606","targetHints":{"allow":["GET"]}}],"collection":[{"href":"https:\/\/www.ilmondodeitreni.it\/blog\/index.php?rest_route=\/wp\/v2\/posts"}],"about":[{"href":"https:\/\/www.ilmondodeitreni.it\/blog\/index.php?rest_route=\/wp\/v2\/types\/post"}],"author":[{"embeddable":true,"href":"https:\/\/www.ilmondodeitreni.it\/blog\/index.php?rest_route=\/wp\/v2\/users\/12"}],"replies":[{"embeddable":true,"href":"https:\/\/www.ilmondodeitreni.it\/blog\/index.php?rest_route=%2Fwp%2Fv2%2Fcomments&post=8606"}],"version-history":[{"count":1,"href":"https:\/\/www.ilmondodeitreni.it\/blog\/index.php?rest_route=\/wp\/v2\/posts\/8606\/revisions"}],"predecessor-version":[{"id":8608,"href":"https:\/\/www.ilmondodeitreni.it\/blog\/index.php?rest_route=\/wp\/v2\/posts\/8606\/revisions\/8608"}],"wp:attachment":[{"href":"https:\/\/www.ilmondodeitreni.it\/blog\/index.php?rest_route=%2Fwp%2Fv2%2Fmedia&parent=8606"}],"wp:term":[{"taxonomy":"category","embeddable":true,"href":"https:\/\/www.ilmondodeitreni.it\/blog\/index.php?rest_route=%2Fwp%2Fv2%2Fcategories&post=8606"},{"taxonomy":"post_tag","embeddable":true,"href":"https:\/\/www.ilmondodeitreni.it\/blog\/index.php?rest_route=%2Fwp%2Fv2%2Ftags&post=8606"}],"curies":[{"name":"wp","href":"https:\/\/api.w.org\/{rel}","templated":true}]}}