{"id":8597,"date":"2019-02-13T06:58:04","date_gmt":"2019-02-13T05:58:04","guid":{"rendered":"http:\/\/www.ilmondodeitreni.it\/blog\/?p=8597"},"modified":"2019-02-12T20:02:02","modified_gmt":"2019-02-12T19:02:02","slug":"manutenzione-della-metropolitana-nella-notte-tra-il-mercoledi-13-e-giovedi-14-febbraio-linea-notturna-n3-anticipata-alle-ore-21-15","status":"publish","type":"post","link":"https:\/\/www.ilmondodeitreni.it\/blog\/?p=8597","title":{"rendered":"Manutenzione della metropolitana nella notte tra il mercoled\u00ec 13 e gioved\u00ec 14 febbraio. Linea notturna N3 anticipata alle ore 21.15"},"content":{"rendered":"<p style=\"text-align: justify;\"><a href=\"http:\/\/www.ilmondodeitreni.it\/blog\/wp-content\/uploads\/2019\/02\/75310.jpg\"><img loading=\"lazy\" decoding=\"async\" class=\"alignleft size-thumbnail wp-image-8598\" src=\"http:\/\/www.ilmondodeitreni.it\/blog\/wp-content\/uploads\/2019\/02\/75310-160x90.jpg\" alt=\"\" width=\"160\" height=\"90\" srcset=\"https:\/\/www.ilmondodeitreni.it\/blog\/wp-content\/uploads\/2019\/02\/75310-160x90.jpg 160w, https:\/\/www.ilmondodeitreni.it\/blog\/wp-content\/uploads\/2019\/02\/75310-640x360.jpg 640w, https:\/\/www.ilmondodeitreni.it\/blog\/wp-content\/uploads\/2019\/02\/75310-768x432.jpg 768w, https:\/\/www.ilmondodeitreni.it\/blog\/wp-content\/uploads\/2019\/02\/75310-250x141.jpg 250w, https:\/\/www.ilmondodeitreni.it\/blog\/wp-content\/uploads\/2019\/02\/75310-150x84.jpg 150w, https:\/\/www.ilmondodeitreni.it\/blog\/wp-content\/uploads\/2019\/02\/75310.jpg 800w\" sizes=\"auto, (max-width: 160px) 100vw, 160px\" \/><\/a>AMT Genova&nbsp; informa che&nbsp;<strong>dalle ore 21.30 di mercoled\u00ec 13 febbraio alle ore 5.00 di gioved\u00ec 14 febbraio&nbsp;<\/strong>dovranno essere effettuate attivit\u00e0 di manutenzione in metropolitana. Contestualmente all\u2019effettuazione degli interventi, il servizio della metro dovr\u00e0 essere sospeso: le&nbsp;<strong>ultime partenze<\/strong>&nbsp;saranno alle&nbsp;<strong>ore 21.17 da Brignole<\/strong>&nbsp;per Brin e alle&nbsp;<strong>ore 21.10 da Brin&nbsp;<\/strong>per Brignole.<\/p>\n<p style=\"text-align: justify;\">Per agevolare gli spostamenti dei cittadini, la&nbsp;<strong>linea notturna N3<\/strong>&nbsp;(Principe &#8211; Brin) sar\u00e0&nbsp;<strong>anticipata alle ore 21.15&nbsp;<\/strong>e sar\u00e0 in servizio, come di consueto, fino alle ore 5.16.<\/p>\n<p style=\"text-align: justify;\">Di seguito riportiamo l\u2019orario.<\/p>\n<ul style=\"text-align: justify;\">\n<li><strong>Da Stazione Principe a Brin Metro<\/strong><\/li>\n<\/ul>\n<p style=\"text-align: justify;\">21.15 &#8211; 21.30 &#8211; 21.45 \u2013 22.00 &#8211; 22.15 &#8211; 22.30 \u2013 22.45 \u2013 23.00 &#8211; 23.15 \u2013 23.30 \u2013 23.45 &#8211; 00.15 &#8211; 00.43 &#8211; 01.10 &#8211; 01.36 -02.02 &#8211; 02:29 \u2013 02.57 &#8211; 03.25 &#8211; 03.52 &#8211; 04.17- 04.41- 05.05 \u2013 05.32<\/p>\n<ul style=\"text-align: justify;\">\n<li><strong>Da Brin Metro a Stazione Principe<\/strong><\/li>\n<\/ul>\n<p style=\"text-align: justify;\">21.15 \u2013 21.30 \u2013 21.45 \u2013 22.00 &#8211; 22.15 \u2013 22.30 \u2013 22.45 \u2013 23.00 \u2013 23.15 \u2013 23.30 &#8211; 23.53 \u2013 00.20 00.50 \u2013 01.18 &#8211; 01.45 \u2013 02.12 \u2013 02.38 &#8211; 03.02 \u2013 03.32 \u2013 03.58 \u2013 04.24 \u2013 04.52 \u2013 05.16 &#8211; 0 5.42<\/p>\n<table width=\"5\">\n<tbody>\n<tr>\n<td>&nbsp;<\/td>\n<\/tr>\n<\/tbody>\n<\/table>\n<p>Alle ore 5.00 di gioved\u00ec 14 febbraio riprender\u00e0 il normale servizio diurno della metropolitana.<\/p>\n","protected":false},"excerpt":{"rendered":"<p>AMT Genova&nbsp; informa che&nbsp;dalle ore 21.30 di mercoled\u00ec 13 febbraio alle ore 5.00 di gioved\u00ec 14 febbraio&nbsp;dovranno essere effettuate attivit\u00e0 di manutenzione in metropolitana. Contestualmente all\u2019effettuazione degli interventi, il servizio della metro dovr\u00e0 essere sospeso: le&nbsp;ultime partenze&nbsp;saranno alle&nbsp;ore 21.17 da Brignole&nbsp;per Brin e alle&nbsp;ore 21.10 da Brin&nbsp;per Brignole. Per agevolare gli spostamenti dei cittadini, la&nbsp;linea notturna N3&nbsp;(Principe &#8211; Brin) sar\u00e0&nbsp;anticipata alle ore 21.15&nbsp;e sar\u00e0 in servizio, come di consueto, fino\u2026<\/p>\n<p class=\"continue-reading-button\"> <a class=\"continue-reading-link\" href=\"https:\/\/www.ilmondodeitreni.it\/blog\/?p=8597\">Continua la lettura<i class=\"crycon-right-dir\"><\/i><\/a><\/p>\n","protected":false},"author":10,"featured_media":0,"comment_status":"open","ping_status":"open","sticky":false,"template":"","format":"standard","meta":{"footnotes":""},"categories":[2],"tags":[4894,5320,42,69,29],"class_list":["post-8597","post","type-post","status-publish","format-standard","hentry","category-news","tag-amt-genova","tag-brin","tag-metropolitana","tag-mobilita","tag-trasporti"],"_links":{"self":[{"href":"https:\/\/www.ilmondodeitreni.it\/blog\/index.php?rest_route=\/wp\/v2\/posts\/8597","targetHints":{"allow":["GET"]}}],"collection":[{"href":"https:\/\/www.ilmondodeitreni.it\/blog\/index.php?rest_route=\/wp\/v2\/posts"}],"about":[{"href":"https:\/\/www.ilmondodeitreni.it\/blog\/index.php?rest_route=\/wp\/v2\/types\/post"}],"author":[{"embeddable":true,"href":"https:\/\/www.ilmondodeitreni.it\/blog\/index.php?rest_route=\/wp\/v2\/users\/10"}],"replies":[{"embeddable":true,"href":"https:\/\/www.ilmondodeitreni.it\/blog\/index.php?rest_route=%2Fwp%2Fv2%2Fcomments&post=8597"}],"version-history":[{"count":1,"href":"https:\/\/www.ilmondodeitreni.it\/blog\/index.php?rest_route=\/wp\/v2\/posts\/8597\/revisions"}],"predecessor-version":[{"id":8599,"href":"https:\/\/www.ilmondodeitreni.it\/blog\/index.php?rest_route=\/wp\/v2\/posts\/8597\/revisions\/8599"}],"wp:attachment":[{"href":"https:\/\/www.ilmondodeitreni.it\/blog\/index.php?rest_route=%2Fwp%2Fv2%2Fmedia&parent=8597"}],"wp:term":[{"taxonomy":"category","embeddable":true,"href":"https:\/\/www.ilmondodeitreni.it\/blog\/index.php?rest_route=%2Fwp%2Fv2%2Fcategories&post=8597"},{"taxonomy":"post_tag","embeddable":true,"href":"https:\/\/www.ilmondodeitreni.it\/blog\/index.php?rest_route=%2Fwp%2Fv2%2Ftags&post=8597"}],"curies":[{"name":"wp","href":"https:\/\/api.w.org\/{rel}","templated":true}]}}