{"id":8568,"date":"2019-02-09T01:38:40","date_gmt":"2019-02-09T00:38:40","guid":{"rendered":"http:\/\/www.ilmondodeitreni.it\/blog\/?p=8568"},"modified":"2019-02-09T01:38:40","modified_gmt":"2019-02-09T00:38:40","slug":"ferrovie-senesi-incontro-in-regione-tra-istituzionitrenitalia-rfi-e-comitati","status":"publish","type":"post","link":"https:\/\/www.ilmondodeitreni.it\/blog\/?p=8568","title":{"rendered":"Ferrovie senesi, incontro in Regione tra istituzioni,Trenitalia, RFI e Comitati"},"content":{"rendered":"<p style=\"text-align: justify;\"><a href=\"http:\/\/www.ilmondodeitreni.it\/blog\/wp-content\/uploads\/2018\/06\/ET21_arpescaiola.jpg\"><img loading=\"lazy\" decoding=\"async\" class=\"alignleft size-thumbnail wp-image-7609\" src=\"http:\/\/www.ilmondodeitreni.it\/blog\/wp-content\/uploads\/2018\/06\/ET21_arpescaiola-160x121.jpg\" alt=\"\" width=\"160\" height=\"121\" srcset=\"https:\/\/www.ilmondodeitreni.it\/blog\/wp-content\/uploads\/2018\/06\/ET21_arpescaiola-160x121.jpg 160w, https:\/\/www.ilmondodeitreni.it\/blog\/wp-content\/uploads\/2018\/06\/ET21_arpescaiola-635x480.jpg 635w, https:\/\/www.ilmondodeitreni.it\/blog\/wp-content\/uploads\/2018\/06\/ET21_arpescaiola-198x150.jpg 198w, https:\/\/www.ilmondodeitreni.it\/blog\/wp-content\/uploads\/2018\/06\/ET21_arpescaiola-300x227.jpg 300w, https:\/\/www.ilmondodeitreni.it\/blog\/wp-content\/uploads\/2018\/06\/ET21_arpescaiola-150x113.jpg 150w, https:\/\/www.ilmondodeitreni.it\/blog\/wp-content\/uploads\/2018\/06\/ET21_arpescaiola.jpg 640w\" sizes=\"auto, (max-width: 160px) 100vw, 160px\" \/><\/a>Migliorare il servizio sulle linee ferroviarie senesi, affrontare le criticit\u00e0 che si sono intensificate negli ultimi mesi e pianificare interventi strutturali per il futuro. Con questi obiettivi si sono riuniti lo scorso 7 febbraio in Regione l&#8217;assessore regionale alle infrastrutture Vincenzo Ceccarelli, i sindaci ed i consiglieri regionali della zona, i Comitati pendolari e rappresentanti di Trenitalia e Rete Ferroviaria Italiana.Il primo dei due incontri ha avuto come oggetto la Siena-Chiusi, dove dopo 3 anni di costanti miglioramenti del servizio, si \u00e8 avuta una flessione.<\/p>\n<p style=\"text-align: justify;\">L&#8217;analisi ha evidenziato sia problemi infrastrutturali che criticit\u00e0 legate al materiale rotabile.<br \/>\nSulla Siena-Chiusi, oggi, circolano circa met\u00e0 treni nuovi (Swing) o rinnovati (Minuetto) ma l&#8217;altra met\u00e0 \u00e8 ancora composta da vecchio materiale rotabile diesel. La Regione ha previsto di completarne il rinnovamento, ma a causa di problemi avuti con la gara di appalto svolta da Trenitalia per la fornitura di nuovi treni che avrebbero dovuto entrare in servizio entro il 2020, questi non saranno disponibili fino al 2021. Per far fronte a questa situazione Trenitalia ha avviato interventi di manutenzione straordinaria sul parco mezzi, molti locomotori sono stati inviati ad un&#8217;officina specializzata di Rimini per una revisione straordinaria. Questo ha in alcuni casi incrementato i disagi sulla linea, ma adesso che la fase di manutenzione si sta concludendo, si attendono miglioramenti significativi sulla regolarit\u00e0 del servizio.<\/p>\n<p style=\"text-align: justify;\">Per quanto riguarda l&#8217;infrastruttura, invece, Rete ferroviaria italiana ha spiegato che entro il 2019 saranno avviati numerosi interventi:<br \/>\n&#8211; nuove procedure per ridurre i tempi di intervento in caso di guasti;<br \/>\n&#8211; sostituzione di 5 passaggi a livello a semibarriere (quelli dove pi\u00f9 spesso si verificano episodi di abbattimento) con altri a barriere intere ad Asciano, Rapolano, Sinalunga, Montallese e Montepulciano.<br \/>\n&#8211; miglioramento tecnologico delle casse di manovra dei deviatori di Rigomagno e Rapolano;<br \/>\n&#8211; rinnovo, gi\u00e0 in corso, delle centraline di manovra nelle stazioni di Arbia, Castelnuovo Berardenga, Asciano, Rapolano, Rigomagno, Sinalunga e Montepulciano;<br \/>\n&#8211; inizio dell&#8217;applicazione entro il 2019 di una nuova nuova tecnologia che permetter\u00e0 ai treni in transito di non rallentare in prossimit\u00e0 dei passaggi a livello privati (ad oggi le norme della sicurezza ferroviaria prevedono un rallentamento fino a 10km\/h).&nbsp;Visto l&#8217;alto numero di abbattimenti delle sbarre ha per\u00f2 chiesto interventi da parte delle forze dell&#8217;ordine per cercare di limitare questo fenomeno ed ottenere pi\u00f9 rispetto delle regole da parte degli automobilisti.<\/p>\n<p style=\"text-align: justify;\">Preso atto degli interventi previsti, i rappresentanti istituzionali hanno comunque chiesto a Rete Ferroviaria Italiana, e tramite essa al Ministero dei trasporti, di avviare il percorso progettuale per eliminare completamente i passaggi a livello dalla Siena-Chiusi, elettrificare la linea e correggerne punti &#8216;critici&#8217;.<\/p>\n<p style=\"text-align: justify;\">Il secondo incontro ha riguardato invece la Siena-Empoli. I Comuni hanno segnalato criticit\u00e0 analoghe a quelle della Siena-Chiusi e chiesto interventi concreti e rapidi per recuperare i livelli di puntualit\u00e0 che erano stati raggiunti nei mesi passati.<br \/>\nRFI anche in questo caso ha spiegato di aver avviato nuove procedura per ridurre i tempi di intervento in caso di guasti, interventi di manutenzione straordinaria sulla tratta pi\u00f9 critica (Ponte a Elsa &#8211; Granaiolo) e di problematiche legate ai passaggi a livello. Come per la Siena &#8211; chiusi, Visto l&#8217;alto numero di abbattimenti delle sbarre ha per\u00f2 chiesto interventi da parte delle forze dell&#8217;ordine per cercare di limitare questo fenomeno ed ottenere pi\u00f9 rispetto delle regole da parte degli automobilisti.<\/p>\n<p style=\"text-align: justify;\">E&#8217; stato inoltre fatto il punto sui progetti di raddoppio per il tratto Granaiolo-Empoli. L&#8217;intervento di raddoppio riguarda un tratto di 10 km, prevede la cancellazione- tramite opere sostitutive &#8211; di tutti i passaggi a livello e la trasformazione in fermata della stazione di Ponte a Elsa, oltre naturalmente all&#8217;elettrificazione di tutta la linea.<br \/>\nAttualmente l&#8217;intervento \u00e8 in fase di progettazione per un totale di lavori programmati di 177 milioni e viene prevista un&#8217;attuazione per fasi nel periodo 2024-2026.<\/p>\n<p style=\"text-align: justify;\">Per quanto riguarda la presenza in servizio di vari treni di vecchia generazioni, Trenitalia ha confermato quanto gi\u00e0 detto per la Siena-Chiusi e cio\u00e8 che la consegna dei nuovi convogli \u00e8 slittata al 2021 e per limitare i disagi nel frattempo \u00e8 stata portata avanti una revisione straordinaria del materiale rotabile.<\/p>\n<p style=\"text-align: justify;\">L&#8217;assessore regionale e gli altri rappresentanti istituzionali e dei comitati pendolari si sono impegnati ad effettuare un attento monitoraggio sull&#8217;attuazione degli interventi proposti da Rfi e Trenitalia.<\/p>\n","protected":false},"excerpt":{"rendered":"<p>Migliorare il servizio sulle linee ferroviarie senesi, affrontare le criticit\u00e0 che si sono intensificate negli ultimi mesi e pianificare interventi strutturali per il futuro. Con questi obiettivi si sono riuniti lo scorso 7 febbraio in Regione l&#8217;assessore regionale alle infrastrutture Vincenzo Ceccarelli, i sindaci ed i consiglieri regionali della zona, i Comitati pendolari e rappresentanti di Trenitalia e Rete Ferroviaria Italiana.Il primo dei due incontri ha avuto come oggetto la\u2026<\/p>\n<p class=\"continue-reading-button\"> <a class=\"continue-reading-link\" href=\"https:\/\/www.ilmondodeitreni.it\/blog\/?p=8568\">Continua la lettura<i class=\"crycon-right-dir\"><\/i><\/a><\/p>\n","protected":false},"author":1,"featured_media":0,"comment_status":"open","ping_status":"open","sticky":false,"template":"","format":"standard","meta":{"footnotes":""},"categories":[2],"tags":[4814,2608,1839,5,34,88,39,23,84],"class_list":["post-8568","post","type-post","status-publish","format-standard","hentry","category-news","tag-asciano","tag-chiusi","tag-empoli","tag-ferrovie","tag-rfi","tag-siena","tag-toscana","tag-trenitalia","tag-vincenzo-ceccarelli"],"_links":{"self":[{"href":"https:\/\/www.ilmondodeitreni.it\/blog\/index.php?rest_route=\/wp\/v2\/posts\/8568","targetHints":{"allow":["GET"]}}],"collection":[{"href":"https:\/\/www.ilmondodeitreni.it\/blog\/index.php?rest_route=\/wp\/v2\/posts"}],"about":[{"href":"https:\/\/www.ilmondodeitreni.it\/blog\/index.php?rest_route=\/wp\/v2\/types\/post"}],"author":[{"embeddable":true,"href":"https:\/\/www.ilmondodeitreni.it\/blog\/index.php?rest_route=\/wp\/v2\/users\/1"}],"replies":[{"embeddable":true,"href":"https:\/\/www.ilmondodeitreni.it\/blog\/index.php?rest_route=%2Fwp%2Fv2%2Fcomments&post=8568"}],"version-history":[{"count":1,"href":"https:\/\/www.ilmondodeitreni.it\/blog\/index.php?rest_route=\/wp\/v2\/posts\/8568\/revisions"}],"predecessor-version":[{"id":8569,"href":"https:\/\/www.ilmondodeitreni.it\/blog\/index.php?rest_route=\/wp\/v2\/posts\/8568\/revisions\/8569"}],"wp:attachment":[{"href":"https:\/\/www.ilmondodeitreni.it\/blog\/index.php?rest_route=%2Fwp%2Fv2%2Fmedia&parent=8568"}],"wp:term":[{"taxonomy":"category","embeddable":true,"href":"https:\/\/www.ilmondodeitreni.it\/blog\/index.php?rest_route=%2Fwp%2Fv2%2Fcategories&post=8568"},{"taxonomy":"post_tag","embeddable":true,"href":"https:\/\/www.ilmondodeitreni.it\/blog\/index.php?rest_route=%2Fwp%2Fv2%2Ftags&post=8568"}],"curies":[{"name":"wp","href":"https:\/\/api.w.org\/{rel}","templated":true}]}}