{"id":854,"date":"2014-12-15T22:00:57","date_gmt":"2014-12-15T21:00:57","guid":{"rendered":"http:\/\/www.ilmondodeitreni.it\/blog\/?p=854"},"modified":"2014-12-15T22:32:46","modified_gmt":"2014-12-15T21:32:46","slug":"rfi-da-aprile-2015-piu-collegamenti-con-malpensa-da-milano-centrale-e-milano-porta-garibaldi","status":"publish","type":"post","link":"https:\/\/www.ilmondodeitreni.it\/blog\/?p=854","title":{"rendered":"RFI: da aprile 2015 pi\u00f9 collegamenti con Malpensa da Milano Centrale e Milano Porta Garibaldi"},"content":{"rendered":"<div id=\"attachment_782\" style=\"width: 160px\" class=\"wp-caption alignleft\"><img loading=\"lazy\" decoding=\"async\" aria-describedby=\"caption-attachment-782\" class=\"size-thumbnail wp-image-782\" src=\"http:\/\/www.ilmondodeitreni.it\/blog\/wp-content\/uploads\/2014\/12\/etr600termini-150x150.jpg\" alt=\"ETR 600\" width=\"150\" height=\"150\" \/><p id=\"caption-attachment-782\" class=\"wp-caption-text\">ETR 600<\/p><\/div>\n<p style=\"text-align: justify;\">Con il nuovo anno\u00a0 cresceranno i collegamenti ferroviari fra Milano Centrale e Milano Porta Garibaldi e l\u2019aeroporto Milano-Malpensa. Dal 26 aprile 2015, infatti, sono previsti 18 nuovi treni al giorno che, sommati agli attuali, porteranno complessivamente a 70 i treni ogni giorno in viaggio da e per l\u2019hub aeroportuale le stazioni milanesi Centrale e Porta Garibaldi. Questo il primo step di Rete Ferroviaria Italiana (Gruppo FS Italiane) per concretizzare l\u2019intesa firmata, in agosto a Rimini, da Maurizio Lupi, Ministro delle Infrastrutture e dei Trasporti, e Michele Mario Elia, Amministratore Delegato FS Italiane, per nuove soluzioni di collegamento fra il sistema AV nazionale e gli aeroporti Milano-Malpensa, <i>Leonardo<\/i> <i>da<\/i> <i>Vinci<\/i> Roma-Fiumicino e <i>Marco Polo<\/i> Venezia-Tessera.<\/p>\n<p style=\"text-align: justify;\">Il Gruppo FS Italiane, attraverso la societ\u00e0 operativa Rete Ferroviaria Italiana, consegner\u00e0 entro fine anno lo studio di fattibilit\u00e0 per rafforzare la dotazione di infrastrutture ferroviarie di connessione con i tre aeroporti, integrato con lo studio di offerte commerciali alta velocit\u00e0, individuando i collegamenti e le frequenze pi\u00f9 richieste con le principali citt\u00e0 italiane, verificate con tutti i soggetti interessati alla sottoscrizione di Accordi Quadro per l\u2019utilizzo delle nuove capacit\u00e0\/potenzialit\u00e0 infrastrutturali.<\/p>\n<p style=\"text-align: justify;\">Entro il 28 febbraio 2015 il Ministero delle Infrastrutture e dei Trasporti analizzer\u00e0 i piani elaborati e definir\u00e0 gli indirizzi per l\u2019avvio delle progettazioni, individuando anche le risorse finanziarie disponibili. Verr\u00e0 infine condiviso un cronoprogramma relativo a tutte le fasi di progettazione, sviluppo e realizzazione.<\/p>\n<p style=\"text-align: justify;\">L\u2019accordo nasce dall\u2019esigenza di favorire collegamenti rapidi ed efficienti fra Roma-Fiumicino, Milano-Malpensa e Venezia-Tessera e le principali citt\u00e0, come avviene negli altri paesi dell\u2019Unione Europea, anche per sviluppare turismo e business in tutta la Penisola, grazie all\u2019intermodalit\u00e0 treno\/aereo.<\/p>\n","protected":false},"excerpt":{"rendered":"<p>Con il nuovo anno\u00a0 cresceranno i collegamenti ferroviari fra Milano Centrale e Milano Porta Garibaldi e l\u2019aeroporto Milano-Malpensa. Dal 26 aprile 2015, infatti, sono previsti 18 nuovi treni al giorno che, sommati agli attuali, porteranno complessivamente a 70 i treni ogni giorno in viaggio da e per l\u2019hub aeroportuale le stazioni milanesi Centrale e Porta Garibaldi. Questo il primo step di Rete Ferroviaria Italiana (Gruppo FS Italiane) per concretizzare l\u2019intesa\u2026<\/p>\n<p class=\"continue-reading-button\"> <a class=\"continue-reading-link\" href=\"https:\/\/www.ilmondodeitreni.it\/blog\/?p=854\">Continua la lettura<i class=\"crycon-right-dir\"><\/i><\/a><\/p>\n","protected":false},"author":7,"featured_media":0,"comment_status":"open","ping_status":"open","sticky":false,"template":"","format":"standard","meta":{"footnotes":""},"categories":[2],"tags":[5,456,33,520,34],"class_list":["post-854","post","type-post","status-publish","format-standard","hentry","category-news","tag-ferrovie","tag-maurizio-lupi","tag-michele-mario-elia","tag-milano-centrale","tag-rfi"],"_links":{"self":[{"href":"https:\/\/www.ilmondodeitreni.it\/blog\/index.php?rest_route=\/wp\/v2\/posts\/854","targetHints":{"allow":["GET"]}}],"collection":[{"href":"https:\/\/www.ilmondodeitreni.it\/blog\/index.php?rest_route=\/wp\/v2\/posts"}],"about":[{"href":"https:\/\/www.ilmondodeitreni.it\/blog\/index.php?rest_route=\/wp\/v2\/types\/post"}],"author":[{"embeddable":true,"href":"https:\/\/www.ilmondodeitreni.it\/blog\/index.php?rest_route=\/wp\/v2\/users\/7"}],"replies":[{"embeddable":true,"href":"https:\/\/www.ilmondodeitreni.it\/blog\/index.php?rest_route=%2Fwp%2Fv2%2Fcomments&post=854"}],"version-history":[{"count":1,"href":"https:\/\/www.ilmondodeitreni.it\/blog\/index.php?rest_route=\/wp\/v2\/posts\/854\/revisions"}],"predecessor-version":[{"id":855,"href":"https:\/\/www.ilmondodeitreni.it\/blog\/index.php?rest_route=\/wp\/v2\/posts\/854\/revisions\/855"}],"wp:attachment":[{"href":"https:\/\/www.ilmondodeitreni.it\/blog\/index.php?rest_route=%2Fwp%2Fv2%2Fmedia&parent=854"}],"wp:term":[{"taxonomy":"category","embeddable":true,"href":"https:\/\/www.ilmondodeitreni.it\/blog\/index.php?rest_route=%2Fwp%2Fv2%2Fcategories&post=854"},{"taxonomy":"post_tag","embeddable":true,"href":"https:\/\/www.ilmondodeitreni.it\/blog\/index.php?rest_route=%2Fwp%2Fv2%2Ftags&post=854"}],"curies":[{"name":"wp","href":"https:\/\/api.w.org\/{rel}","templated":true}]}}