{"id":8501,"date":"2019-01-22T23:48:51","date_gmt":"2019-01-22T22:48:51","guid":{"rendered":"http:\/\/www.ilmondodeitreni.it\/blog\/?p=8501"},"modified":"2019-01-23T00:02:50","modified_gmt":"2019-01-22T23:02:50","slug":"maltempo-gruppo-fs-italiane-attivati-piani-neve-e-gelo-nelle-regioni-del-centro-nord","status":"publish","type":"post","link":"https:\/\/www.ilmondodeitreni.it\/blog\/?p=8501","title":{"rendered":"Maltempo, Gruppo FS Italiane: attivati Piani neve e gelo nelle regioni del centro nord"},"content":{"rendered":"<p style=\"text-align: justify;\"><a href=\"http:\/\/www.ilmondodeitreni.it\/blog\/wp-content\/uploads\/2019\/01\/talent_sancandido.jpg\"><img loading=\"lazy\" decoding=\"async\" class=\"alignleft size-thumbnail wp-image-8437\" src=\"http:\/\/www.ilmondodeitreni.it\/blog\/wp-content\/uploads\/2019\/01\/talent_sancandido-160x120.jpg\" alt=\"\" width=\"160\" height=\"120\" srcset=\"https:\/\/www.ilmondodeitreni.it\/blog\/wp-content\/uploads\/2019\/01\/talent_sancandido-160x120.jpg 160w, https:\/\/www.ilmondodeitreni.it\/blog\/wp-content\/uploads\/2019\/01\/talent_sancandido-640x480.jpg 640w, https:\/\/www.ilmondodeitreni.it\/blog\/wp-content\/uploads\/2019\/01\/talent_sancandido-768x576.jpg 768w, https:\/\/www.ilmondodeitreni.it\/blog\/wp-content\/uploads\/2019\/01\/talent_sancandido-200x150.jpg 200w, https:\/\/www.ilmondodeitreni.it\/blog\/wp-content\/uploads\/2019\/01\/talent_sancandido-150x113.jpg 150w, https:\/\/www.ilmondodeitreni.it\/blog\/wp-content\/uploads\/2019\/01\/talent_sancandido.jpg 800w\" sizes=\"auto, (max-width: 160px) 100vw, 160px\" \/><\/a>In base al bollettino meteo diramato dalla&nbsp;<strong>Protezione Civile<\/strong>, il&nbsp;<strong>Gruppo FS Italiane<\/strong>&nbsp;ha attivato per la giornata di mercoled\u00ec 23 gennaio la fase di preallerta dei&nbsp;<strong>Piani neve e gelo<\/strong>&nbsp;in&nbsp;<strong>Lombardia<\/strong>,&nbsp;<strong>Emilia-Romagna<\/strong>,&nbsp;<strong>Veneto<\/strong>,&nbsp;<strong>Friuli Venezia Giulia<\/strong>&nbsp;e&nbsp;<strong>Sardegna<\/strong>&nbsp;mentre in&nbsp;<strong>Liguria<\/strong>&nbsp;e&nbsp;<strong>basso Piemonte<\/strong>&nbsp;\u00e8 stata attivata la fase di&nbsp;<strong>emergenza lieve<\/strong>.<\/p>\n<p class=\"westernCxSpMiddle\" style=\"text-align: justify;\"><strong>L\u2019offerta ferroviaria \u00e8 confermata in tutte regioni ad esclusione della Liguria e del Piemonte<\/strong>. In&nbsp;<strong>queste due Regioni<\/strong>&nbsp;a causa delle nevicate pi\u00f9 abbondanti, mercoled\u00ec 23 gennaio, sar\u00e0&nbsp;<strong>garantito il 70% dei treni regionali sulle seguenti linee<\/strong>:<\/p>\n<ul style=\"text-align: justify;\">\n<li class=\"westernCxSpMiddle\">Genova &#8211; Busalla &#8211; Tortona, intera giornata (cancellata la relazione Busalla-Genova dalle ore 10.00);<\/li>\n<li class=\"westernCxSpMiddle\">Genova &#8211; Acqui Terme, intera giornata;<\/li>\n<li class=\"westernCxSpMiddle\">Arquata &#8211; Alessandria, intera giornata;<\/li>\n<li class=\"westernCxSpMiddle\">Savona &#8211; San Giuseppe di Cairo, intera giornata (interessati treni delle linee Alessandria &#8211; Savona, Torino &#8211; Savona e Fossano &#8211; San Giuseppe di Cairo).<\/li>\n<\/ul>\n<p class=\"westernCxSpMiddle\" style=\"text-align: justify;\"><strong>Al momento non \u00e8 interessato il traffico ferroviario media e lunga percorrenza<\/strong>.<\/p>\n<p>L\u2019elenco aggiornato dei treni cancellati \u00e8 disponibile su&nbsp;<a href=\"https:\/\/www.trenitalia.it\/\" target=\"_blank\" rel=\"noopener\">trenitalia.com<\/a>&nbsp;e&nbsp;<a href=\"http:\/\/www.rfi.it\/\" target=\"_blank\" rel=\"noopener\">rfi.it<\/a>,&nbsp;nella sezione&nbsp;<a href=\"http:\/\/www.rfi.it\/rfi\/NOTIZIE-E-DOCUMENTI\/NEWS-Infomobilit%C3%A0\" target=\"_blank\" rel=\"noopener\">Infomobilit\u00e0 RFI<\/a>.<\/p>\n<p style=\"text-align: justify;\"><strong>I servizi commerciali potranno essere ulteriormente ridotti o subire modifiche in base al peggioramento delle condizioni meteo<\/strong>.&nbsp;<\/p>\n<p style=\"text-align: justify;\">Il Gruppo FS Italiane ha gi\u00e0 predisposto il&nbsp;<strong>monitoraggio costante dell\u2019infrastruttura ferroviaria<\/strong>, per assicurarne l\u2019efficienza e garantirne la piena disponibilit\u00e0 per i servizi delle imprese ferroviarie e, quindi, la mobilit\u00e0 delle persone.&nbsp;La&nbsp;<strong>fase di preallerta dei Piani neve e gelo di FS Italiane<\/strong>&nbsp;rimane ancora attiva in&nbsp;<strong>Toscana<\/strong>,&nbsp;<strong>Umbria<\/strong>,&nbsp;<strong>Marche<\/strong>,&nbsp;<strong>Toscana<\/strong>,&nbsp;<strong>Lazio<\/strong>&nbsp;e&nbsp;<strong>Abruzzo<\/strong>&nbsp;in attesa delle evoluzioni meteo previste in graduale miglioramento dalla giornata di domani.<\/p>\n<p class=\"westernCxSpLast\" style=\"text-align: justify;\">Per far fronte in maniera tempestiva a eventuali criticit\u00e0 provocate nelle prossime ore dal maltempo saranno attivi i&nbsp;<strong>Centri operativi territoriali<\/strong>&nbsp;nelle regioni interessate, coordinati dalle&nbsp;<strong>Sale Operative centrali di Rete Ferroviaria Italiana e Trenitalia<\/strong>.<\/p>\n<p style=\"text-align: justify;\">Nel corso della giornata di marted\u00ec 22 gennaio, il miglioramento delle condizioni meteo e le nevicate contenute delle ultime ore hanno permesso di garantire in Toscana, sulle seguenti linee ferroviarie, il 70% dei treni regionali:<\/p>\n<ul style=\"text-align: justify;\">\n<li>Faentina (dalle ore 14.00 di oggi);<\/li>\n<li>Siena &#8211; Grosseto (intera giornata);<\/li>\n<li>Siena &#8211; Chiusi (intera giornata).<\/li>\n<\/ul>\n<p class=\"westernCxSpMiddle\" style=\"text-align: justify;\">Sulla linea Siena &#8211; Empoli &#8211; Firenze invece il Gruppo FS Italiane sta assicurando l\u201980% delle corse regionali e un servizio bus \u201cspola\u201d tra Siena e Empoli che sostituisce i treni cancellati; in particolare i treni Firenze \u2013 Empoli \u2013 Siena e viceversa effettuano fermate aggiuntive a Ponte a Elsa e Castellina in Chianti con allungamenti dei tempi di viaggio fino a 15 minuti.&nbsp;Sulla linea Chiusi &#8211; Arezzo &#8211; Firenze infine \u00e8 attualmente garantito il 100% delle corse regionali.<\/p>\n","protected":false},"excerpt":{"rendered":"<p>In base al bollettino meteo diramato dalla&nbsp;Protezione Civile, il&nbsp;Gruppo FS Italiane&nbsp;ha attivato per la giornata di mercoled\u00ec 23 gennaio la fase di preallerta dei&nbsp;Piani neve e gelo&nbsp;in&nbsp;Lombardia,&nbsp;Emilia-Romagna,&nbsp;Veneto,&nbsp;Friuli Venezia Giulia&nbsp;e&nbsp;Sardegna&nbsp;mentre in&nbsp;Liguria&nbsp;e&nbsp;basso Piemonte&nbsp;\u00e8 stata attivata la fase di&nbsp;emergenza lieve. L\u2019offerta ferroviaria \u00e8 confermata in tutte regioni ad esclusione della Liguria e del Piemonte. In&nbsp;queste due Regioni&nbsp;a causa delle nevicate pi\u00f9 abbondanti, mercoled\u00ec 23 gennaio, sar\u00e0&nbsp;garantito il 70% dei treni regionali sulle seguenti\u2026<\/p>\n<p class=\"continue-reading-button\"> <a class=\"continue-reading-link\" href=\"https:\/\/www.ilmondodeitreni.it\/blog\/?p=8501\">Continua la lettura<i class=\"crycon-right-dir\"><\/i><\/a><\/p>\n","protected":false},"author":1,"featured_media":0,"comment_status":"open","ping_status":"open","sticky":false,"template":"","format":"standard","meta":{"footnotes":""},"categories":[2],"tags":[303,570,275,34,39,23,434],"class_list":["post-8501","post","type-post","status-publish","format-standard","hentry","category-news","tag-emilia-romagna","tag-friuli-venezia-giulia","tag-neve","tag-rfi","tag-toscana","tag-trenitalia","tag-veneto"],"_links":{"self":[{"href":"https:\/\/www.ilmondodeitreni.it\/blog\/index.php?rest_route=\/wp\/v2\/posts\/8501","targetHints":{"allow":["GET"]}}],"collection":[{"href":"https:\/\/www.ilmondodeitreni.it\/blog\/index.php?rest_route=\/wp\/v2\/posts"}],"about":[{"href":"https:\/\/www.ilmondodeitreni.it\/blog\/index.php?rest_route=\/wp\/v2\/types\/post"}],"author":[{"embeddable":true,"href":"https:\/\/www.ilmondodeitreni.it\/blog\/index.php?rest_route=\/wp\/v2\/users\/1"}],"replies":[{"embeddable":true,"href":"https:\/\/www.ilmondodeitreni.it\/blog\/index.php?rest_route=%2Fwp%2Fv2%2Fcomments&post=8501"}],"version-history":[{"count":1,"href":"https:\/\/www.ilmondodeitreni.it\/blog\/index.php?rest_route=\/wp\/v2\/posts\/8501\/revisions"}],"predecessor-version":[{"id":8502,"href":"https:\/\/www.ilmondodeitreni.it\/blog\/index.php?rest_route=\/wp\/v2\/posts\/8501\/revisions\/8502"}],"wp:attachment":[{"href":"https:\/\/www.ilmondodeitreni.it\/blog\/index.php?rest_route=%2Fwp%2Fv2%2Fmedia&parent=8501"}],"wp:term":[{"taxonomy":"category","embeddable":true,"href":"https:\/\/www.ilmondodeitreni.it\/blog\/index.php?rest_route=%2Fwp%2Fv2%2Fcategories&post=8501"},{"taxonomy":"post_tag","embeddable":true,"href":"https:\/\/www.ilmondodeitreni.it\/blog\/index.php?rest_route=%2Fwp%2Fv2%2Ftags&post=8501"}],"curies":[{"name":"wp","href":"https:\/\/api.w.org\/{rel}","templated":true}]}}