{"id":8490,"date":"2019-01-19T19:35:56","date_gmt":"2019-01-19T18:35:56","guid":{"rendered":"http:\/\/www.ilmondodeitreni.it\/blog\/?p=8490"},"modified":"2019-01-19T19:35:56","modified_gmt":"2019-01-19T18:35:56","slug":"treno-della-memoria-domenica-20-gennaio-il-pegaso-doro-ai-testimoni-e-poi-la-partenza-per-la-polonia","status":"publish","type":"post","link":"https:\/\/www.ilmondodeitreni.it\/blog\/?p=8490","title":{"rendered":"Treno della memoria: domenica 20 gennaio il Pegaso d&#8217;oro ai testimoni e poi la partenza per la Polonia"},"content":{"rendered":"<p style=\"text-align: justify;\"><a href=\"http:\/\/www.ilmondodeitreni.it\/blog\/wp-content\/uploads\/2018\/12\/E633110_milanoportagaribaldi.jpg\"><img loading=\"lazy\" decoding=\"async\" class=\"alignleft size-thumbnail wp-image-8380\" src=\"http:\/\/www.ilmondodeitreni.it\/blog\/wp-content\/uploads\/2018\/12\/E633110_milanoportagaribaldi-160x120.jpg\" alt=\"\" width=\"160\" height=\"120\" srcset=\"https:\/\/www.ilmondodeitreni.it\/blog\/wp-content\/uploads\/2018\/12\/E633110_milanoportagaribaldi-160x120.jpg 160w, https:\/\/www.ilmondodeitreni.it\/blog\/wp-content\/uploads\/2018\/12\/E633110_milanoportagaribaldi-200x150.jpg 200w, https:\/\/www.ilmondodeitreni.it\/blog\/wp-content\/uploads\/2018\/12\/E633110_milanoportagaribaldi.jpg 640w, https:\/\/www.ilmondodeitreni.it\/blog\/wp-content\/uploads\/2018\/12\/E633110_milanoportagaribaldi-150x113.jpg 150w\" sizes=\"auto, (max-width: 160px) 100vw, 160px\" \/><\/a>Parte domenica 20 gennaio, per l&#8217;undicesima volta, il Treno del memoria. Porter\u00e0 oltre 550 studenti delle scuole toscane nel luogo pi\u00f9 tragicamente simbolico di una delle pagine pi\u00f9 buie della storia umana: Auschwitz. La giornata inizier\u00e0 in Palazzo Strozzi Sacrati con la consegna del Pegaso d&#8217;oro, la massima onorificenza della Regione Toscana, ai testimoni Andra Bucci, Tatiana Bucci, Marcello Martini, Vera Michelin Salomon, Kitty Braun, Vera Vigevani Jarach, Gilberto Salmoni e ad Antonio Ceseri (alla memoria),&nbsp; scampati agli orrori della Shoah o delle persecuzioni nazifasciste e&nbsp; che negli anni&nbsp; si sono assunti il compito di essere testimoni vivi di quello&nbsp; che \u00e8 stato.<\/p>\n<p style=\"text-align: justify;\">La cerimonia si svolger\u00e0 alle 9,30 e sar\u00e0 il presidente della Regione Toscana Enrico Rossi a consegnare il riconoscimento.<\/p>\n<p style=\"text-align: justify;\">Seguir\u00e0, alle 11.30, nella Palazzina reale della stazione di S. M. Novella, il saluto del presidente Rossi alle ragazze e ai ragazzi in partenza. La partenza del treno \u00e8 fissata alle 12.30.<\/p>\n","protected":false},"excerpt":{"rendered":"<p>Parte domenica 20 gennaio, per l&#8217;undicesima volta, il Treno del memoria. Porter\u00e0 oltre 550 studenti delle scuole toscane nel luogo pi\u00f9 tragicamente simbolico di una delle pagine pi\u00f9 buie della storia umana: Auschwitz. La giornata inizier\u00e0 in Palazzo Strozzi Sacrati con la consegna del Pegaso d&#8217;oro, la massima onorificenza della Regione Toscana, ai testimoni Andra Bucci, Tatiana Bucci, Marcello Martini, Vera Michelin Salomon, Kitty Braun, Vera Vigevani Jarach, Gilberto Salmoni\u2026<\/p>\n<p class=\"continue-reading-button\"> <a class=\"continue-reading-link\" href=\"https:\/\/www.ilmondodeitreni.it\/blog\/?p=8490\">Continua la lettura<i class=\"crycon-right-dir\"><\/i><\/a><\/p>\n","protected":false},"author":1,"featured_media":0,"comment_status":"open","ping_status":"open","sticky":false,"template":"","format":"standard","meta":{"footnotes":""},"categories":[2],"tags":[5259,5266,330,5265,5263,5261,5258,5260,5257,5262,5264],"class_list":["post-8490","post","type-post","status-publish","format-standard","hentry","category-news","tag-andra-bucci","tag-auschwitz","tag-enrico-rossi","tag-gilberto-salmoni","tag-kitty-braun","tag-marcello-martini","tag-palazzo-strozzi-sacrati","tag-tatiana-bucci","tag-treno-del-memoria","tag-vera-michelin-salomon","tag-vera-vigevani-jarach"],"_links":{"self":[{"href":"https:\/\/www.ilmondodeitreni.it\/blog\/index.php?rest_route=\/wp\/v2\/posts\/8490","targetHints":{"allow":["GET"]}}],"collection":[{"href":"https:\/\/www.ilmondodeitreni.it\/blog\/index.php?rest_route=\/wp\/v2\/posts"}],"about":[{"href":"https:\/\/www.ilmondodeitreni.it\/blog\/index.php?rest_route=\/wp\/v2\/types\/post"}],"author":[{"embeddable":true,"href":"https:\/\/www.ilmondodeitreni.it\/blog\/index.php?rest_route=\/wp\/v2\/users\/1"}],"replies":[{"embeddable":true,"href":"https:\/\/www.ilmondodeitreni.it\/blog\/index.php?rest_route=%2Fwp%2Fv2%2Fcomments&post=8490"}],"version-history":[{"count":1,"href":"https:\/\/www.ilmondodeitreni.it\/blog\/index.php?rest_route=\/wp\/v2\/posts\/8490\/revisions"}],"predecessor-version":[{"id":8491,"href":"https:\/\/www.ilmondodeitreni.it\/blog\/index.php?rest_route=\/wp\/v2\/posts\/8490\/revisions\/8491"}],"wp:attachment":[{"href":"https:\/\/www.ilmondodeitreni.it\/blog\/index.php?rest_route=%2Fwp%2Fv2%2Fmedia&parent=8490"}],"wp:term":[{"taxonomy":"category","embeddable":true,"href":"https:\/\/www.ilmondodeitreni.it\/blog\/index.php?rest_route=%2Fwp%2Fv2%2Fcategories&post=8490"},{"taxonomy":"post_tag","embeddable":true,"href":"https:\/\/www.ilmondodeitreni.it\/blog\/index.php?rest_route=%2Fwp%2Fv2%2Ftags&post=8490"}],"curies":[{"name":"wp","href":"https:\/\/api.w.org\/{rel}","templated":true}]}}