{"id":8372,"date":"2018-12-17T01:24:46","date_gmt":"2018-12-17T00:24:46","guid":{"rendered":"http:\/\/www.ilmondodeitreni.it\/blog\/?p=8372"},"modified":"2018-12-16T01:27:00","modified_gmt":"2018-12-16T00:27:00","slug":"torino-i-servizi-gtt-nelle-festivita-natalizie","status":"publish","type":"post","link":"https:\/\/www.ilmondodeitreni.it\/blog\/?p=8372","title":{"rendered":"Torino, i servizi GTT nelle festivit\u00e0 natalizie"},"content":{"rendered":"<p style=\"text-align: justify;\"><strong>Marted\u00ec 25 dicembre<\/strong>&nbsp;la metropolitana sar\u00e0 i<strong>n servizio dalle 7.00 alle 21.30<\/strong>&nbsp;(ultime partenze da Fermi alle ore 20.40 e Lingotto alle ore 21.05).&nbsp;<br \/>\n<strong>Luned\u00ec 31 dicembre<\/strong>&nbsp;sar\u00e0 invece&nbsp;<strong>in servizio dalle 7.00 alle 3.00<\/strong>&nbsp;del mattino&nbsp; ultime partenze dalle stazioni Fermi alle ore 2.10 e Lingotto alle ore 2.35).&nbsp;<\/p>\n<p style=\"text-align: justify;\">Negli altri giorni la metropolitana seguir\u00e0 i normali orari.<\/p>\n<p style=\"text-align: justify;\"><strong>SERVIZIO URBANO E SUBURBANO<\/strong><\/p>\n<p style=\"text-align: justify;\"><strong>Luned\u00ec 24 e luned\u00ec 31 dicembre 2018 (vigilie di Natale e Capodanno), dopo le ore 20.00<\/strong>, saranno in servizio con percorso ed orario feriale le linee:&nbsp;<strong>1, 2, 3, 4, 5, 9, 10 (con bus sull&#8217;intero percorso), 11, 13, 15, 16 c.d., 16 c.s., 17, 18, 30, 32, 33, 35, 36, 43, 45, 46, 49, 51, 55, , 56, 57, 58b, 59, 662, 63, 65, 67, 68, 69, 72<\/strong>.<\/p>\n<p style=\"text-align: justify;\"><strong>Saranno invece in servizio fino alle ore 20.00 (ultima partenza dai capolinea) le linee: 12 \u2013 14 &#8211; 20 \u2013 27 \u2013 29 \u2013 34 &#8211; 38 \u2013 39 \u2013 40 &#8211; 41 \u2013 42 \u2013 47 \u2013 50 \u2013 52 \u2013 58 &#8211; 60 \u2013 61 \u2013 63b \u2013 64 \u2013 65 \u2013 66 \u2013 70 \u2013 71 \u2013 74 \u2013 75 \u2013 76 \u2013 77 &#8211; CP1 &#8211; SE1 \u2013 SE2 &#8211; VE1.<\/strong><\/p>\n<p style=\"text-align: justify;\"><strong>Marted\u00ec 25 dicembre<\/strong>&nbsp;il servizio di tram e bus sar\u00e0 svolto:<\/p>\n<ul style=\"text-align: justify;\">\n<li><strong>al mattino dalle 7.00 alle 12.30<\/strong>, con ultima partenza dai capolinea centrali alle ore 12.45<\/li>\n<li><strong>al pomeriggio dalle 14.45 alle 19.30<\/strong>, con ultima partenza dai capolinea centrali alle ore 19.45<\/li>\n<\/ul>\n<p style=\"text-align: justify;\">sui percorsi festivi delle seguenti linee:&nbsp;<strong>1 \u2013 2 \u2013 3 \u2013 4 \u2013 5 (transita dal cimitero Parco solo al mattino) \u2013 9 \u2013 10 \u2013 11 \u2013 13 \u2013 15 \u2013 16cs \u2013 16cd &#8211; 17 \u2013 18 \u2013 19 \u2013 19N (solo mattino) \u2013 30 \u2013 32 \u2013 33 \u2013 35 \u2013 36 \u2013 41 \u2013 42 \u2013 43 \u2013 45 \u2013 46 \u2013 49 \u2013 50 &#8211; 55 &#8211; 56 \u2013 57 \u2013 58B \u2013 59 \u2013 62 \u2013 63 \u2013 67 \u2013 68 \u2013 69 \u2013 70 \u2013 71 \u2013 72 \u2013 74 (transita dal cimitero Parco solo al mattino) \u2013 76 \u2013 102 (solo mattino)&nbsp;\u2013 Sassi-Superga.<\/strong><\/p>\n<p style=\"text-align: justify;\">Non saranno in servizio le seguenti linee:&nbsp;<strong>6, 7, 14 , 27, 29, 35 nav, 36 nav, 38, 39, 44, 46 nav, 47, 48, 54, 60, 61, 63b, 64, 65, 73, 75, CP1, SE1, VE1, Star 1, Star 2<\/strong>.<\/p>\n<p style=\"text-align: justify;\"><strong>Il servizio notturno Night Buster non sar\u00e0 effettuato luned\u00ec 24 e marted\u00ec 25; mentre il 31 dicembre il servizio sar\u00e0 raddoppiato con partenze ogni 30 minuti<\/strong>.<\/p>\n","protected":false},"excerpt":{"rendered":"<p>Marted\u00ec 25 dicembre&nbsp;la metropolitana sar\u00e0 in servizio dalle 7.00 alle 21.30&nbsp;(ultime partenze da Fermi alle ore 20.40 e Lingotto alle ore 21.05).&nbsp; Luned\u00ec 31 dicembre&nbsp;sar\u00e0 invece&nbsp;in servizio dalle 7.00 alle 3.00&nbsp;del mattino&nbsp; ultime partenze dalle stazioni Fermi alle ore 2.10 e Lingotto alle ore 2.35).&nbsp; Negli altri giorni la metropolitana seguir\u00e0 i normali orari. SERVIZIO URBANO E SUBURBANO Luned\u00ec 24 e luned\u00ec 31 dicembre 2018 (vigilie di Natale e Capodanno),\u2026<\/p>\n<p class=\"continue-reading-button\"> <a class=\"continue-reading-link\" href=\"https:\/\/www.ilmondodeitreni.it\/blog\/?p=8372\">Continua la lettura<i class=\"crycon-right-dir\"><\/i><\/a><\/p>\n","protected":false},"author":11,"featured_media":0,"comment_status":"open","ping_status":"open","sticky":false,"template":"","format":"standard","meta":{"footnotes":""},"categories":[2],"tags":[288,213,29],"class_list":["post-8372","post","type-post","status-publish","format-standard","hentry","category-news","tag-gtt","tag-torino","tag-trasporti"],"_links":{"self":[{"href":"https:\/\/www.ilmondodeitreni.it\/blog\/index.php?rest_route=\/wp\/v2\/posts\/8372","targetHints":{"allow":["GET"]}}],"collection":[{"href":"https:\/\/www.ilmondodeitreni.it\/blog\/index.php?rest_route=\/wp\/v2\/posts"}],"about":[{"href":"https:\/\/www.ilmondodeitreni.it\/blog\/index.php?rest_route=\/wp\/v2\/types\/post"}],"author":[{"embeddable":true,"href":"https:\/\/www.ilmondodeitreni.it\/blog\/index.php?rest_route=\/wp\/v2\/users\/11"}],"replies":[{"embeddable":true,"href":"https:\/\/www.ilmondodeitreni.it\/blog\/index.php?rest_route=%2Fwp%2Fv2%2Fcomments&post=8372"}],"version-history":[{"count":1,"href":"https:\/\/www.ilmondodeitreni.it\/blog\/index.php?rest_route=\/wp\/v2\/posts\/8372\/revisions"}],"predecessor-version":[{"id":8373,"href":"https:\/\/www.ilmondodeitreni.it\/blog\/index.php?rest_route=\/wp\/v2\/posts\/8372\/revisions\/8373"}],"wp:attachment":[{"href":"https:\/\/www.ilmondodeitreni.it\/blog\/index.php?rest_route=%2Fwp%2Fv2%2Fmedia&parent=8372"}],"wp:term":[{"taxonomy":"category","embeddable":true,"href":"https:\/\/www.ilmondodeitreni.it\/blog\/index.php?rest_route=%2Fwp%2Fv2%2Fcategories&post=8372"},{"taxonomy":"post_tag","embeddable":true,"href":"https:\/\/www.ilmondodeitreni.it\/blog\/index.php?rest_route=%2Fwp%2Fv2%2Ftags&post=8372"}],"curies":[{"name":"wp","href":"https:\/\/api.w.org\/{rel}","templated":true}]}}