{"id":8232,"date":"2018-11-25T12:06:27","date_gmt":"2018-11-25T11:06:27","guid":{"rendered":"http:\/\/www.ilmondodeitreni.it\/blog\/?p=8232"},"modified":"2018-11-24T00:09:37","modified_gmt":"2018-11-23T23:09:37","slug":"fermata-frecciabianca-a-spoleto-soddisfazione-assessore-chianella","status":"publish","type":"post","link":"https:\/\/www.ilmondodeitreni.it\/blog\/?p=8232","title":{"rendered":"Fermata frecciabianca a Spoleto; soddisfazione assessore chianella"},"content":{"rendered":"<p style=\"text-align: justify;\"><a href=\"http:\/\/www.ilmondodeitreni.it\/blog\/wp-content\/uploads\/2018\/04\/etr450rm.jpg\"><img loading=\"lazy\" decoding=\"async\" class=\"alignleft size-thumbnail wp-image-7342\" src=\"http:\/\/www.ilmondodeitreni.it\/blog\/wp-content\/uploads\/2018\/04\/etr450rm-160x107.jpg\" alt=\"\" width=\"160\" height=\"107\" srcset=\"https:\/\/www.ilmondodeitreni.it\/blog\/wp-content\/uploads\/2018\/04\/etr450rm-160x107.jpg 160w, https:\/\/www.ilmondodeitreni.it\/blog\/wp-content\/uploads\/2018\/04\/etr450rm-640x427.jpg 640w, https:\/\/www.ilmondodeitreni.it\/blog\/wp-content\/uploads\/2018\/04\/etr450rm-225x150.jpg 225w, https:\/\/www.ilmondodeitreni.it\/blog\/wp-content\/uploads\/2018\/04\/etr450rm-300x200.jpg 300w, https:\/\/www.ilmondodeitreni.it\/blog\/wp-content\/uploads\/2018\/04\/etr450rm-150x100.jpg 150w, https:\/\/www.ilmondodeitreni.it\/blog\/wp-content\/uploads\/2018\/04\/etr450rm.jpg 701w\" sizes=\"auto, (max-width: 160px) 100vw, 160px\" \/><\/a>&#8220;\u00c8 per noi motivo di soddisfazione la definitiva conferma della fermata del Frecciabianca Ravenna-Roma a Spoleto a partire dal 9 dicembre annunciata dagli stessi dirigenti di Trenitalia: \u00e8 il coronamento dell&#8217;impegno della Regione per garantire un servizio utile ai cittadini e al territorio, particolarmente atteso&#8221;. \u00c8 quanto afferma l&#8217;assessore regionale ai Trasporti Giuseppe Chianella. &#8220;Con Trenitalia \u2013 sottolinea \u2013 abbiamo sempre avuto contatti costanti ed avevamo garanzie che avrebbe risposto positivamente alle istanze che abbiamo presentato in nome degli interessi e delle esigenze dei viaggiatori e per un collegamento pi\u00f9 adeguato della citt\u00e0 di Spoleto&#8221;.&nbsp;&nbsp;&nbsp;&nbsp;&nbsp;&nbsp;&nbsp;<\/p>\n<p style=\"text-align: justify;\">&#8220;Anche nei giorni scorsi abbiamo avuto un incontro con Trenitalia \u2013 prosegue l&#8217;assessore \u2013 e fino a ieri ed anche nelle ultime ore c&#8217;\u00e8 stata una continua&nbsp; interlocuzione&#8221;.<\/p>\n<p style=\"text-align: justify;\">&nbsp; &#8220;La Regione \u2013 ribadisce \u2013 \u00e8 vicina ai territori e questo ne \u00e8 l&#8217;ulteriore conferma. Siamo contenti del risultato ottenuto per la citt\u00e0 di Spoleto, anche in omaggio alla memoria del sindaco Cardarelli che con noi tanto si \u00e8 speso per la fermata del Frecciabianca&#8221;.<\/p>\n<p style=\"text-align: justify;\">&#8220;L&#8217;annuncio di oggi \u2013 tiene a sottolineare l&#8217;assessore &#8211; fa giustizia di tutte le strumentali dichiarazioni politiche e le tante sciocchezze che abbiamo letto in questi giorni&#8221;.<\/p>\n<p style=\"text-align: justify;\">&#8220;Un ringraziamento \u2013 conclude Chianella \u2013 va all&#8217;amministratore delegato di Trenitalia Orazio Iacono e a tutta la dirigenza di Trenitalia che hanno sempre dimostrato grande attenzione e sensibilit\u00e0 nella interlocuzione con la Giunta regionale&#8221;.<\/p>\n","protected":false},"excerpt":{"rendered":"<p>&#8220;\u00c8 per noi motivo di soddisfazione la definitiva conferma della fermata del Frecciabianca Ravenna-Roma a Spoleto a partire dal 9 dicembre annunciata dagli stessi dirigenti di Trenitalia: \u00e8 il coronamento dell&#8217;impegno della Regione per garantire un servizio utile ai cittadini e al territorio, particolarmente atteso&#8221;. \u00c8 quanto afferma l&#8217;assessore regionale ai Trasporti Giuseppe Chianella. &#8220;Con Trenitalia \u2013 sottolinea \u2013 abbiamo sempre avuto contatti costanti ed avevamo garanzie che avrebbe risposto\u2026<\/p>\n<p class=\"continue-reading-button\"> <a class=\"continue-reading-link\" href=\"https:\/\/www.ilmondodeitreni.it\/blog\/?p=8232\">Continua la lettura<i class=\"crycon-right-dir\"><\/i><\/a><\/p>\n","protected":false},"author":2,"featured_media":0,"comment_status":"open","ping_status":"open","sticky":false,"template":"","format":"standard","meta":{"footnotes":""},"categories":[2],"tags":[2784,2523,23,438],"class_list":["post-8232","post","type-post","status-publish","format-standard","hentry","category-news","tag-giuseppe-chianella","tag-spoleto","tag-trenitalia","tag-umbria"],"_links":{"self":[{"href":"https:\/\/www.ilmondodeitreni.it\/blog\/index.php?rest_route=\/wp\/v2\/posts\/8232","targetHints":{"allow":["GET"]}}],"collection":[{"href":"https:\/\/www.ilmondodeitreni.it\/blog\/index.php?rest_route=\/wp\/v2\/posts"}],"about":[{"href":"https:\/\/www.ilmondodeitreni.it\/blog\/index.php?rest_route=\/wp\/v2\/types\/post"}],"author":[{"embeddable":true,"href":"https:\/\/www.ilmondodeitreni.it\/blog\/index.php?rest_route=\/wp\/v2\/users\/2"}],"replies":[{"embeddable":true,"href":"https:\/\/www.ilmondodeitreni.it\/blog\/index.php?rest_route=%2Fwp%2Fv2%2Fcomments&post=8232"}],"version-history":[{"count":1,"href":"https:\/\/www.ilmondodeitreni.it\/blog\/index.php?rest_route=\/wp\/v2\/posts\/8232\/revisions"}],"predecessor-version":[{"id":8233,"href":"https:\/\/www.ilmondodeitreni.it\/blog\/index.php?rest_route=\/wp\/v2\/posts\/8232\/revisions\/8233"}],"wp:attachment":[{"href":"https:\/\/www.ilmondodeitreni.it\/blog\/index.php?rest_route=%2Fwp%2Fv2%2Fmedia&parent=8232"}],"wp:term":[{"taxonomy":"category","embeddable":true,"href":"https:\/\/www.ilmondodeitreni.it\/blog\/index.php?rest_route=%2Fwp%2Fv2%2Fcategories&post=8232"},{"taxonomy":"post_tag","embeddable":true,"href":"https:\/\/www.ilmondodeitreni.it\/blog\/index.php?rest_route=%2Fwp%2Fv2%2Ftags&post=8232"}],"curies":[{"name":"wp","href":"https:\/\/api.w.org\/{rel}","templated":true}]}}