{"id":8208,"date":"2018-11-21T22:45:13","date_gmt":"2018-11-21T21:45:13","guid":{"rendered":"http:\/\/www.ilmondodeitreni.it\/blog\/?p=8208"},"modified":"2018-11-21T22:45:13","modified_gmt":"2018-11-21T21:45:13","slug":"italo-presenta-la-novita-della-stagione-invernale-2018-19","status":"publish","type":"post","link":"https:\/\/www.ilmondodeitreni.it\/blog\/?p=8208","title":{"rendered":"Italo presenta la novit\u00e0 della stagione invernale 2018-19"},"content":{"rendered":"<p style=\"text-align: justify;\"><span style=\"color: #000000;\"><a href=\"http:\/\/www.ilmondodeitreni.it\/blog\/wp-content\/uploads\/2014\/11\/italo08_romatuscolana.jpg\"><img loading=\"lazy\" decoding=\"async\" class=\"alignleft size-thumbnail wp-image-84\" src=\"http:\/\/www.ilmondodeitreni.it\/blog\/wp-content\/uploads\/2014\/11\/italo08_romatuscolana-150x150.jpg\" alt=\"\" width=\"150\" height=\"150\"\/><\/a>Al via la nuova stagione invernale targata&nbsp;<b>Italo.&nbsp;<\/b><\/span><span style=\"color: #000000;\">Grazie all\u2019aumento della flotta consolidatosi nel 2018 con l\u2019ingresso di&nbsp;<b>12 treni Italo EVO<\/b>&nbsp;e in attesa di&nbsp;<b>altri 10<\/b>&nbsp;di questi treni che entreranno in servizio fra il 2019 e l\u2019inizio del 2020, l\u2019offerta continua a crescere, arrivando a ben&nbsp;<b>92 servizi al giorno&nbsp;<\/b>dai primi mesi del 2019 con una&nbsp;<b>crescita dell\u2019offerta di circa il 65% rispetto al 2017.&nbsp;&nbsp;<\/b><\/span><span style=\"color: #000000;\">Cresceranno i servizi&nbsp;<b>no stop<\/b>&nbsp;fra&nbsp;<b>Roma&nbsp;<\/b>e&nbsp;<b>Milano<\/b>,&nbsp;<b>20 al giorno<\/b>, con una nuova partenza da&nbsp;<b>Roma Termini<\/b>&nbsp;alle 14:10 con arrivo a&nbsp;<b>Milano Centrale<\/b>&nbsp;alle 17:12. Questo servizio collegher\u00e0 a Milano anche&nbsp;<b>Napoli<\/b>, infatti il treno partir\u00e0 da&nbsp;<b>Napoli Centrale<\/b>&nbsp;alle 12:51, fermando solo a&nbsp;<b>Roma<\/b>&nbsp;per poi andare dritto fino al capoluogo lombardo, riducendo i tempi di viaggio anche dei passeggeri campani. Anche&nbsp;<b>Bologna<\/b>&nbsp;avr\u00e0 un simile vantaggio: il treno no stop delle 9:10 in partenza da Milano&nbsp;<\/span><span style=\"color: #000000;\">Centrale, con arrivo a Roma Termini alle 12:14, fermer\u00e0 anche a&nbsp;<b>Bologna Centrale<\/b>&nbsp;alle 10:12, garantendo un servizio aggiuntivo ai numerosi bolognesi che ogni giorno raggiungono la capitale.<b>&nbsp;<\/b>Vantaggio simile avr\u00e0 la citt\u00e0 di&nbsp;<b>Torino&nbsp;<\/b>che vedr\u00e0 prolungare&nbsp;<b>3 servizi no stop&nbsp;<\/b>garantendo nuovi collegamenti con&nbsp;<b>Roma<\/b>: partenza da Torino per Roma alle 12:05 e 14:50 con arrivo a Termini alle 16:14 e 19:14, mentre dalla capitale un treno no stop in partenza alle 19:10 arriver\u00e0 alle 23.23 nel capoluogo piemontese.<\/span><\/p>\n<p style=\"text-align: justify;\"><span style=\"color: #000000;\">Nuovo collegamento da&nbsp;<b>Milano<\/b>&nbsp;per&nbsp;<b>Napoli<\/b>&nbsp;a prima mattina, con partenza dalla stazione Centrale alle 6:25 che consente di essere nel cuore della citt\u00e0 partenopea alle 11:10 (fermando anche a Roma alle 10:04). Il capoluogo campano avr\u00e0 delle novit\u00e0 anche per quanto riguarda le connessioni con&nbsp;<b>Venezia<\/b>: un treno partir\u00e0 da Santa Lucia alle 8 per raggiungere Napoli Centrale alle 13:20 ed un altro nuovo servizio in fascia pomeridiana partir\u00e0 alle 16 da Venezia per arrivare a Napoli alle 21:05 e a Salerno alle 22.09.<\/span><\/p>\n<p style=\"text-align: justify;\"><span style=\"color: #000000;\">Novit\u00e0 anche per il&nbsp;<b>Trentino-Alto Adige<\/b>, meta di numerosi turisti soprattutto nel periodo natalizio per i rinomati mercatini e le localit\u00e0 sciistiche. Passano infatti&nbsp;<b>da 2 a 4 i collegamenti<\/b>&nbsp;<b>quotidiani<\/b>&nbsp;con le citt\u00e0 di&nbsp;<b>Bolzano<\/b>,&nbsp;<b>Trento<\/b>&nbsp;e&nbsp;<b>Rovereto<\/b>&nbsp;con&nbsp;<b>Roma<\/b>, di cui 3 prolungati su&nbsp;<b>Napoli<\/b>&nbsp;e 1 su&nbsp;<b>Salerno<\/b>. Dal&nbsp;<b>9 dicembre<\/b>&nbsp;infatti, con l\u2019entrata in vigore del nuovo orario, ci sar\u00e0 un nuovo servizio in partenza alle 12:41 da&nbsp;<b>Bolzano<\/b>&nbsp;con arrivo alle 17:25 a&nbsp;<b>Roma Termini<\/b>, alle 18:50 a&nbsp;<b>Napoli Centrale<\/b>&nbsp;e alle 20 a&nbsp;<b>Salerno<\/b>. Per chi invece vuole raggiungere&nbsp;<b>Bolzano&nbsp;<\/b>a disposizione il nuovo treno delle 5:50 da&nbsp;<b>Napoli<\/b>, 7:15 da&nbsp;<b>Roma Termini<\/b>, che arriva a&nbsp;<b>Bolzano&nbsp;<\/b>alle 12, e quello delle 14:55 da&nbsp;<b>Napoli Centrale<\/b>, partenza da&nbsp;<b>Roma Termini&nbsp;<\/b>alle 16:15, e arrivo a&nbsp;<b>Bolzano&nbsp;<\/b>alle 21.<\/span><\/p>\n<p style=\"text-align: justify;\"><span style=\"color: #000000;\">Il Trentino-Alto Adige, e&nbsp;<b>Bolzano<\/b>&nbsp;nello specifico, per\u00f2 non saranno solo sinonimo di treno:&nbsp;<b>Italo&nbsp;<\/b>rilancia il servizio intermodale&nbsp;<b>Italobus<\/b>, trasporto integrato treno-bus con un unico biglietto, per&nbsp;<b>Canazei<\/b>&nbsp;e la&nbsp;<b>Val Gardena.&nbsp;<\/b>Dal&nbsp;<b>13 dicembre<\/b>, per tutta la stagione invernale, raggiungere le pi\u00f9 rinomate localit\u00e0 sciistiche sar\u00e0 pi\u00f9 semplice grazie a&nbsp;<b>2 servizi al giorno<\/b>&nbsp;<b>Italobus<\/b>&nbsp;che collegheranno la stazione di&nbsp;<b>Bolzano<\/b>&nbsp;alle localit\u00e0 di&nbsp;<b>Ortisei<\/b>,&nbsp;<b>Santa Cristina Val Gardena<\/b>,&nbsp;<b>Selva di Val Gardena<\/b>,&nbsp;<b>Plan de Gralba&nbsp;<\/b>e&nbsp;<b>Canazei<\/b>!<\/span><\/p>\n<p style=\"text-align: justify;\"><span style=\"color: #000000;\">Novit\u00e0&nbsp;<b>Italobus<\/b>&nbsp;non solo per il Trentino-Alto Adige per\u00f2: dal&nbsp;<b>9 dicembre<\/b>&nbsp;confermati i 4 servizi fra la stazione di&nbsp;<b>Napoli Afragola<\/b>,&nbsp;<b>Pompei&nbsp;<\/b>e&nbsp;<b>Sorrento&nbsp;<\/b>con&nbsp;<b>2 viaggi al giorno<\/b>&nbsp;che serviranno anche<b>&nbsp;Ercolano<\/b>&nbsp;e confermata la linea&nbsp;<b>Mestre-Cortina&nbsp;<\/b>con 8 fermate intermedie (gi\u00e0 attivo dalla scorsa estate). I&nbsp;<b>4 servizi al giorno<\/b>&nbsp;su&nbsp;<b>Cosenza&nbsp;<\/b>(collegata alla stazione di Salerno)<\/span>,<span style=\"color: #000000;\">&nbsp;per soddisfare la grande richiesta dei viaggiatori in vista delle prossime festivit\u00e0 natalizie, saranno effettuati con autobus di maggiore capienza e comfort. A testimoniare il successo dell\u2019intermodalit\u00e0 di&nbsp;<b>Italo&nbsp;<\/b>basti pensare che ad oggi sono&nbsp;<b>28 le localit\u00e0 servite<\/b>, quasi il 50% in pi\u00f9 rispetto all\u2019inizio del 2017, e&nbsp;<b>40 i collegamenti giornalieri<\/b>, cresciuti di circa il 20% rispetto al 2017.<\/span><\/p>\n<p style=\"text-align: justify;\"><span style=\"color: #000000;\"><b>Italo&nbsp;<\/b>inoltre non perde mai occasione per supportare i grandi eventi e anche per questo inverno sta attivando le fermate straordinarie a&nbsp;<b>Milano Rho Fiera<\/b>&nbsp;per portare i suoi viaggiatori direttamente nel cuore del polo fieristico, senza bisogno di fare cambi, con&nbsp;<b>22 collegamenti giornalieri connettendo<\/b>&nbsp;<b>Milano Rho Fiera&nbsp;<\/b>a&nbsp;<b>Torino, Reggio Emilia, Bologna, Firenze, Roma, Napoli, Salerno, Brescia, Desenzano, Peschiera, Verona, Vicenza, Padova, Mestre e Venezia<\/b>. Dopo l\u2019EICMA di novembre il prossimo appuntamento sar\u00e0&nbsp;<i>L\u2019Artigiano in Fiera&nbsp;<\/i>in programma ad inizio dicembre. Tutti coloro che vorranno raggiungere l\u2019appuntamento con&nbsp;<b>Italo<\/b>&nbsp;avranno a disposizione uno sconto ad hoc, disponibile accedendo dalla sezione \u201ccome arrivare\u201d su artigianoinfiera.it<\/span><\/p>\n<p style=\"text-align: justify;\"><b><span style=\"color: #000000;\">Italo&nbsp;<\/span><\/b><span style=\"color: #000000;\">pensa alle esigenze dei propri viaggiatori a 360\u00b0, ampliando sempre pi\u00f9 l\u2019offerta dei servizi complementari: l\u2019ultimo in ordine di arrivo \u00e8&nbsp;<b>Italo<i>taste<\/i><\/b>, il servizio di ristorazione che va ad aggiungersi al servizio gratuito di benvenuto, servito direttamente al posto che d\u00e0 la possibilit\u00e0 di acquistare il proprio pasto in ambiente&nbsp;<b>Prima<\/b>,&nbsp;<b>Comfort&nbsp;<\/b>e<b>&nbsp;Smart<\/b>. In questo modo i viaggiatori possono ottimizzare i tempi di viaggio, mangiando a bordo treno per arrivare a destinazione ed essere subito operativi<\/span><span style=\"color: #000000;\">.<b><\/b><\/span><\/p>\n<p style=\"text-align: justify;\"><span style=\"color: #000000;\">Per i viaggiatori&nbsp;<i>corporate&nbsp;<\/i>pi\u00f9 affezionati nasce la nuova carta&nbsp;<b>Italo Pi\u00f9 Corporate Privilege<\/b>&nbsp;che consente di accumulare punti fedelt\u00e0, sconti sui biglietti, promozioni ad hoc, accesso alle esclusive sale&nbsp;<b>Lounge Italo Club<\/b>&nbsp;con un biglietto di qualsiasi ambiente di viaggio compreso un accompagnatore e diversi upgrade di ambiente.<\/span><\/p>\n","protected":false},"excerpt":{"rendered":"<p>Al via la nuova stagione invernale targata&nbsp;Italo.&nbsp;Grazie all\u2019aumento della flotta consolidatosi nel 2018 con l\u2019ingresso di&nbsp;12 treni Italo EVO&nbsp;e in attesa di&nbsp;altri 10&nbsp;di questi treni che entreranno in servizio fra il 2019 e l\u2019inizio del 2020, l\u2019offerta continua a crescere, arrivando a ben&nbsp;92 servizi al giorno&nbsp;dai primi mesi del 2019 con una&nbsp;crescita dell\u2019offerta di circa il 65% rispetto al 2017.&nbsp;&nbsp;Cresceranno i servizi&nbsp;no stop&nbsp;fra&nbsp;Roma&nbsp;e&nbsp;Milano,&nbsp;20 al giorno, con una nuova partenza da&nbsp;Roma\u2026<\/p>\n<p class=\"continue-reading-button\"> <a class=\"continue-reading-link\" href=\"https:\/\/www.ilmondodeitreni.it\/blog\/?p=8208\">Continua la lettura<i class=\"crycon-right-dir\"><\/i><\/a><\/p>\n","protected":false},"author":6,"featured_media":0,"comment_status":"open","ping_status":"open","sticky":false,"template":"","format":"standard","meta":{"footnotes":""},"categories":[2],"tags":[163,67,5058,5,61,166,2540,4998,2259,5057,134,38,455,5059,274,9,196,871,1867],"class_list":["post-8208","post","type-post","status-publish","format-standard","hentry","category-news","tag-bologna","tag-brescia","tag-desenzano","tag-ferrovie","tag-firenze","tag-italo","tag-italobus","tag-italotaste","tag-mestre","tag-milano-rho-fiera-a-torino","tag-napoli","tag-ntv","tag-padova","tag-peschiera","tag-reggio-emilia","tag-roma","tag-salerno","tag-verona","tag-vicenza"],"_links":{"self":[{"href":"https:\/\/www.ilmondodeitreni.it\/blog\/index.php?rest_route=\/wp\/v2\/posts\/8208","targetHints":{"allow":["GET"]}}],"collection":[{"href":"https:\/\/www.ilmondodeitreni.it\/blog\/index.php?rest_route=\/wp\/v2\/posts"}],"about":[{"href":"https:\/\/www.ilmondodeitreni.it\/blog\/index.php?rest_route=\/wp\/v2\/types\/post"}],"author":[{"embeddable":true,"href":"https:\/\/www.ilmondodeitreni.it\/blog\/index.php?rest_route=\/wp\/v2\/users\/6"}],"replies":[{"embeddable":true,"href":"https:\/\/www.ilmondodeitreni.it\/blog\/index.php?rest_route=%2Fwp%2Fv2%2Fcomments&post=8208"}],"version-history":[{"count":1,"href":"https:\/\/www.ilmondodeitreni.it\/blog\/index.php?rest_route=\/wp\/v2\/posts\/8208\/revisions"}],"predecessor-version":[{"id":8209,"href":"https:\/\/www.ilmondodeitreni.it\/blog\/index.php?rest_route=\/wp\/v2\/posts\/8208\/revisions\/8209"}],"wp:attachment":[{"href":"https:\/\/www.ilmondodeitreni.it\/blog\/index.php?rest_route=%2Fwp%2Fv2%2Fmedia&parent=8208"}],"wp:term":[{"taxonomy":"category","embeddable":true,"href":"https:\/\/www.ilmondodeitreni.it\/blog\/index.php?rest_route=%2Fwp%2Fv2%2Fcategories&post=8208"},{"taxonomy":"post_tag","embeddable":true,"href":"https:\/\/www.ilmondodeitreni.it\/blog\/index.php?rest_route=%2Fwp%2Fv2%2Ftags&post=8208"}],"curies":[{"name":"wp","href":"https:\/\/api.w.org\/{rel}","templated":true}]}}