{"id":8127,"date":"2018-11-10T03:20:39","date_gmt":"2018-11-10T02:20:39","guid":{"rendered":"http:\/\/www.ilmondodeitreni.it\/blog\/?p=8127"},"modified":"2018-11-09T23:31:14","modified_gmt":"2018-11-09T22:31:14","slug":"funivie-renon-s-genesio-mendola-chiuse-per-revisione-e-manutenzione","status":"publish","type":"post","link":"https:\/\/www.ilmondodeitreni.it\/blog\/?p=8127","title":{"rendered":"Funivie Renon, S.Genesio, Mendola: chiuse per revisione e manutenzione"},"content":{"rendered":"<p style=\"text-align: justify;\"><a href=\"http:\/\/www.ilmondodeitreni.it\/blog\/wp-content\/uploads\/2018\/11\/1014241__funivia.jpg\"><img loading=\"lazy\" decoding=\"async\" class=\"alignleft size-thumbnail wp-image-8128\" src=\"http:\/\/www.ilmondodeitreni.it\/blog\/wp-content\/uploads\/2018\/11\/1014241__funivia-160x107.jpg\" alt=\"\" width=\"160\" height=\"107\" srcset=\"https:\/\/www.ilmondodeitreni.it\/blog\/wp-content\/uploads\/2018\/11\/1014241__funivia-160x107.jpg 160w, https:\/\/www.ilmondodeitreni.it\/blog\/wp-content\/uploads\/2018\/11\/1014241__funivia-640x426.jpg 640w, https:\/\/www.ilmondodeitreni.it\/blog\/wp-content\/uploads\/2018\/11\/1014241__funivia-768x512.jpg 768w, https:\/\/www.ilmondodeitreni.it\/blog\/wp-content\/uploads\/2018\/11\/1014241__funivia-225x150.jpg 225w, https:\/\/www.ilmondodeitreni.it\/blog\/wp-content\/uploads\/2018\/11\/1014241__funivia-150x100.jpg 150w, https:\/\/www.ilmondodeitreni.it\/blog\/wp-content\/uploads\/2018\/11\/1014241__funivia.jpg 800w\" sizes=\"auto, (max-width: 160px) 100vw, 160px\" \/><\/a>Chiusure in Provincia di Bolzano per tre funivie,&nbsp;Renon, S.Genesio e Mendola per lavori di manutenzione e revisione.&nbsp; I servizi della&nbsp;<strong>funivia del Renon<\/strong>&nbsp;rimangono sospesi da luned\u00ec, 12 novembre fino a tutto venerd\u00ec, 23 novembre 2018 . Sar\u00e0 istituito un servizio sostitutivo con autobus, che effettua anche tutte le fermate SAD lungo il percorso tra Soprabolzano e Bolzano.&nbsp;<strong>Partenze del servizio sostitutivo da Soprabolzano:<\/strong>&nbsp;ore 6.45 (giorni feriali), ore 7.00 (nei giorni scolastici) ore 7.21, poi ogni ora tre le ore 8.04 e 19.04; ultima partenza alle ore 21.20.&nbsp;<strong>Partenze del servizio sostitutivo da Bolzano\/autostazione<\/strong>: ore 6.40 (giorni feriali), poi ogni ora tra le ore 7.23 e 19.23; ultima corsa alle ore 20.32.<\/p>\n<p style=\"text-align: justify;\">Attenzione: le corse con partenza alle ore 11.04 a Soprabolzano e alle ore 10.23 a Bolzano vengono effettuate soltanto nei giorni feriali.&nbsp;<\/p>\n<p style=\"text-align: justify;\">Il servizio del&nbsp;<strong>treno del Renon<\/strong>&nbsp;sar\u00e0 ridotto durante il periodo di chiusura della funivia.<\/p>\n<p style=\"text-align: justify;\">La&nbsp;<strong>funivia di San Genesio<\/strong>&nbsp;rimane chiusa nel periodo tra luned\u00ec, 19 novembre fino a venerd\u00ec, 7 dicembre. Non verr\u00e0 effettuato un servizio autobus sostitutivo. I collegamenti autobus della linea 156 tra S. Genesio e Bolzano rimangono invariati.<\/p>\n<p style=\"text-align: justify;\">Il servizio della&nbsp;<strong>funicolare della Mendola&nbsp;<\/strong>rimane sospeso fino a domenica, 16 dicembre. In tale periodo, nei giorni feriali escluso sabato, verr\u00e0 effettuato un servizio autobus sostitutivo per i pendolari con i seguenti orari: Passo Mendola: ore 6.50, Caldaro Rottenburg: ore 17.40.<\/p>\n<ul class=\"download-list\">\n<li class=\"pdf\"><a href=\"http:\/\/www.provincia.bz.it\/news\/it\/news.asp?news_action=300&amp;news_image_id=1014244\">Funicolare della Mendola &#8211; servizio sostitutivo [PDF 303&nbsp;KB]<\/a><\/li>\n<li class=\"pdf\"><a href=\"http:\/\/www.provincia.bz.it\/news\/it\/news.asp?news_action=300&amp;news_image_id=1014245\">Orari trenino Renon [PDF 199&nbsp;KB]<\/a><\/li>\n<li class=\"pdf\"><a href=\"http:\/\/www.provincia.bz.it\/news\/it\/news.asp?news_action=300&amp;news_image_id=1014246\">Funivia Renon &#8211; servizio sostitutivo [PDF 206&nbsp;KB]<\/a><\/li>\n<\/ul>\n","protected":false},"excerpt":{"rendered":"<p>Chiusure in Provincia di Bolzano per tre funivie,&nbsp;Renon, S.Genesio e Mendola per lavori di manutenzione e revisione.&nbsp; I servizi della&nbsp;funivia del Renon&nbsp;rimangono sospesi da luned\u00ec, 12 novembre fino a tutto venerd\u00ec, 23 novembre 2018 . Sar\u00e0 istituito un servizio sostitutivo con autobus, che effettua anche tutte le fermate SAD lungo il percorso tra Soprabolzano e Bolzano.&nbsp;Partenze del servizio sostitutivo da Soprabolzano:&nbsp;ore 6.45 (giorni feriali), ore 7.00 (nei giorni scolastici) ore\u2026<\/p>\n<p class=\"continue-reading-button\"> <a class=\"continue-reading-link\" href=\"https:\/\/www.ilmondodeitreni.it\/blog\/?p=8127\">Continua la lettura<i class=\"crycon-right-dir\"><\/i><\/a><\/p>\n","protected":false},"author":5,"featured_media":0,"comment_status":"open","ping_status":"open","sticky":false,"template":"","format":"standard","meta":{"footnotes":""},"categories":[2],"tags":[4954,4952,4953,4816,3025,29],"class_list":["post-8127","post","type-post","status-publish","format-standard","hentry","category-news","tag-funivia-di-san-genesio","tag-funivie","tag-mendola","tag-provincia-di-bolzano","tag-renon","tag-trasporti"],"_links":{"self":[{"href":"https:\/\/www.ilmondodeitreni.it\/blog\/index.php?rest_route=\/wp\/v2\/posts\/8127","targetHints":{"allow":["GET"]}}],"collection":[{"href":"https:\/\/www.ilmondodeitreni.it\/blog\/index.php?rest_route=\/wp\/v2\/posts"}],"about":[{"href":"https:\/\/www.ilmondodeitreni.it\/blog\/index.php?rest_route=\/wp\/v2\/types\/post"}],"author":[{"embeddable":true,"href":"https:\/\/www.ilmondodeitreni.it\/blog\/index.php?rest_route=\/wp\/v2\/users\/5"}],"replies":[{"embeddable":true,"href":"https:\/\/www.ilmondodeitreni.it\/blog\/index.php?rest_route=%2Fwp%2Fv2%2Fcomments&post=8127"}],"version-history":[{"count":1,"href":"https:\/\/www.ilmondodeitreni.it\/blog\/index.php?rest_route=\/wp\/v2\/posts\/8127\/revisions"}],"predecessor-version":[{"id":8129,"href":"https:\/\/www.ilmondodeitreni.it\/blog\/index.php?rest_route=\/wp\/v2\/posts\/8127\/revisions\/8129"}],"wp:attachment":[{"href":"https:\/\/www.ilmondodeitreni.it\/blog\/index.php?rest_route=%2Fwp%2Fv2%2Fmedia&parent=8127"}],"wp:term":[{"taxonomy":"category","embeddable":true,"href":"https:\/\/www.ilmondodeitreni.it\/blog\/index.php?rest_route=%2Fwp%2Fv2%2Fcategories&post=8127"},{"taxonomy":"post_tag","embeddable":true,"href":"https:\/\/www.ilmondodeitreni.it\/blog\/index.php?rest_route=%2Fwp%2Fv2%2Ftags&post=8127"}],"curies":[{"name":"wp","href":"https:\/\/api.w.org\/{rel}","templated":true}]}}