{"id":8098,"date":"2018-11-06T22:47:44","date_gmt":"2018-11-06T21:47:44","guid":{"rendered":"http:\/\/www.ilmondodeitreni.it\/blog\/?p=8098"},"modified":"2018-11-06T22:47:44","modified_gmt":"2018-11-06T21:47:44","slug":"napoli-chiusura-funicolare-di-mergellina","status":"publish","type":"post","link":"https:\/\/www.ilmondodeitreni.it\/blog\/?p=8098","title":{"rendered":"Napoli, chiusura funicolare di Mergellina"},"content":{"rendered":"<p style=\"text-align: justify;\"><a href=\"http:\/\/www.ilmondodeitreni.it\/blog\/wp-content\/uploads\/2018\/11\/B707_C40garibaldi.jpg\"><img loading=\"lazy\" decoding=\"async\" class=\"alignleft wp-image-8099 size-thumbnail\" src=\"http:\/\/www.ilmondodeitreni.it\/blog\/wp-content\/uploads\/2018\/11\/B707_C40garibaldi-160x120.jpg\" alt=\"\" width=\"160\" height=\"120\" srcset=\"https:\/\/www.ilmondodeitreni.it\/blog\/wp-content\/uploads\/2018\/11\/B707_C40garibaldi-160x120.jpg 160w, https:\/\/www.ilmondodeitreni.it\/blog\/wp-content\/uploads\/2018\/11\/B707_C40garibaldi-200x150.jpg 200w, https:\/\/www.ilmondodeitreni.it\/blog\/wp-content\/uploads\/2018\/11\/B707_C40garibaldi.jpg 640w, https:\/\/www.ilmondodeitreni.it\/blog\/wp-content\/uploads\/2018\/11\/B707_C40garibaldi-150x113.jpg 150w\" sizes=\"auto, (max-width: 160px) 100vw, 160px\" \/><\/a>A partire dal 2\/11&nbsp;per disposizione della Protezione Civile, causa alberi di pino pericolanti all&#8217;altezza del civico 136 di via Orazio, la Funicolare di Mergellina \u00e8 temporaneamente chiusa fino a nuovo avviso. Anm informa che \u00e8 stato attivato il servizio sostitutivo bus Linea 621 a copertura della tratta servita dalla funicolare di Mergellina. Dal giorno 6\/11,causa albero pericolante in Via Manzoni, la Protezione Civile ha disposto l&#8217;interruzione della viabilit\u00e1 sulla zona. Pertanto la Linea 621 (sostitutiva della funicolare di Mergellina)&nbsp;\u00e8 temporaneamente sospesa fino al termine delle necessarie verifiche di stabilit\u00e0 che saranno effettuate dalle autorit\u00e0 preposte.&nbsp;<\/p>\n","protected":false},"excerpt":{"rendered":"<p>A partire dal 2\/11&nbsp;per disposizione della Protezione Civile, causa alberi di pino pericolanti all&#8217;altezza del civico 136 di via Orazio, la Funicolare di Mergellina \u00e8 temporaneamente chiusa fino a nuovo avviso. Anm informa che \u00e8 stato attivato il servizio sostitutivo bus Linea 621 a copertura della tratta servita dalla funicolare di Mergellina. Dal giorno 6\/11,causa albero pericolante in Via Manzoni, la Protezione Civile ha disposto l&#8217;interruzione della viabilit\u00e1 sulla zona.\u2026<\/p>\n<p class=\"continue-reading-button\"> <a class=\"continue-reading-link\" href=\"https:\/\/www.ilmondodeitreni.it\/blog\/?p=8098\">Continua la lettura<i class=\"crycon-right-dir\"><\/i><\/a><\/p>\n","protected":false},"author":10,"featured_media":0,"comment_status":"open","ping_status":"open","sticky":false,"template":"","format":"standard","meta":{"footnotes":""},"categories":[2],"tags":[135,4919,134],"class_list":["post-8098","post","type-post","status-publish","format-standard","hentry","category-news","tag-anm","tag-funicolare-di-mergellina","tag-napoli"],"_links":{"self":[{"href":"https:\/\/www.ilmondodeitreni.it\/blog\/index.php?rest_route=\/wp\/v2\/posts\/8098","targetHints":{"allow":["GET"]}}],"collection":[{"href":"https:\/\/www.ilmondodeitreni.it\/blog\/index.php?rest_route=\/wp\/v2\/posts"}],"about":[{"href":"https:\/\/www.ilmondodeitreni.it\/blog\/index.php?rest_route=\/wp\/v2\/types\/post"}],"author":[{"embeddable":true,"href":"https:\/\/www.ilmondodeitreni.it\/blog\/index.php?rest_route=\/wp\/v2\/users\/10"}],"replies":[{"embeddable":true,"href":"https:\/\/www.ilmondodeitreni.it\/blog\/index.php?rest_route=%2Fwp%2Fv2%2Fcomments&post=8098"}],"version-history":[{"count":1,"href":"https:\/\/www.ilmondodeitreni.it\/blog\/index.php?rest_route=\/wp\/v2\/posts\/8098\/revisions"}],"predecessor-version":[{"id":8100,"href":"https:\/\/www.ilmondodeitreni.it\/blog\/index.php?rest_route=\/wp\/v2\/posts\/8098\/revisions\/8100"}],"wp:attachment":[{"href":"https:\/\/www.ilmondodeitreni.it\/blog\/index.php?rest_route=%2Fwp%2Fv2%2Fmedia&parent=8098"}],"wp:term":[{"taxonomy":"category","embeddable":true,"href":"https:\/\/www.ilmondodeitreni.it\/blog\/index.php?rest_route=%2Fwp%2Fv2%2Fcategories&post=8098"},{"taxonomy":"post_tag","embeddable":true,"href":"https:\/\/www.ilmondodeitreni.it\/blog\/index.php?rest_route=%2Fwp%2Fv2%2Ftags&post=8098"}],"curies":[{"name":"wp","href":"https:\/\/api.w.org\/{rel}","templated":true}]}}