{"id":8085,"date":"2018-11-05T22:27:21","date_gmt":"2018-11-05T21:27:21","guid":{"rendered":"http:\/\/www.ilmondodeitreni.it\/blog\/?p=8085"},"modified":"2018-11-05T22:27:21","modified_gmt":"2018-11-05T21:27:21","slug":"ferrovia-trento-male-mezzana-finita-lemergenza","status":"publish","type":"post","link":"https:\/\/www.ilmondodeitreni.it\/blog\/?p=8085","title":{"rendered":"Ferrovia Trento &#8211; Mal\u00e8 &#8211; Mezzana, finita l&#8217;emergenza"},"content":{"rendered":"<p style=\"text-align: justify;\"><a href=\"http:\/\/www.ilmondodeitreni.it\/blog\/wp-content\/uploads\/2018\/11\/ETi410_marilleva.jpg\"><img loading=\"lazy\" decoding=\"async\" class=\"alignleft size-thumbnail wp-image-8086\" src=\"http:\/\/www.ilmondodeitreni.it\/blog\/wp-content\/uploads\/2018\/11\/ETi410_marilleva-160x120.jpg\" alt=\"\" width=\"160\" height=\"120\" srcset=\"https:\/\/www.ilmondodeitreni.it\/blog\/wp-content\/uploads\/2018\/11\/ETi410_marilleva-160x120.jpg 160w, https:\/\/www.ilmondodeitreni.it\/blog\/wp-content\/uploads\/2018\/11\/ETi410_marilleva-200x150.jpg 200w, https:\/\/www.ilmondodeitreni.it\/blog\/wp-content\/uploads\/2018\/11\/ETi410_marilleva.jpg 640w, https:\/\/www.ilmondodeitreni.it\/blog\/wp-content\/uploads\/2018\/11\/ETi410_marilleva-150x113.jpg 150w\" sizes=\"auto, (max-width: 160px) 100vw, 160px\" \/><\/a>Sulla Ferrovia Trento &#8211; Mal\u00e8 &#8211; Mezzana, \u00e8 finita l&#8217;emergenza dovuta al maltempo che aveva provocato l&#8217;interruzione della circolazione ferroviaria. Terminati infatti gli urgenti lavori di ripristino della linea, oggi luned\u00ec 5 novembre 2018 \u00e8 ripreso il normale e regolare servizio ferroviario con le seguenti modalit\u00e0:&nbsp;<\/p>\n<ul>\n<li style=\"text-align: justify;\">da Trento, con il treno 18 in partenza alle ore 12.43;<\/li>\n<li style=\"text-align: justify;\">da Mezzana, con il treno 17 in partenza alle ore 11.36;<\/li>\n<li style=\"text-align: justify;\">treno 32, effettuato sull&#8217;intera tratta.<\/li>\n<\/ul>\n<p style=\"text-align: justify;\">Rimangono ancora in vigore le seguenti modifiche:<\/p>\n<ul style=\"text-align: justify;\">\n<li>treno 44, soppresso nella tratta Cles \u2013 Mal\u00e8 e non sostituito con autobus; da Cles gli utenti diretti a Mal\u00e8 proseguiranno con il treno 20;<\/li>\n<li>treno 308, soppresso da Trento a Mezzolombardo e non sostituito con autobus; i clienti potranno prendere il treno 16;<\/li>\n<li>treno 25, soppresso da Mal\u00e9 a Trento e non sostituito con autobus; i clienti potranno prendere il treno 27.<\/li>\n<\/ul>\n<p style=\"text-align: justify;\">\nTrentino Trasporti invita i Clienti a prendere visione di questa comunicazione, disponibile presso stazioni, fermate e sul sito&nbsp;<a href=\"http:\/\/www.ttesercizio.it\">www.ttesercizio.it<\/a><\/p>\n","protected":false},"excerpt":{"rendered":"<p>Sulla Ferrovia Trento &#8211; Mal\u00e8 &#8211; Mezzana, \u00e8 finita l&#8217;emergenza dovuta al maltempo che aveva provocato l&#8217;interruzione della circolazione ferroviaria. Terminati infatti gli urgenti lavori di ripristino della linea, oggi luned\u00ec 5 novembre 2018 \u00e8 ripreso il normale e regolare servizio ferroviario con le seguenti modalit\u00e0:&nbsp; da Trento, con il treno 18 in partenza alle ore 12.43; da Mezzana, con il treno 17 in partenza alle ore 11.36; treno 32,\u2026<\/p>\n<p class=\"continue-reading-button\"> <a class=\"continue-reading-link\" href=\"https:\/\/www.ilmondodeitreni.it\/blog\/?p=8085\">Continua la lettura<i class=\"crycon-right-dir\"><\/i><\/a><\/p>\n","protected":false},"author":10,"featured_media":0,"comment_status":"open","ping_status":"open","sticky":false,"template":"","format":"standard","meta":{"footnotes":""},"categories":[2],"tags":[1100,4910,87,4911],"class_list":["post-8085","post","type-post","status-publish","format-standard","hentry","category-news","tag-ferrovia","tag-ferrovia-trento-male-mezzana","tag-maltempo","tag-trentino-trasporti"],"_links":{"self":[{"href":"https:\/\/www.ilmondodeitreni.it\/blog\/index.php?rest_route=\/wp\/v2\/posts\/8085","targetHints":{"allow":["GET"]}}],"collection":[{"href":"https:\/\/www.ilmondodeitreni.it\/blog\/index.php?rest_route=\/wp\/v2\/posts"}],"about":[{"href":"https:\/\/www.ilmondodeitreni.it\/blog\/index.php?rest_route=\/wp\/v2\/types\/post"}],"author":[{"embeddable":true,"href":"https:\/\/www.ilmondodeitreni.it\/blog\/index.php?rest_route=\/wp\/v2\/users\/10"}],"replies":[{"embeddable":true,"href":"https:\/\/www.ilmondodeitreni.it\/blog\/index.php?rest_route=%2Fwp%2Fv2%2Fcomments&post=8085"}],"version-history":[{"count":1,"href":"https:\/\/www.ilmondodeitreni.it\/blog\/index.php?rest_route=\/wp\/v2\/posts\/8085\/revisions"}],"predecessor-version":[{"id":8087,"href":"https:\/\/www.ilmondodeitreni.it\/blog\/index.php?rest_route=\/wp\/v2\/posts\/8085\/revisions\/8087"}],"wp:attachment":[{"href":"https:\/\/www.ilmondodeitreni.it\/blog\/index.php?rest_route=%2Fwp%2Fv2%2Fmedia&parent=8085"}],"wp:term":[{"taxonomy":"category","embeddable":true,"href":"https:\/\/www.ilmondodeitreni.it\/blog\/index.php?rest_route=%2Fwp%2Fv2%2Fcategories&post=8085"},{"taxonomy":"post_tag","embeddable":true,"href":"https:\/\/www.ilmondodeitreni.it\/blog\/index.php?rest_route=%2Fwp%2Fv2%2Ftags&post=8085"}],"curies":[{"name":"wp","href":"https:\/\/api.w.org\/{rel}","templated":true}]}}