{"id":8073,"date":"2018-11-03T01:27:03","date_gmt":"2018-11-03T00:27:03","guid":{"rendered":"http:\/\/www.ilmondodeitreni.it\/blog\/?p=8073"},"modified":"2018-11-02T23:30:48","modified_gmt":"2018-11-02T22:30:48","slug":"ferrovia-della-venosta-prolungata-la-chiusura","status":"publish","type":"post","link":"https:\/\/www.ilmondodeitreni.it\/blog\/?p=8073","title":{"rendered":"Ferrovia della Venosta, prolungata la chiusura"},"content":{"rendered":"<p style=\"text-align: justify;\"><a href=\"http:\/\/www.ilmondodeitreni.it\/blog\/wp-content\/uploads\/2018\/11\/1014033__noname.jpg\"><img loading=\"lazy\" decoding=\"async\" class=\"alignleft size-thumbnail wp-image-8074\" src=\"http:\/\/www.ilmondodeitreni.it\/blog\/wp-content\/uploads\/2018\/11\/1014033__noname-160x119.jpg\" alt=\"\" width=\"160\" height=\"119\" srcset=\"https:\/\/www.ilmondodeitreni.it\/blog\/wp-content\/uploads\/2018\/11\/1014033__noname-160x119.jpg 160w, https:\/\/www.ilmondodeitreni.it\/blog\/wp-content\/uploads\/2018\/11\/1014033__noname-640x475.jpg 640w, https:\/\/www.ilmondodeitreni.it\/blog\/wp-content\/uploads\/2018\/11\/1014033__noname-768x570.jpg 768w, https:\/\/www.ilmondodeitreni.it\/blog\/wp-content\/uploads\/2018\/11\/1014033__noname-202x150.jpg 202w, https:\/\/www.ilmondodeitreni.it\/blog\/wp-content\/uploads\/2018\/11\/1014033__noname-150x111.jpg 150w, https:\/\/www.ilmondodeitreni.it\/blog\/wp-content\/uploads\/2018\/11\/1014033__noname.jpg 800w\" sizes=\"auto, (max-width: 160px) 100vw, 160px\" \/><\/a>Proseguono a ritmo serrato i lavori delle squadre di operai lungo la linea ferroviaria della&nbsp;<strong>Val Venosta<\/strong>, dove sono attualmente in corso interventi per rimuovere gli alberi caduti sui binari sul tratto fra&nbsp;<strong>Laces<\/strong>&nbsp;e&nbsp;<strong>Castelbello<\/strong>&nbsp;a causa del maltempo dei giorni scorsi. Per consentire il completamento dei lavori, anche nei prossimi giorni la linea rimarr\u00e0 chiusa nel tratto&nbsp;<strong>Naturno-Laces<\/strong>. La linea riaprir\u00e0 non appena l&#8217;intervento di sistemazione sar\u00e0 completato. Fino a quel momento la circolazione avverr\u00e0 comunque in modo regolare fra Malles e Laces e fra Naturno e Merano. Nel tratto dove la circolazione \u00e8 invece bloccata \u00e8 stato istituito un servizio di&nbsp;<strong>autobus sostitutivi<\/strong>. I bus con partenza dalla stazione di Naturno viaggeranno fino alla stazione di Malles e serviranno tutte le fermate previste sulla tratta ferroviaria. I bus sostitutivi con partenza dalla stazione di Laces viaggeranno fino alla stazione di Merano, servendo tutte le fermate previste sulla tratta ferroviaria tranne Marlengo.<\/p>\n<p style=\"text-align: justify;\">Un servizio bus sostituir\u00e0 anche il primo treno con partenza da Malles alle 5.20 del mattino (Treno 100) e l&#8217;ultimo numero con partenza da Merano alle 22.50 (Treno 137) sull&#8217;intera linea. Le coincidenze con i treni della linea Bolzano-Merano non potranno essere garantite.<\/p>\n","protected":false},"excerpt":{"rendered":"<p>Proseguono a ritmo serrato i lavori delle squadre di operai lungo la linea ferroviaria della&nbsp;Val Venosta, dove sono attualmente in corso interventi per rimuovere gli alberi caduti sui binari sul tratto fra&nbsp;Laces&nbsp;e&nbsp;Castelbello&nbsp;a causa del maltempo dei giorni scorsi. Per consentire il completamento dei lavori, anche nei prossimi giorni la linea rimarr\u00e0 chiusa nel tratto&nbsp;Naturno-Laces. La linea riaprir\u00e0 non appena l&#8217;intervento di sistemazione sar\u00e0 completato. Fino a quel momento la circolazione\u2026<\/p>\n<p class=\"continue-reading-button\"> <a class=\"continue-reading-link\" href=\"https:\/\/www.ilmondodeitreni.it\/blog\/?p=8073\">Continua la lettura<i class=\"crycon-right-dir\"><\/i><\/a><\/p>\n","protected":false},"author":5,"featured_media":0,"comment_status":"open","ping_status":"open","sticky":false,"template":"","format":"standard","meta":{"footnotes":""},"categories":[2],"tags":[4904,5,87,4210],"class_list":["post-8073","post","type-post","status-publish","format-standard","hentry","category-news","tag-autobus-sostitutivi","tag-ferrovie","tag-maltempo","tag-val-venosta"],"_links":{"self":[{"href":"https:\/\/www.ilmondodeitreni.it\/blog\/index.php?rest_route=\/wp\/v2\/posts\/8073","targetHints":{"allow":["GET"]}}],"collection":[{"href":"https:\/\/www.ilmondodeitreni.it\/blog\/index.php?rest_route=\/wp\/v2\/posts"}],"about":[{"href":"https:\/\/www.ilmondodeitreni.it\/blog\/index.php?rest_route=\/wp\/v2\/types\/post"}],"author":[{"embeddable":true,"href":"https:\/\/www.ilmondodeitreni.it\/blog\/index.php?rest_route=\/wp\/v2\/users\/5"}],"replies":[{"embeddable":true,"href":"https:\/\/www.ilmondodeitreni.it\/blog\/index.php?rest_route=%2Fwp%2Fv2%2Fcomments&post=8073"}],"version-history":[{"count":1,"href":"https:\/\/www.ilmondodeitreni.it\/blog\/index.php?rest_route=\/wp\/v2\/posts\/8073\/revisions"}],"predecessor-version":[{"id":8075,"href":"https:\/\/www.ilmondodeitreni.it\/blog\/index.php?rest_route=\/wp\/v2\/posts\/8073\/revisions\/8075"}],"wp:attachment":[{"href":"https:\/\/www.ilmondodeitreni.it\/blog\/index.php?rest_route=%2Fwp%2Fv2%2Fmedia&parent=8073"}],"wp:term":[{"taxonomy":"category","embeddable":true,"href":"https:\/\/www.ilmondodeitreni.it\/blog\/index.php?rest_route=%2Fwp%2Fv2%2Fcategories&post=8073"},{"taxonomy":"post_tag","embeddable":true,"href":"https:\/\/www.ilmondodeitreni.it\/blog\/index.php?rest_route=%2Fwp%2Fv2%2Ftags&post=8073"}],"curies":[{"name":"wp","href":"https:\/\/api.w.org\/{rel}","templated":true}]}}