{"id":7978,"date":"2018-10-27T01:22:07","date_gmt":"2018-10-26T23:22:07","guid":{"rendered":"http:\/\/www.ilmondodeitreni.it\/blog\/?p=7978"},"modified":"2018-10-27T01:22:07","modified_gmt":"2018-10-26T23:22:07","slug":"ritorna-lora-solare","status":"publish","type":"post","link":"https:\/\/www.ilmondodeitreni.it\/blog\/?p=7978","title":{"rendered":"Ritorna l&#8217;ora solare"},"content":{"rendered":"<p style=\"text-align: justify;\"><a href=\"http:\/\/www.ilmondodeitreni.it\/blog\/wp-content\/uploads\/2018\/10\/FB_IMG_1540595520932.jpg\"><img loading=\"lazy\" decoding=\"async\" class=\"alignleft size-thumbnail wp-image-7979\" src=\"http:\/\/www.ilmondodeitreni.it\/blog\/wp-content\/uploads\/2018\/10\/FB_IMG_1540595520932-160x106.jpg\" alt=\"\" width=\"160\" height=\"106\" srcset=\"https:\/\/www.ilmondodeitreni.it\/blog\/wp-content\/uploads\/2018\/10\/FB_IMG_1540595520932-160x106.jpg 160w, https:\/\/www.ilmondodeitreni.it\/blog\/wp-content\/uploads\/2018\/10\/FB_IMG_1540595520932-640x425.jpg 640w, https:\/\/www.ilmondodeitreni.it\/blog\/wp-content\/uploads\/2018\/10\/FB_IMG_1540595520932-768x510.jpg 768w, https:\/\/www.ilmondodeitreni.it\/blog\/wp-content\/uploads\/2018\/10\/FB_IMG_1540595520932-1024x680.jpg 1024w, https:\/\/www.ilmondodeitreni.it\/blog\/wp-content\/uploads\/2018\/10\/FB_IMG_1540595520932.jpg 1084w\" sizes=\"auto, (max-width: 160px) 100vw, 160px\" \/><\/a>Per l&#8217;attenzione dei passeggeri che hanno pianificato di viaggiare nel prossimo weekend! Nella notte del&nbsp;28 ottobre, l&#8217;ora legale \u00e8 cancellata in Ucraina . Alle 4:00 GMT+2, l&#8217;orologio verr\u00e0 spostato un&#8217;ora indietro. Nei biglietti del treno, l&#8217;orario di partenza e di arrivo dei treni \u00e8 gi\u00e0 indicato tenendo conto di questa transizione.<br \/>\nUkrzaliznytsya ha gi\u00e0 adattato il programma dei treni passeggeri, suburbani e merci.<br \/>\nTutte le modifiche sono state apportate in anticipo e concordate con le amministrazioni dei paesi limitrofi. Per quanto attiene l&#8217;Italia,l&#8217;ora legale terminer\u00e0 alle ore 3 GMT+1<\/p>\n","protected":false},"excerpt":{"rendered":"<p>Per l&#8217;attenzione dei passeggeri che hanno pianificato di viaggiare nel prossimo weekend! Nella notte del&nbsp;28 ottobre, l&#8217;ora legale \u00e8 cancellata in Ucraina . Alle 4:00 GMT+2, l&#8217;orologio verr\u00e0 spostato un&#8217;ora indietro. Nei biglietti del treno, l&#8217;orario di partenza e di arrivo dei treni \u00e8 gi\u00e0 indicato tenendo conto di questa transizione. Ukrzaliznytsya ha gi\u00e0 adattato il programma dei treni passeggeri, suburbani e merci. Tutte le modifiche sono state apportate in\u2026<\/p>\n<p class=\"continue-reading-button\"> <a class=\"continue-reading-link\" href=\"https:\/\/www.ilmondodeitreni.it\/blog\/?p=7978\">Continua la lettura<i class=\"crycon-right-dir\"><\/i><\/a><\/p>\n","protected":false},"author":6,"featured_media":0,"comment_status":"closed","ping_status":"open","sticky":false,"template":"","format":"standard","meta":{"footnotes":""},"categories":[2],"tags":[5,4869,29,64],"class_list":["post-7978","post","type-post","status-publish","format-standard","hentry","category-news","tag-ferrovie","tag-ora-legale","tag-trasporti","tag-ukrzaliznytsya"],"_links":{"self":[{"href":"https:\/\/www.ilmondodeitreni.it\/blog\/index.php?rest_route=\/wp\/v2\/posts\/7978","targetHints":{"allow":["GET"]}}],"collection":[{"href":"https:\/\/www.ilmondodeitreni.it\/blog\/index.php?rest_route=\/wp\/v2\/posts"}],"about":[{"href":"https:\/\/www.ilmondodeitreni.it\/blog\/index.php?rest_route=\/wp\/v2\/types\/post"}],"author":[{"embeddable":true,"href":"https:\/\/www.ilmondodeitreni.it\/blog\/index.php?rest_route=\/wp\/v2\/users\/6"}],"replies":[{"embeddable":true,"href":"https:\/\/www.ilmondodeitreni.it\/blog\/index.php?rest_route=%2Fwp%2Fv2%2Fcomments&post=7978"}],"version-history":[{"count":1,"href":"https:\/\/www.ilmondodeitreni.it\/blog\/index.php?rest_route=\/wp\/v2\/posts\/7978\/revisions"}],"predecessor-version":[{"id":7980,"href":"https:\/\/www.ilmondodeitreni.it\/blog\/index.php?rest_route=\/wp\/v2\/posts\/7978\/revisions\/7980"}],"wp:attachment":[{"href":"https:\/\/www.ilmondodeitreni.it\/blog\/index.php?rest_route=%2Fwp%2Fv2%2Fmedia&parent=7978"}],"wp:term":[{"taxonomy":"category","embeddable":true,"href":"https:\/\/www.ilmondodeitreni.it\/blog\/index.php?rest_route=%2Fwp%2Fv2%2Fcategories&post=7978"},{"taxonomy":"post_tag","embeddable":true,"href":"https:\/\/www.ilmondodeitreni.it\/blog\/index.php?rest_route=%2Fwp%2Fv2%2Ftags&post=7978"}],"curies":[{"name":"wp","href":"https:\/\/api.w.org\/{rel}","templated":true}]}}