{"id":7964,"date":"2018-10-26T03:45:12","date_gmt":"2018-10-26T01:45:12","guid":{"rendered":"http:\/\/www.ilmondodeitreni.it\/blog\/?p=7964"},"modified":"2018-10-26T00:00:47","modified_gmt":"2018-10-25T22:00:47","slug":"bus-vertice-regione-onescarl-miglioramenti-servizio-e-ritorno-abbonamento-settimanale","status":"publish","type":"post","link":"https:\/\/www.ilmondodeitreni.it\/blog\/?p=7964","title":{"rendered":"Bus, vertice Regione-OneScarl: miglioramenti servizio e ritorno abbonamento settimanale"},"content":{"rendered":"<p style=\"text-align: justify;\"><a href=\"http:\/\/www.ilmondodeitreni.it\/blog\/wp-content\/uploads\/2018\/10\/2012_4unitaitaliana.jpg\"><img loading=\"lazy\" decoding=\"async\" class=\"alignleft size-thumbnail wp-image-7965\" src=\"http:\/\/www.ilmondodeitreni.it\/blog\/wp-content\/uploads\/2018\/10\/2012_4unitaitaliana-160x120.jpg\" alt=\"\" width=\"160\" height=\"120\" srcset=\"https:\/\/www.ilmondodeitreni.it\/blog\/wp-content\/uploads\/2018\/10\/2012_4unitaitaliana-160x120.jpg 160w, https:\/\/www.ilmondodeitreni.it\/blog\/wp-content\/uploads\/2018\/10\/2012_4unitaitaliana-200x150.jpg 200w, https:\/\/www.ilmondodeitreni.it\/blog\/wp-content\/uploads\/2018\/10\/2012_4unitaitaliana.jpg 640w, https:\/\/www.ilmondodeitreni.it\/blog\/wp-content\/uploads\/2018\/10\/2012_4unitaitaliana-150x113.jpg 150w\" sizes=\"auto, (max-width: 160px) 100vw, 160px\" \/><\/a>Creare una rete di vendita pi\u00f9 estesa, garantire i biglietti a bordo, reintrodurre l&#8217;abbonamento settimanale, varare un piano di sicurezza e antievasione a bordo dei bus, aggiungere altri 200 nuovi autobus &#8216;ecologici&#8217; alla flotta regionale. Sono queste le novit\u00e0 principali uscite dalla seduta del Comitato tecnico che si \u00e8 riunito nei giorni scorsi ed al quale hanno partecipato la Regione Toscana e la Societ\u00e0 One Scarl, affidataria dei servizi di trasporto pubblico locale per l&#8217;intero bacino toscano. &#8220;Il percorso che abbiamo avviato a inizio anno con la firma del contratto-ponte con One Scarl- spiega l&#8217;assessore regionale ai trasporti Vincenzo Ceccarelli \u2013&nbsp; vede la Regione, in nome e per conto di tutti gli enti locali della Toscana, impegnata in prima persona accanto ai gestori per la qualificazione del servizio di trasporto pubblico su gomma. E&#8217; un lavoro complesso, che ha conosciuto un momento importante nell&#8217;avvio della comunit\u00e0 tariffaria regionale, varata nello scorso mese di luglio. Ci sono state delle storture, come era inevitabile visto che si \u00e8 trattato di un passaggio epocale per il tpl. Grazie ad una difficile ma costante azione di monitoraggio e ascolto dei cittadini abbiamo colto le criticit\u00e0 e stiamo correggendo le storture, dando risposte alle problematiche segnalate dagli utenti e dagli enti locali. Le decisioni che abbiamo assunto nell&#8217;ultimo Comitato Tecnico vanno in questa direzione&#8221;.<\/p>\n<p style=\"text-align: justify;\">Alle aziende di trasporto la Regione ha chiesto il massimo sforzo per qualificare i servizi erogati, a cominciare dalla capillarit\u00e0 delle rete di vendita dei titoli di viaggio e dalla vendita dei biglietti a bordo, con l&#8217;obiettivo di diminuire i disagi per i cittadini che, specialmente nelle aree rurali ed in zone meno densamente abitate hanno difficolt\u00e0 ad acquistare i titoli di viaggio. Inoltre dagli utenti \u00e8 stata segnalata come necessaria la reintroduzione dell&#8217;abbonamento settimanale, utile soprattutto per chi ha contratti lavorativi di breve periodo.<\/p>\n<p style=\"text-align: justify;\">Nel corso del Comitato si \u00e8 discusso anche di Carta Unica Toscana, del Gruppo Fs. La Regione ha chiesto all&#8217;azienda di prevedere l&#8217;utilizzo multiplo del titolo di viaggio (in pratica la possibilit\u00e0 di scalare pi\u00f9 biglietti per pi\u00f9 persone che viaggiano in contemporanea sullo stesso mezzo, ad esempio una famiglia) per chi ha caricato sulla tessera il carnet da 10 corse.<br \/>\nSono state inoltre definite le modalit\u00e0 per il riaccredito di quanto pagato in eccesso dagli utenti che hanno acquistato i biglietti prima delle modifiche tariffarie relative agli abbonamenti annuali del sistema integrato Pegaso. E&#8217; stato concordato che chi ha pagato pi\u00f9 del dovuto avr\u00e0 uno sconto pari alla cifra pagata in pi\u00f9 sull&#8217;abbonamento annuale successivo.<\/p>\n<p style=\"text-align: justify;\">Concordata anche una bozza del Piano di sicurezza ed antievasione a bordo dei bus, che sar\u00e0 cofinanziato da Regione e aziende di trasporto.<\/p>\n<p style=\"text-align: justify;\">Infine la Regione ha confermato la messa a disposizione di circa 10 milioni di euro, cui si aggiungeranno altri 9 milioni di risorse europee del Programma POR, per l&#8217;acquisto di autobus a basso impatto ambientale (elettrici e ibridi). In questo modo ai circa 180 nuovi bus entrati in servizio nel 2018 si aggiungeranno altri 200 autobus ecologici nel 2019.<\/p>\n","protected":false},"excerpt":{"rendered":"<p>Creare una rete di vendita pi\u00f9 estesa, garantire i biglietti a bordo, reintrodurre l&#8217;abbonamento settimanale, varare un piano di sicurezza e antievasione a bordo dei bus, aggiungere altri 200 nuovi autobus &#8216;ecologici&#8217; alla flotta regionale. Sono queste le novit\u00e0 principali uscite dalla seduta del Comitato tecnico che si \u00e8 riunito nei giorni scorsi ed al quale hanno partecipato la Regione Toscana e la Societ\u00e0 One Scarl, affidataria dei servizi di\u2026<\/p>\n<p class=\"continue-reading-button\"> <a class=\"continue-reading-link\" href=\"https:\/\/www.ilmondodeitreni.it\/blog\/?p=7964\">Continua la lettura<i class=\"crycon-right-dir\"><\/i><\/a><\/p>\n","protected":false},"author":3,"featured_media":0,"comment_status":"closed","ping_status":"open","sticky":false,"template":"","format":"standard","meta":{"footnotes":""},"categories":[2],"tags":[4857,4856,192,29,84],"class_list":["post-7964","post","type-post","status-publish","format-standard","hentry","category-news","tag-carta-unica-toscana","tag-one-scarl","tag-regione-toscana","tag-trasporti","tag-vincenzo-ceccarelli"],"_links":{"self":[{"href":"https:\/\/www.ilmondodeitreni.it\/blog\/index.php?rest_route=\/wp\/v2\/posts\/7964","targetHints":{"allow":["GET"]}}],"collection":[{"href":"https:\/\/www.ilmondodeitreni.it\/blog\/index.php?rest_route=\/wp\/v2\/posts"}],"about":[{"href":"https:\/\/www.ilmondodeitreni.it\/blog\/index.php?rest_route=\/wp\/v2\/types\/post"}],"author":[{"embeddable":true,"href":"https:\/\/www.ilmondodeitreni.it\/blog\/index.php?rest_route=\/wp\/v2\/users\/3"}],"replies":[{"embeddable":true,"href":"https:\/\/www.ilmondodeitreni.it\/blog\/index.php?rest_route=%2Fwp%2Fv2%2Fcomments&post=7964"}],"version-history":[{"count":1,"href":"https:\/\/www.ilmondodeitreni.it\/blog\/index.php?rest_route=\/wp\/v2\/posts\/7964\/revisions"}],"predecessor-version":[{"id":7966,"href":"https:\/\/www.ilmondodeitreni.it\/blog\/index.php?rest_route=\/wp\/v2\/posts\/7964\/revisions\/7966"}],"wp:attachment":[{"href":"https:\/\/www.ilmondodeitreni.it\/blog\/index.php?rest_route=%2Fwp%2Fv2%2Fmedia&parent=7964"}],"wp:term":[{"taxonomy":"category","embeddable":true,"href":"https:\/\/www.ilmondodeitreni.it\/blog\/index.php?rest_route=%2Fwp%2Fv2%2Fcategories&post=7964"},{"taxonomy":"post_tag","embeddable":true,"href":"https:\/\/www.ilmondodeitreni.it\/blog\/index.php?rest_route=%2Fwp%2Fv2%2Ftags&post=7964"}],"curies":[{"name":"wp","href":"https:\/\/api.w.org\/{rel}","templated":true}]}}