{"id":7684,"date":"2018-07-10T22:44:46","date_gmt":"2018-07-10T20:44:46","guid":{"rendered":"http:\/\/www.ilmondodeitreni.it\/blog\/?p=7684"},"modified":"2018-07-10T22:44:46","modified_gmt":"2018-07-10T20:44:46","slug":"trenitalia-interrail-pass-gratuiti-a-15mila-diciottenni","status":"publish","type":"post","link":"https:\/\/www.ilmondodeitreni.it\/blog\/?p=7684","title":{"rendered":"Trenitalia\/Interrail: pass gratuiti a 15mila diciottenni"},"content":{"rendered":"<p style=\"text-align: justify;\">Un pass&nbsp;<i>Interrail<\/i>&nbsp;gratuito per viaggiare in Europa consentir\u00e0 a 15mila diciottenni di spostarsi in 30 Paesi con i treni di 35 compagnie ferroviarie.I giovani potranno esplorare il vecchio Continente grazie a DiscoverEU, l\u2019iniziativa dell\u2019Unione Europea lanciata in occasione dell\u2019<a href=\"https:\/\/europa.eu\/cultural-heritage\/about_it\" target=\"_blank\" rel=\"noopener\">Anno europeo del patrimonio culturale<\/a>.In Italia il pass \u00e8 valido a bordo delle&nbsp;<i>Frecce<\/i>&nbsp;e dei treni&nbsp;<i>InterCity<\/i>&nbsp;e Regionali di Trenitalia.<\/p>\n<p style=\"text-align: justify;\">Il Belpaese \u00e8 infatti fra le tre nazioni pi\u00f9 visitate e quattro citt\u00e0 italiane (Roma, Firenze, Venezia e Pisa) sono nella lista delle dieci destinazioni pi\u00f9 gettonate.<\/p>\n<p style=\"text-align: justify;\">Inoltre, per allargare a tutti la possibilit\u00e0 di festeggiare l\u2019Europa,&nbsp;<strong>fino al 16 luglio 2018 una speciale promozione consente di acquistare tutti gli&nbsp;<i>Interrail Global Pass<\/i>&nbsp;con uno sconto del 15%.&nbsp;<br \/>\n<\/strong>La promozione \u00e8 acquistabile<strong>&nbsp;<\/strong>attraverso le biglietterie e agenzie partner di Trenitalia o su<a href=\"http:\/\/www.trenitalia.com\/interrail\" target=\"_blank\" rel=\"noopener\">trenitalia.com<\/a>.<\/p>\n<p style=\"text-align: justify;\"><i>\u201cInterrail ha accolto con grande entusiasmo la meravigliosa opportunit\u00e0 offerta ai giovani diciottenni con l\u2019iniziativa europea&nbsp;<\/i>DiscoverEU<i>&nbsp;<\/i>\u2013 ha commentato&nbsp;<b>Carlo Boselli<\/b>, General Manager di Eurail Group G.I.E. &#8211;&nbsp;<i>e desidera estenderne la portata, dando a tutti l\u2019opportunit\u00e0 di rivivere le emozioni del proprio Interrail o scoprirlo per la prima volta, non solo da ragazzi, ma anche da adulti, insieme alla propria famiglia. La promozione in corso si aggiunge ai vantaggi cui un titolare di Pass ha sempre diritto, come i bambini gratis fino a 11 anni, tariffe agevolate per giovani fino ai 28 anni non compiuti e per senior che hanno gi\u00e0 compiuto i 60 anni\u201d.<\/i><\/p>\n<p style=\"text-align: justify;\">Con il pass europeo si pu\u00f2 viaggiare sulla ferrovia pi\u00f9 alta del Nord Europa, quella di Bergen oppure, con il&nbsp;<i>Golden Pass<\/i>, vivere l\u2019esperienza del treno panoramico che collega il centro della Svizzera con il Lago di Ginevra. Sono previsti inoltre una vasta gamma di extra benefit, compresi sconti fino al 50% sulle&nbsp;<i>City card<\/i>&nbsp;in citt\u00e0 come Barcellona, Bruxelles, Lubiana, Salisburgo fra quelle pi\u00f9 importanti. Una lista completa dei benefit per ogni paese \u00e8 disponibile sull\u2019app gratuita&nbsp;<i>Rail Planner<\/i>.<\/p>\n<p style=\"text-align: justify;\"><i>Interrail<\/i>&nbsp;si conferma cos\u00ec simbolo dell\u2019integrazione europea da oltre 45 anni. Fra i treni tradizionalmente pi\u00f9 amati dai giovani Interrailers spiccano&nbsp;i collegamenti fra Parigi e Amsterdam, che unisce le due citt\u00e0 in poco pi\u00f9 di tre ore, e quelli notturni fra Austria, Germania, Italia e Svizzera, con cuccette e vagoni letto che permettono di percorrere lunghe distanze e arrivare a destinazione riposati.<\/p>\n","protected":false},"excerpt":{"rendered":"<p>Un pass&nbsp;Interrail&nbsp;gratuito per viaggiare in Europa consentir\u00e0 a 15mila diciottenni di spostarsi in 30 Paesi con i treni di 35 compagnie ferroviarie.I giovani potranno esplorare il vecchio Continente grazie a DiscoverEU, l\u2019iniziativa dell\u2019Unione Europea lanciata in occasione dell\u2019Anno europeo del patrimonio culturale.In Italia il pass \u00e8 valido a bordo delle&nbsp;Frecce&nbsp;e dei treni&nbsp;InterCity&nbsp;e Regionali di Trenitalia. Il Belpaese \u00e8 infatti fra le tre nazioni pi\u00f9 visitate e quattro citt\u00e0 italiane (Roma,\u2026<\/p>\n<p class=\"continue-reading-button\"> <a class=\"continue-reading-link\" href=\"https:\/\/www.ilmondodeitreni.it\/blog\/?p=7684\">Continua la lettura<i class=\"crycon-right-dir\"><\/i><\/a><\/p>\n","protected":false},"author":6,"featured_media":0,"comment_status":"open","ping_status":"open","sticky":false,"template":"","format":"standard","meta":{"footnotes":""},"categories":[2],"tags":[4695,4694,2159,4693,5,4692,372,23],"class_list":["post-7684","post","type-post","status-publish","format-standard","hentry","category-news","tag-amsterdam","tag-carlo-boselli","tag-europa","tag-eurorail","tag-ferrovie","tag-interrail","tag-parigi","tag-trenitalia"],"_links":{"self":[{"href":"https:\/\/www.ilmondodeitreni.it\/blog\/index.php?rest_route=\/wp\/v2\/posts\/7684","targetHints":{"allow":["GET"]}}],"collection":[{"href":"https:\/\/www.ilmondodeitreni.it\/blog\/index.php?rest_route=\/wp\/v2\/posts"}],"about":[{"href":"https:\/\/www.ilmondodeitreni.it\/blog\/index.php?rest_route=\/wp\/v2\/types\/post"}],"author":[{"embeddable":true,"href":"https:\/\/www.ilmondodeitreni.it\/blog\/index.php?rest_route=\/wp\/v2\/users\/6"}],"replies":[{"embeddable":true,"href":"https:\/\/www.ilmondodeitreni.it\/blog\/index.php?rest_route=%2Fwp%2Fv2%2Fcomments&post=7684"}],"version-history":[{"count":1,"href":"https:\/\/www.ilmondodeitreni.it\/blog\/index.php?rest_route=\/wp\/v2\/posts\/7684\/revisions"}],"predecessor-version":[{"id":7685,"href":"https:\/\/www.ilmondodeitreni.it\/blog\/index.php?rest_route=\/wp\/v2\/posts\/7684\/revisions\/7685"}],"wp:attachment":[{"href":"https:\/\/www.ilmondodeitreni.it\/blog\/index.php?rest_route=%2Fwp%2Fv2%2Fmedia&parent=7684"}],"wp:term":[{"taxonomy":"category","embeddable":true,"href":"https:\/\/www.ilmondodeitreni.it\/blog\/index.php?rest_route=%2Fwp%2Fv2%2Fcategories&post=7684"},{"taxonomy":"post_tag","embeddable":true,"href":"https:\/\/www.ilmondodeitreni.it\/blog\/index.php?rest_route=%2Fwp%2Fv2%2Ftags&post=7684"}],"curies":[{"name":"wp","href":"https:\/\/api.w.org\/{rel}","templated":true}]}}