{"id":7512,"date":"2018-05-18T21:14:06","date_gmt":"2018-05-18T19:14:06","guid":{"rendered":"http:\/\/www.ilmondodeitreni.it\/blog\/?p=7512"},"modified":"2018-05-20T01:18:24","modified_gmt":"2018-05-19T23:18:24","slug":"ampliamento-dellofferta-tra-svizzera-e-italia","status":"publish","type":"post","link":"https:\/\/www.ilmondodeitreni.it\/blog\/?p=7512","title":{"rendered":"Ampliamento dell\u2019offerta tra Svizzera e Italia"},"content":{"rendered":"<p style=\"text-align: justify;\"><a href=\"http:\/\/www.ilmondodeitreni.it\/blog\/wp-content\/uploads\/2018\/05\/514031_pfaffikon.jpg\"><img loading=\"lazy\" decoding=\"async\" class=\"alignleft size-thumbnail wp-image-7513\" src=\"http:\/\/www.ilmondodeitreni.it\/blog\/wp-content\/uploads\/2018\/05\/514031_pfaffikon-160x120.jpg\" alt=\"\" width=\"160\" height=\"120\" srcset=\"https:\/\/www.ilmondodeitreni.it\/blog\/wp-content\/uploads\/2018\/05\/514031_pfaffikon-160x120.jpg 160w, https:\/\/www.ilmondodeitreni.it\/blog\/wp-content\/uploads\/2018\/05\/514031_pfaffikon-200x150.jpg 200w, https:\/\/www.ilmondodeitreni.it\/blog\/wp-content\/uploads\/2018\/05\/514031_pfaffikon-300x225.jpg 300w, https:\/\/www.ilmondodeitreni.it\/blog\/wp-content\/uploads\/2018\/05\/514031_pfaffikon-150x113.jpg 150w, https:\/\/www.ilmondodeitreni.it\/blog\/wp-content\/uploads\/2018\/05\/514031_pfaffikon.jpg 640w\" sizes=\"auto, (max-width: 160px) 100vw, 160px\" \/><\/a>Con il rinnovo dell\u2019accordo di cooperazione per i prossimi 10 anni, Trenitalia e FFS Viaggiatori confermano a lungo termine la buona collaborazione che intercorre tra le due aziende. I collegamenti comuni tra la Svizzera e l\u2019Italia nei prossimi anni saranno migliorati e incrementati. In vista dell\u2019orario 2020, l\u2019offerta sull\u2019asse del L\u00f6tschberg (Basilea &#8211; Berna &#8211; Milano) sar\u00e0 ampliata da 3 a 4 coppie di treni. Con lo sviluppo del mercato sar\u00e0 valutata l&#8217;opzione di introdurre una quinta coppia di treni.&nbsp;Entro l\u2019orario 2021, in concomitanza con l\u2019apertura della Galleria di base del Monte Ceneri, il tempo di percorrenza tra Zurigo e Milano sar\u00e0 ridotto da 3 ore e 30 minuti a 3 ore e l\u2019offerta ampliata da 8 a 10 coppie di treni al giorno. Sono inoltre previsti nuovi collegamenti diretti verso Genova e Bologna. Da Basilea a Milano, via Lucerna, saranno offerti 2 nuovi collegamenti al giorno (attualmente \u00e8 operativo un solo collegamento). I treni tri-nazionali (Germania, Svizzera e Italia) da Francoforte a Milano continueranno a circolare.&nbsp;Tra Zurigo e Milano circoleranno in futuro esclusivamente i nuovi treni Giruno di Stadler. Tra Basilea, Berna e Milano, cos\u00ec come tra Ginevra, Losanna e Milano, circoleranno anche in futuro i treni pendolino del tipo Astoro\/ETR 610. Tra Basilea, Lucerna e Milano saranno impiegate entrambe le tipologie di treni.<\/p>\n<p>Nel complesso le parti confermano la reciproca soddisfazione per quanto concordato oggi e sottolineano come l\u2019importante collaborazione tra Svizzera e Italia contribuir\u00e0 a rafforzare ancor di pi\u00f9 l\u2019integrazione del sistema ferroviario.<\/p>\n","protected":false},"excerpt":{"rendered":"<p>Con il rinnovo dell\u2019accordo di cooperazione per i prossimi 10 anni, Trenitalia e FFS Viaggiatori confermano a lungo termine la buona collaborazione che intercorre tra le due aziende. I collegamenti comuni tra la Svizzera e l\u2019Italia nei prossimi anni saranno migliorati e incrementati. In vista dell\u2019orario 2020, l\u2019offerta sull\u2019asse del L\u00f6tschberg (Basilea &#8211; Berna &#8211; Milano) sar\u00e0 ampliata da 3 a 4 coppie di treni. Con lo sviluppo del mercato\u2026<\/p>\n<p class=\"continue-reading-button\"> <a class=\"continue-reading-link\" href=\"https:\/\/www.ilmondodeitreni.it\/blog\/?p=7512\">Continua la lettura<i class=\"crycon-right-dir\"><\/i><\/a><\/p>\n","protected":false},"author":12,"featured_media":0,"comment_status":"closed","ping_status":"open","sticky":false,"template":"","format":"standard","meta":{"footnotes":""},"categories":[11],"tags":[129,5,4644,3560,2837,3224,59,37,23,56],"class_list":["post-7512","post","type-post","status-publish","format-standard","hentry","category-news-estero","tag-basilea","tag-ferrovie","tag-ffs-viaggiatori","tag-galleria-di-base-del-monte-ceneri","tag-lotschberg","tag-lucerna","tag-milano","tag-svizzera","tag-trenitalia","tag-zurigo"],"_links":{"self":[{"href":"https:\/\/www.ilmondodeitreni.it\/blog\/index.php?rest_route=\/wp\/v2\/posts\/7512","targetHints":{"allow":["GET"]}}],"collection":[{"href":"https:\/\/www.ilmondodeitreni.it\/blog\/index.php?rest_route=\/wp\/v2\/posts"}],"about":[{"href":"https:\/\/www.ilmondodeitreni.it\/blog\/index.php?rest_route=\/wp\/v2\/types\/post"}],"author":[{"embeddable":true,"href":"https:\/\/www.ilmondodeitreni.it\/blog\/index.php?rest_route=\/wp\/v2\/users\/12"}],"replies":[{"embeddable":true,"href":"https:\/\/www.ilmondodeitreni.it\/blog\/index.php?rest_route=%2Fwp%2Fv2%2Fcomments&post=7512"}],"version-history":[{"count":1,"href":"https:\/\/www.ilmondodeitreni.it\/blog\/index.php?rest_route=\/wp\/v2\/posts\/7512\/revisions"}],"predecessor-version":[{"id":7514,"href":"https:\/\/www.ilmondodeitreni.it\/blog\/index.php?rest_route=\/wp\/v2\/posts\/7512\/revisions\/7514"}],"wp:attachment":[{"href":"https:\/\/www.ilmondodeitreni.it\/blog\/index.php?rest_route=%2Fwp%2Fv2%2Fmedia&parent=7512"}],"wp:term":[{"taxonomy":"category","embeddable":true,"href":"https:\/\/www.ilmondodeitreni.it\/blog\/index.php?rest_route=%2Fwp%2Fv2%2Fcategories&post=7512"},{"taxonomy":"post_tag","embeddable":true,"href":"https:\/\/www.ilmondodeitreni.it\/blog\/index.php?rest_route=%2Fwp%2Fv2%2Ftags&post=7512"}],"curies":[{"name":"wp","href":"https:\/\/api.w.org\/{rel}","templated":true}]}}