{"id":7492,"date":"2018-05-13T23:49:27","date_gmt":"2018-05-13T21:49:27","guid":{"rendered":"http:\/\/www.ilmondodeitreni.it\/blog\/?p=7492"},"modified":"2018-05-13T23:55:22","modified_gmt":"2018-05-13T21:55:22","slug":"rfi-melfi-al-via-i-lavori-di-ammodernamento-della-stazione","status":"publish","type":"post","link":"https:\/\/www.ilmondodeitreni.it\/blog\/?p=7492","title":{"rendered":"RFI, Melfi: al via i lavori di ammodernamento della stazione"},"content":{"rendered":"<p style=\"text-align: justify;\"><a href=\"http:\/\/www.ilmondodeitreni.it\/blog\/wp-content\/uploads\/2018\/05\/9984_088sangiovannididio.jpg\"><img loading=\"lazy\" decoding=\"async\" class=\"alignleft size-thumbnail wp-image-7444\" src=\"http:\/\/www.ilmondodeitreni.it\/blog\/wp-content\/uploads\/2018\/05\/9984_088sangiovannididio-160x90.jpg\" alt=\"\" width=\"160\" height=\"90\" srcset=\"https:\/\/www.ilmondodeitreni.it\/blog\/wp-content\/uploads\/2018\/05\/9984_088sangiovannididio-160x90.jpg 160w, https:\/\/www.ilmondodeitreni.it\/blog\/wp-content\/uploads\/2018\/05\/9984_088sangiovannididio-640x359.jpg 640w, https:\/\/www.ilmondodeitreni.it\/blog\/wp-content\/uploads\/2018\/05\/9984_088sangiovannididio-768x431.jpg 768w, https:\/\/www.ilmondodeitreni.it\/blog\/wp-content\/uploads\/2018\/05\/9984_088sangiovannididio-250x140.jpg 250w, https:\/\/www.ilmondodeitreni.it\/blog\/wp-content\/uploads\/2018\/05\/9984_088sangiovannididio-300x168.jpg 300w, https:\/\/www.ilmondodeitreni.it\/blog\/wp-content\/uploads\/2018\/05\/9984_088sangiovannididio-150x84.jpg 150w, https:\/\/www.ilmondodeitreni.it\/blog\/wp-content\/uploads\/2018\/05\/9984_088sangiovannididio.jpg 800w\" sizes=\"auto, (max-width: 160px) 100vw, 160px\" \/><\/a>Partir\u00e0 luned\u00ec 14 e si concluder\u00e0 domenica 27 maggio, la prima fase dei lavori di ammodernamento della stazione di Melfi. Rete Ferroviaria Italiana realizzer\u00e0 modifiche al piano dei binari che consentiranno di velocizzare gli incroci dei treni e quindi una gestione pi\u00f9 flessibile degli orari.&nbsp; Saranno inoltre innalzati i marciapiedi a 55 cm &#8211; lo standard europeo previsto per i servizi ferroviari metropolitani per agevolare l\u2019accesso ai treni &#8211; attivato un sottopassaggio pedonale e installati ascensori per migliorare l\u2019accessibilit\u00e0.<\/p>\n<p>Gli interventi saranno completati entro fine 2018. Investimento 800mila euro.<\/p>\n<p style=\"text-align: justify;\">Per garantire l\u2019operativit\u00e0 del cantiere, nelle prossime due settimane, sulla linea Foggia-Potenza saranno riprogrammati i servizi ferroviari. I treni saranno sostituiti con bus; quelli in circolazione potranno allungare i tempi di viaggio di circa dieci minuti.&nbsp;<\/p>\n","protected":false},"excerpt":{"rendered":"<p>Partir\u00e0 luned\u00ec 14 e si concluder\u00e0 domenica 27 maggio, la prima fase dei lavori di ammodernamento della stazione di Melfi. Rete Ferroviaria Italiana realizzer\u00e0 modifiche al piano dei binari che consentiranno di velocizzare gli incroci dei treni e quindi una gestione pi\u00f9 flessibile degli orari.&nbsp; Saranno inoltre innalzati i marciapiedi a 55 cm &#8211; lo standard europeo previsto per i servizi ferroviari metropolitani per agevolare l\u2019accesso ai treni &#8211; attivato\u2026<\/p>\n<p class=\"continue-reading-button\"> <a class=\"continue-reading-link\" href=\"https:\/\/www.ilmondodeitreni.it\/blog\/?p=7492\">Continua la lettura<i class=\"crycon-right-dir\"><\/i><\/a><\/p>\n","protected":false},"author":4,"featured_media":0,"comment_status":"closed","ping_status":"open","sticky":false,"template":"","format":"standard","meta":{"footnotes":""},"categories":[2],"tags":[4637,480,23],"class_list":["post-7492","post","type-post","status-publish","format-standard","hentry","category-news","tag-linea-foggia-potenza","tag-melfi","tag-trenitalia"],"_links":{"self":[{"href":"https:\/\/www.ilmondodeitreni.it\/blog\/index.php?rest_route=\/wp\/v2\/posts\/7492","targetHints":{"allow":["GET"]}}],"collection":[{"href":"https:\/\/www.ilmondodeitreni.it\/blog\/index.php?rest_route=\/wp\/v2\/posts"}],"about":[{"href":"https:\/\/www.ilmondodeitreni.it\/blog\/index.php?rest_route=\/wp\/v2\/types\/post"}],"author":[{"embeddable":true,"href":"https:\/\/www.ilmondodeitreni.it\/blog\/index.php?rest_route=\/wp\/v2\/users\/4"}],"replies":[{"embeddable":true,"href":"https:\/\/www.ilmondodeitreni.it\/blog\/index.php?rest_route=%2Fwp%2Fv2%2Fcomments&post=7492"}],"version-history":[{"count":2,"href":"https:\/\/www.ilmondodeitreni.it\/blog\/index.php?rest_route=\/wp\/v2\/posts\/7492\/revisions"}],"predecessor-version":[{"id":7494,"href":"https:\/\/www.ilmondodeitreni.it\/blog\/index.php?rest_route=\/wp\/v2\/posts\/7492\/revisions\/7494"}],"wp:attachment":[{"href":"https:\/\/www.ilmondodeitreni.it\/blog\/index.php?rest_route=%2Fwp%2Fv2%2Fmedia&parent=7492"}],"wp:term":[{"taxonomy":"category","embeddable":true,"href":"https:\/\/www.ilmondodeitreni.it\/blog\/index.php?rest_route=%2Fwp%2Fv2%2Fcategories&post=7492"},{"taxonomy":"post_tag","embeddable":true,"href":"https:\/\/www.ilmondodeitreni.it\/blog\/index.php?rest_route=%2Fwp%2Fv2%2Ftags&post=7492"}],"curies":[{"name":"wp","href":"https:\/\/api.w.org\/{rel}","templated":true}]}}