{"id":7447,"date":"2018-05-04T00:03:20","date_gmt":"2018-05-03T22:03:20","guid":{"rendered":"http:\/\/www.ilmondodeitreni.it\/blog\/?p=7447"},"modified":"2018-05-04T00:03:20","modified_gmt":"2018-05-03T22:03:20","slug":"mi-co-tra-dal-2-giugno-estensione-sperimentale-del-servizio-da-villach-al-polo-intermodale-trieste-airport-e-alla-stazione-di-trieste","status":"publish","type":"post","link":"https:\/\/www.ilmondodeitreni.it\/blog\/?p=7447","title":{"rendered":"Mi.Co.Tra.: dal 2 giugno estensione sperimentale del servizio da Villach al polo intermodale Trieste Airport e alla stazione di Trieste"},"content":{"rendered":"<p style=\"text-align: justify;\"><a href=\"http:\/\/www.ilmondodeitreni.it\/blog\/wp-content\/uploads\/2015\/05\/60590_1micotra28mag15.jpg\"><img loading=\"lazy\" decoding=\"async\" class=\"alignleft size-thumbnail wp-image-2220\" src=\"http:\/\/www.ilmondodeitreni.it\/blog\/wp-content\/uploads\/2015\/05\/60590_1micotra28mag15-160x106.jpg\" alt=\"\" width=\"160\" height=\"106\" srcset=\"https:\/\/www.ilmondodeitreni.it\/blog\/wp-content\/uploads\/2015\/05\/60590_1micotra28mag15-160x106.jpg 160w, https:\/\/www.ilmondodeitreni.it\/blog\/wp-content\/uploads\/2015\/05\/60590_1micotra28mag15-640x426.jpg 640w, https:\/\/www.ilmondodeitreni.it\/blog\/wp-content\/uploads\/2015\/05\/60590_1micotra28mag15-1024x681.jpg 1024w, https:\/\/www.ilmondodeitreni.it\/blog\/wp-content\/uploads\/2015\/05\/60590_1micotra28mag15-226x150.jpg 226w, https:\/\/www.ilmondodeitreni.it\/blog\/wp-content\/uploads\/2015\/05\/60590_1micotra28mag15-150x100.jpg 150w\" sizes=\"auto, (max-width: 160px) 100vw, 160px\" \/><\/a>Sar\u00e0 attiva dal 2 giugno l\u2019estensione sperimentale del servizio Mi.Co.Tra. da Villach fino al polo intermodale di Trieste Airport e alla stazione di Trieste. Tale prolungamento si articoler\u00e0 su due treni A\/R e sar\u00e0 attivo il sabato, la domenica e i giorni festivi, mentre proseguir\u00e0 nelle altre giornate il servizio giornaliero Udine-Villach. Questo nuovo collegamento con Trieste Airport si aggiunge ai 54 treni che gi\u00e0 collegano giornalmente la fermata aeroportuale. L\u2019iniziativa sar\u00e0 realizzata grazie alla partecipazione della Societ\u00e0 Ferrovie Udine Cividale, in qualit\u00e0 di partner, al Progetto CONNECT2CE (Priority 4: Cooperating on transport to better connect CENTRAL EUROPE). L\u2019Amministratore Unico di Societ\u00e0 Ferrovie Udine Cividale, Maurizio Ionico, evidenzia la connotazione bikefriendly che contraddistingue il servizio Mi.Co.Tra, \u201cGrazie ad un bagagliaio con una capienza di 100 cicli e a personale plurilingue dedicato al carico e allo scarico di biciclette, questo servizio ha registrato importati risultati. In particolare, nel corso del 2017, sulla tratta nazionale interessata dalla ciclovia Alpe Adria, la crescita si \u00e8 attestata al 7% di passeggeri trasportati e al 16,7% delle biciclette caricate. In questo senso, la fermata Trieste Airport risulter\u00e0 presto una tappa obbligata per chi vorr\u00e0 cogliere l\u2019opportunit\u00e0 di estendere alla costa gradese l\u2019esperienza della ciclovia Alpe Adria\u201d.<\/p>\n<p style=\"text-align: justify;\">Il Comune di Ronchi ha infatti recentemente ottenuto l\u2019approvazione per la realizzazione<br \/>\ndel collegamento diretto di Trieste Airport alla ciclabile per Fossalon-Grado. Un\u2019opzione di<br \/>\nvacanza che non mancher\u00e0 di catturare l\u2019attenzione dei turisti in arrivo in regione con i voli dal nord Europa, che avranno la possibilit\u00e0 di scendere dall\u2019aereo, o dal treno, e salire<br \/>\ndirettamente in sella verso le nostre spiagge.<\/p>\n<p style=\"text-align: justify;\">\u201cQuesto nuovo collegamento ferroviario da e per Trieste Airport \u00e8 particolarmente significativo, perch\u00e9 rappresenta in modo eccellente i benefici dell\u2019intermodalit\u00e0 per la mobilit\u00e0 regionale e per l\u2019incremento dell\u2019incoming turistico di prossimit\u00e0 e di lungo raggio che il nostro aeroporto pu\u00f2 sempre pi\u00f9 favorire\u201d \u00e8 il commento del Direttore Generale di Trieste Airport Marco Consalvo.<\/p>\n","protected":false},"excerpt":{"rendered":"<p>Sar\u00e0 attiva dal 2 giugno l\u2019estensione sperimentale del servizio Mi.Co.Tra. da Villach fino al polo intermodale di Trieste Airport e alla stazione di Trieste. Tale prolungamento si articoler\u00e0 su due treni A\/R e sar\u00e0 attivo il sabato, la domenica e i giorni festivi, mentre proseguir\u00e0 nelle altre giornate il servizio giornaliero Udine-Villach. Questo nuovo collegamento con Trieste Airport si aggiunge ai 54 treni che gi\u00e0 collegano giornalmente la fermata aeroportuale.\u2026<\/p>\n<p class=\"continue-reading-button\"> <a class=\"continue-reading-link\" href=\"https:\/\/www.ilmondodeitreni.it\/blog\/?p=7447\">Continua la lettura<i class=\"crycon-right-dir\"><\/i><\/a><\/p>\n","protected":false},"author":7,"featured_media":0,"comment_status":"closed","ping_status":"open","sticky":false,"template":"","format":"standard","meta":{"footnotes":""},"categories":[2],"tags":[3280,5,573,4620,2578,868,4619,4618,2265],"class_list":["post-7447","post","type-post","status-publish","format-standard","hentry","category-news","tag-ciclovia-alpe-adria","tag-ferrovie","tag-ferrovie-udine-cividale","tag-marco-consalvo","tag-maurizio-ionico","tag-mi-co-tra","tag-progetto-connect2ce","tag-trieste-airport","tag-villach"],"_links":{"self":[{"href":"https:\/\/www.ilmondodeitreni.it\/blog\/index.php?rest_route=\/wp\/v2\/posts\/7447","targetHints":{"allow":["GET"]}}],"collection":[{"href":"https:\/\/www.ilmondodeitreni.it\/blog\/index.php?rest_route=\/wp\/v2\/posts"}],"about":[{"href":"https:\/\/www.ilmondodeitreni.it\/blog\/index.php?rest_route=\/wp\/v2\/types\/post"}],"author":[{"embeddable":true,"href":"https:\/\/www.ilmondodeitreni.it\/blog\/index.php?rest_route=\/wp\/v2\/users\/7"}],"replies":[{"embeddable":true,"href":"https:\/\/www.ilmondodeitreni.it\/blog\/index.php?rest_route=%2Fwp%2Fv2%2Fcomments&post=7447"}],"version-history":[{"count":1,"href":"https:\/\/www.ilmondodeitreni.it\/blog\/index.php?rest_route=\/wp\/v2\/posts\/7447\/revisions"}],"predecessor-version":[{"id":7448,"href":"https:\/\/www.ilmondodeitreni.it\/blog\/index.php?rest_route=\/wp\/v2\/posts\/7447\/revisions\/7448"}],"wp:attachment":[{"href":"https:\/\/www.ilmondodeitreni.it\/blog\/index.php?rest_route=%2Fwp%2Fv2%2Fmedia&parent=7447"}],"wp:term":[{"taxonomy":"category","embeddable":true,"href":"https:\/\/www.ilmondodeitreni.it\/blog\/index.php?rest_route=%2Fwp%2Fv2%2Fcategories&post=7447"},{"taxonomy":"post_tag","embeddable":true,"href":"https:\/\/www.ilmondodeitreni.it\/blog\/index.php?rest_route=%2Fwp%2Fv2%2Ftags&post=7447"}],"curies":[{"name":"wp","href":"https:\/\/api.w.org\/{rel}","templated":true}]}}