{"id":7218,"date":"2018-03-25T09:04:01","date_gmt":"2018-03-25T07:04:01","guid":{"rendered":"http:\/\/www.ilmondodeitreni.it\/blog\/?p=7218"},"modified":"2018-03-25T09:04:01","modified_gmt":"2018-03-25T07:04:01","slug":"vicenza-svt-acquistera-16-mezzi-elettrici-per-il-tpl-con-i-19-milioni-di-finanziamento-ministeriale","status":"publish","type":"post","link":"https:\/\/www.ilmondodeitreni.it\/blog\/?p=7218","title":{"rendered":"Vicenza: Svt Acquister\u00e0 16 Mezzi Elettrici Per Il TPL Con I 19 Milioni Di Finanziamento Ministeriale"},"content":{"rendered":"<p style=\"text-align: justify;\"><a href=\"http:\/\/www.ilmondodeitreni.it\/blog\/wp-content\/uploads\/2017\/08\/1661_2930piazzamedagliedoro.jpg\"><img loading=\"lazy\" decoding=\"async\" class=\"alignleft size-thumbnail wp-image-6348\" src=\"http:\/\/www.ilmondodeitreni.it\/blog\/wp-content\/uploads\/2017\/08\/1661_2930piazzamedagliedoro-160x120.jpg\" alt=\"\" width=\"160\" height=\"120\" srcset=\"https:\/\/www.ilmondodeitreni.it\/blog\/wp-content\/uploads\/2017\/08\/1661_2930piazzamedagliedoro-160x120.jpg 160w, https:\/\/www.ilmondodeitreni.it\/blog\/wp-content\/uploads\/2017\/08\/1661_2930piazzamedagliedoro-200x150.jpg 200w, https:\/\/www.ilmondodeitreni.it\/blog\/wp-content\/uploads\/2017\/08\/1661_2930piazzamedagliedoro-300x225.jpg 300w, https:\/\/www.ilmondodeitreni.it\/blog\/wp-content\/uploads\/2017\/08\/1661_2930piazzamedagliedoro-150x113.jpg 150w, https:\/\/www.ilmondodeitreni.it\/blog\/wp-content\/uploads\/2017\/08\/1661_2930piazzamedagliedoro.jpg 640w\" sizes=\"auto, (max-width: 160px) 100vw, 160px\" \/><\/a>Sar\u00e0 Svt ad acquistare e a gestire, per conto del Comune di Vicenza, i 16 mezzi della nuova linea elettrica del trasporto pubblico locale, grazie al contributo di 19 milioni di euro concesso dal Ministero delle infrastrutture e dei trasporti.L\u2019individuazione della Societ\u00e0 Vicentina Trasporti, azienda in house affidataria del contratto di servizio del tpl di Vicenza, quale soggetto attuatore della fornitura e messa in esercizio dei veicoli elettrici, \u00e8 stata infatti compiuta dalla giunta comunale e a brevissimo&nbsp; approder\u00e0 in consiglio comunale.\u201cSi tratta \u2013 dichiara il sindaco Achille Variati \u2013 di un nuovo importante passaggio che facciamo per assicurare alla citt\u00e0 di Vicenza un sistema di trasporto pubblico assolutamente innovativo ed ecologico, a costo zero per la comunit\u00e0 locale. Se, infatti, l\u2019infrastruttura della nuova linea urbana a trazione elettrica sar\u00e0 totalmente a carico dello Stato, che la realizzer\u00e0 nell\u2019ambito delle opere connesse all\u2019attraversamento di Vicenza della linea alta velocit\u00e0 alta capacit\u00e0 ferroviaria, l\u2019acquisizione dei mezzi avverr\u00e0 grazie ai 19 milioni di euro del Ministero delle infrastrutture e dei trasporti\u201d.<\/p>\n<p>\u201cQuesto finanziamento \u2013 aggiunge l\u2019assessore alla progettazione e sostenibilit\u00e0 urbana Antonio Dalla Pozza \u2013 \u00e8 il coronamento di una programmazione iniziata con il Pum, cio\u00e8 il Piano urbano della mobilit\u00e0 approvato nel 2012, che ha visto mettere al primo posto delle modalit\u00e0 di spostamento il trasporto pubblico, passando attraverso i finanziamenti del Bando periferie, che determineranno quest\u2019anno l\u2019avvio del servizio a chiamata diurno per le frazioni e le aree meno servite, e delle risorse del Por Fesr, mediante le quali saranno acquistati entro quest\u2019anno 21 mezzi a basso impatto che consentiranno di dismettere gli autobus pi\u00f9 obsoleti e inquinanti ancora in circolazione\u201d.Il nuovo sistema ad alta mobilit\u00e0 con alimentazione elettrica collegher\u00e0 i quadranti ovest ed est della citt\u00e0, e i relativi parcheggi di interscambio, con la stazione dei treni di viale&nbsp; Roma.<\/p>\n<p style=\"text-align: justify;\">&nbsp;<\/p>\n","protected":false},"excerpt":{"rendered":"<p>Sar\u00e0 Svt ad acquistare e a gestire, per conto del Comune di Vicenza, i 16 mezzi della nuova linea elettrica del trasporto pubblico locale, grazie al contributo di 19 milioni di euro concesso dal Ministero delle infrastrutture e dei trasporti.L\u2019individuazione della Societ\u00e0 Vicentina Trasporti, azienda in house affidataria del contratto di servizio del tpl di Vicenza, quale soggetto attuatore della fornitura e messa in esercizio dei veicoli elettrici, \u00e8 stata\u2026<\/p>\n<p class=\"continue-reading-button\"> <a class=\"continue-reading-link\" href=\"https:\/\/www.ilmondodeitreni.it\/blog\/?p=7218\">Continua la lettura<i class=\"crycon-right-dir\"><\/i><\/a><\/p>\n","protected":false},"author":2,"featured_media":0,"comment_status":"closed","ping_status":"open","sticky":false,"template":"","format":"standard","meta":{"footnotes":""},"categories":[2],"tags":[69,4547,29,1867],"class_list":["post-7218","post","type-post","status-publish","format-standard","hentry","category-news","tag-mobilita","tag-svt","tag-trasporti","tag-vicenza"],"_links":{"self":[{"href":"https:\/\/www.ilmondodeitreni.it\/blog\/index.php?rest_route=\/wp\/v2\/posts\/7218","targetHints":{"allow":["GET"]}}],"collection":[{"href":"https:\/\/www.ilmondodeitreni.it\/blog\/index.php?rest_route=\/wp\/v2\/posts"}],"about":[{"href":"https:\/\/www.ilmondodeitreni.it\/blog\/index.php?rest_route=\/wp\/v2\/types\/post"}],"author":[{"embeddable":true,"href":"https:\/\/www.ilmondodeitreni.it\/blog\/index.php?rest_route=\/wp\/v2\/users\/2"}],"replies":[{"embeddable":true,"href":"https:\/\/www.ilmondodeitreni.it\/blog\/index.php?rest_route=%2Fwp%2Fv2%2Fcomments&post=7218"}],"version-history":[{"count":1,"href":"https:\/\/www.ilmondodeitreni.it\/blog\/index.php?rest_route=\/wp\/v2\/posts\/7218\/revisions"}],"predecessor-version":[{"id":7219,"href":"https:\/\/www.ilmondodeitreni.it\/blog\/index.php?rest_route=\/wp\/v2\/posts\/7218\/revisions\/7219"}],"wp:attachment":[{"href":"https:\/\/www.ilmondodeitreni.it\/blog\/index.php?rest_route=%2Fwp%2Fv2%2Fmedia&parent=7218"}],"wp:term":[{"taxonomy":"category","embeddable":true,"href":"https:\/\/www.ilmondodeitreni.it\/blog\/index.php?rest_route=%2Fwp%2Fv2%2Fcategories&post=7218"},{"taxonomy":"post_tag","embeddable":true,"href":"https:\/\/www.ilmondodeitreni.it\/blog\/index.php?rest_route=%2Fwp%2Fv2%2Ftags&post=7218"}],"curies":[{"name":"wp","href":"https:\/\/api.w.org\/{rel}","templated":true}]}}